{"id":728,"date":"2018-02-28T14:52:26","date_gmt":"2018-02-28T17:52:26","guid":{"rendered":"http:\/\/www.comuna13online.com.ar\/?p=728"},"modified":"2018-02-28T14:52:26","modified_gmt":"2018-02-28T17:52:26","slug":"vuelta-al-cole-campana-de-vacunacion-gratuita-del-gobierno-de-la-ciudad","status":"publish","type":"post","link":"https:\/\/www.comuna13online.com.ar\/?p=728","title":{"rendered":"Vuelta al Cole! Campa\u00f1a de vacunaci\u00f3n gratuita del Gobierno de la Ciudad"},"content":{"rendered":"<p>El Gobierno lanz\u00f3 la campa\u00f1a Vuelta al Cole, para vacunar gratuitamente\u00a0en las\u00a0Estaciones Saludables a todos los chicos de 5, 6, 11 y 12 a\u00f1os que empiezan las clases.<\/p>\n<p>Con motivo del comienzo de un nuevo ciclo lectivo en la Ciudad, el Gobierno porte\u00f1o lanz\u00f3 la campa\u00f1a gratuita de vacunaci\u00f3n Vuelta al Cole, que tiene como objetivo inmunizar a los ni\u00f1os y prevenir futuras enfermedades.<\/p>\n<p>Los ni\u00f1os entre 5 y 6 a\u00f1os con la vacuna Triple bacteriana\u00a0(Difteria, Pertussis, T\u00e9tanos),\u00a0Sabin bivalente\u00a0(Polio virus 1 y 3) y\/o\u00a0Triple viral (Sarampi\u00f3n, Rubeola y Parotiditis).<\/p>\n<p>En tanto que los chicos entre los 11 y 12 a\u00f1os que hayan nacido luego de enero de 2016 se vacunar\u00e1n contra el HPV, Antimeningoc\u00f3ccica y\/o Triple acelular adultos (Difteria, T\u00e9tanos y Coqueluche).<\/p>\n<p>Las vacunas se aplicar\u00e1n todos los d\u00edas de la semana en\u00a0las Estaciones Saludables con el calendario de vacunaci\u00f3n.<\/p>\n<h4><strong>Estaciones Saludables habilitadas:<\/strong><\/h4>\n<h3><strong>Parque Centenario<\/strong><\/h3>\n<ul>\n<li>Lunes a viernes de 8 a 12.30 horas y 14.30 a 18.30 horas<\/li>\n<li>S\u00e1bados, domingos y feriados: de 9 a 19 horas<\/li>\n<\/ul>\n<p>Antonio Machado y Leopoldo Marechal<\/p>\n<p><iframe loading=\"lazy\" style=\"border: 0;\" src=\"https:\/\/www.google.com\/maps\/embed?pb=!1m18!1m12!1m3!1d3283.91028063647!2d-58.44087998509531!3d-34.60643016514795!2m3!1f0!2f0!3f0!3m2!1i1024!2i768!4f13.1!3m3!1m2!1s0x95bcca6ce0171db7%3A0xd35bd4387bf4756f!2sAntonio+Machado+%26+Leopoldo+Marechal%2C+C1414+CABA!5e0!3m2!1ses!2sar!4v1519839101118\" width=\"300\" height=\"250\" frameborder=\"0\" allowfullscreen=\"allowfullscreen\"><\/iframe><\/p>\n<p><strong>Transportes Cercanos:<\/strong><br \/>\nColectivos:\u00a015, 19, 24, 36, 55, 65, 71, 90, 92, 99, 105, 109, 112, 124, 127, 141, 146<br \/>\nSubte: Estaci\u00f3n Angel Gallardo de la L\u00ednea B<\/p>\n<h3><strong>Parque Chacabuco<\/strong><\/h3>\n<ul>\n<li>Lunes a viernes de 8 a 12 horas y 14.30 a 18.30 horas<\/li>\n<li>S\u00e1bados, domingos y feriados: de 9 a 18 horas<\/li>\n<\/ul>\n<p>Emilio Mitre y Av. Asamblea<\/p>\n<p><iframe loading=\"lazy\" style=\"border: 0;\" src=\"https:\/\/www.google.com\/maps\/embed?pb=!1m18!1m12!1m3!1d3282.770465376377!2d-58.44105438509418!3d-34.635240366673045!2m3!1f0!2f0!3f0!3m2!1i1024!2i768!4f13.1!3m3!1m2!1s0x95bccbb56ae3b269%3A0xf425320e5dbc482f!2sEmilio+Mitre+%26+Av.+Asamblea%2C+C1424+CABA!5e0!3m2!1ses!2sar!4v1519839165178\" width=\"300\" height=\"250\" frameborder=\"0\" allowfullscreen=\"allowfullscreen\"><\/iframe><\/p>\n<p><strong>Transportes cercanos:<br \/>\n<\/strong>Colectivos: 4, 7, 8, 26, 42, 46, 53, 56, 57, 86, 88, 91, 96, 97, 103, 134, 195<br \/>\nSubte: Estaci\u00f3n Emilio Mitre de la L\u00ednea E<\/p>\n<h3><strong>Plaza Rub\u00e9n Dar\u00edo<\/strong><\/h3>\n<ul>\n<li>Lunes a viernes de 8 a 21 horas<\/li>\n<li>S\u00e1bados, domingos y feriados: de 9 a 18 horas<\/li>\n<\/ul>\n<p>Av. Del Libertador y Dr. Luis Agote<\/p>\n<p><iframe loading=\"lazy\" style=\"border: 0;\" src=\"https:\/\/www.google.com\/maps\/embed?pb=!1m18!1m12!1m3!1d3284.7959357814398!2d-58.396142185096025!3d-34.584029663962994!2m3!1f0!2f0!3f0!3m2!1i1024!2i768!4f13.1!3m3!1m2!1s0x95bccaa1d04be497%3A0x69343e56cea3d7fc!2sDr.+Luis+Agote+%26+Av.+del+Libertador%2C+Buenos+Aires!5e0!3m2!1ses!2sar!4v1519839190410\" width=\"300\" height=\"250\" frameborder=\"0\" allowfullscreen=\"allowfullscreen\"><\/iframe><\/p>\n<p><strong>Transportes Cercanos:<br \/>\n<\/strong>Colectivos:\u00a017, 61, 62, 67, 92, 93, 110, 124, 130<\/p>\n<h3><strong>Parque Patricios<\/strong><\/h3>\n<ul>\n<li>Lunes a viernes de 8 a 18 horas<\/li>\n<li>S\u00e1bados, domingos y feriados: de 9 a 18 horas<\/li>\n<\/ul>\n<p>Patagones y Monteagudo<\/p>\n<p><iframe loading=\"lazy\" style=\"border: 0;\" src=\"https:\/\/www.google.com\/maps\/embed?pb=!1m18!1m12!1m3!1d3282.6486812488733!2d-58.40757008509414!3d-34.638317366836!2m3!1f0!2f0!3f0!3m2!1i1024!2i768!4f13.1!3m3!1m2!1s0x95bccb11e44b38d9%3A0xf109219deffcf9fc!2sPatagones+%26+Monteagudo%2C+C1437+CABA!5e0!3m2!1ses!2sar!4v1519839214858\" width=\"300\" height=\"250\" frameborder=\"0\" allowfullscreen=\"allowfullscreen\"><\/iframe><\/p>\n<p><strong>Transportes Cercanos:<br \/>\n<\/strong>Colectivos:\u00a06, 9, 25, 28, 31, 32, 50, 65, 75, 91, 101, 118, 133, 134, 150, 188<br \/>\nSubte: Estaci\u00f3n Parque Patricios de la L\u00ednea H<\/p>\n<h3><strong>Parque Saavedra<\/strong><\/h3>\n<ul>\n<li>S\u00e1bados, domingos y feriados: de 9 a 18 horas<\/li>\n<\/ul>\n<p>Av. Garc\u00eda del R\u00edo y Av. Meli\u00e1n<\/p>\n<p><iframe loading=\"lazy\" style=\"border: 0;\" src=\"https:\/\/www.google.com\/maps\/embed?pb=!1m18!1m12!1m3!1d3286.0361074009397!2d-58.483911785097156!3d-34.55264116230375!2m3!1f0!2f0!3f0!3m2!1i1024!2i768!4f13.1!3m3!1m2!1s0x95bcb693bfd19cc1%3A0xcab5ebbd36325a29!2sAv.+Meli%C3%A1n+%26+Av.+Garc%C3%ADa+del+R%C3%ADo%2C+C1430+CABA!5e0!3m2!1ses!2sar!4v1519839245005\" width=\"300\" height=\"250\" frameborder=\"0\" allowfullscreen=\"allowfullscreen\"><\/iframe><\/p>\n<p><strong>Transportes Cercanos:<br \/>\n<\/strong>Colectivos:\u00a019, 29, 67, 71, 76, 130<\/p>\n<p><strong>Lago de Palermo<\/strong><\/p>\n<ul>\n<li>S\u00e1bados, domingos y feriados: de 9 a 18 horas<\/li>\n<\/ul>\n<p>Andr\u00e9s Bello casi esq. Ernesto Tornquist<\/p>\n<p><iframe loading=\"lazy\" style=\"border: 0;\" src=\"https:\/\/www.google.com\/maps\/embed?pb=!1m18!1m12!1m3!1d3285.9340024245885!2d-58.43760018509704!3d-34.55522636244032!2m3!1f0!2f0!3f0!3m2!1i1024!2i768!4f13.1!3m3!1m2!1s0x95bcb5b48eced82d%3A0x2221db3e28caec0a!2sAv.+Ernesto+Tornquist+%26+Andr%C3%A9s+Bello%2C+Buenos+Aires!5e0!3m2!1ses!2sar!4v1519839271530\" width=\"300\" height=\"250\" frameborder=\"0\" allowfullscreen=\"allowfullscreen\"><\/iframe><br \/>\n<strong>Transportes Cercanos:\u00a0<\/strong><br \/>\nColectivos:\u00a028, 34, 37, 42, 57, 107, 130, 152, 160<\/p>\n<p><a href=\"https:\/\/pbs.twimg.com\/media\/DWkMUpHW4AIMCrr.png\" target=\"_blank\" rel=\"noopener\"><img loading=\"lazy\" decoding=\"async\" class=\"alignnone\" src=\"https:\/\/pbs.twimg.com\/media\/DWkMUpHW4AIMCrr.png\" alt=\"\" width=\"1000\" height=\"1000\" \/><\/a><\/p>\n","protected":false},"excerpt":{"rendered":"<div class=\"mh-excerpt\">El Gobierno lanz\u00f3 la campa\u00f1a Vuelta al Cole, para vacunar gratuitamente\u00a0en las\u00a0Estaciones Saludables a todos los chicos de 5, 6, 11 y 12 a\u00f1os que empiezan las clases. Con motivo <a class=\"mh-excerpt-more\" href=\"https:\/\/www.comuna13online.com.ar\/?p=728\" title=\"Vuelta al Cole! Campa\u00f1a de vacunaci\u00f3n gratuita del Gobierno de la Ciudad\">[&#8230;]<\/a><\/div>\n","protected":false},"author":1,"featured_media":729,"comment_status":"closed","ping_status":"closed","sticky":false,"template":"","format":"standard","meta":{"_uag_custom_page_level_css":"","_jetpack_memberships_contains_paid_content":false,"footnotes":"","jetpack_publicize_message":"","jetpack_publicize_feature_enabled":true,"jetpack_social_post_already_shared":true,"jetpack_social_options":{"image_generator_settings":{"template":"highway","default_image_id":0,"font":"","enabled":false},"version":2}},"categories":[44],"tags":[45,118],"class_list":{"0":"post-728","1":"post","2":"type-post","3":"status-publish","4":"format-standard","5":"has-post-thumbnail","7":"category-salud","8":"tag-salud","9":"tag-vacunacion"},"jetpack_publicize_connections":[],"jetpack_featured_media_url":"https:\/\/www.comuna13online.com.ar\/wp-content\/uploads\/2018\/02\/20180228d.jpg","uagb_featured_image_src":{"full":["https:\/\/www.comuna13online.com.ar\/wp-content\/uploads\/2018\/02\/20180228d.jpg",1030,438,false],"thumbnail":["https:\/\/www.comuna13online.com.ar\/wp-content\/uploads\/2018\/02\/20180228d-150x150.jpg",96,96,true],"medium":["https:\/\/www.comuna13online.com.ar\/wp-content\/uploads\/2018\/02\/20180228d-678x288.jpg",678,288,true],"medium_large":["https:\/\/www.comuna13online.com.ar\/wp-content\/uploads\/2018\/02\/20180228d-768x327.jpg",768,327,true],"large":["https:\/\/www.comuna13online.com.ar\/wp-content\/uploads\/2018\/02\/20180228d.jpg",1030,438,false],"1536x1536":["https:\/\/www.comuna13online.com.ar\/wp-content\/uploads\/2018\/02\/20180228d.jpg",1030,438,false],"2048x2048":["https:\/\/www.comuna13online.com.ar\/wp-content\/uploads\/2018\/02\/20180228d.jpg",1030,438,false],"mh-magazine-slider":["https:\/\/www.comuna13online.com.ar\/wp-content\/uploads\/2018\/02\/20180228d.jpg",1030,438,false],"mh-magazine-content":["https:\/\/www.comuna13online.com.ar\/wp-content\/uploads\/2018\/02\/20180228d-678x381.jpg",678,381,true],"mh-magazine-large":["https:\/\/www.comuna13online.com.ar\/wp-content\/uploads\/2018\/02\/20180228d-678x438.jpg",678,438,true],"mh-magazine-medium":["https:\/\/www.comuna13online.com.ar\/wp-content\/uploads\/2018\/02\/20180228d-326x245.jpg",326,245,true],"mh-magazine-small":["https:\/\/www.comuna13online.com.ar\/wp-content\/uploads\/2018\/02\/20180228d-80x60.jpg",80,60,true],"sow-carousel-default":["https:\/\/www.comuna13online.com.ar\/wp-content\/uploads\/2018\/02\/20180228d-272x182.jpg",272,182,true]},"uagb_author_info":{"display_name":"Comuna13","author_link":"https:\/\/www.comuna13online.com.ar\/?author=1"},"uagb_comment_info":0,"uagb_excerpt":"El Gobierno lanz\u00f3 la campa\u00f1a Vuelta al Cole, para vacunar gratuitamente\u00a0en las\u00a0Estaciones Saludables a todos los chicos de 5, 6, 11 y 12 a\u00f1os que empiezan las clases. Con motivo [...]","jetpack_sharing_enabled":true,"_links":{"self":[{"href":"https:\/\/www.comuna13online.com.ar\/index.php?rest_route=\/wp\/v2\/posts\/728","targetHints":{"allow":["GET"]}}],"collection":[{"href":"https:\/\/www.comuna13online.com.ar\/index.php?rest_route=\/wp\/v2\/posts"}],"about":[{"href":"https:\/\/www.comuna13online.com.ar\/index.php?rest_route=\/wp\/v2\/types\/post"}],"author":[{"embeddable":true,"href":"https:\/\/www.comuna13online.com.ar\/index.php?rest_route=\/wp\/v2\/users\/1"}],"replies":[{"embeddable":true,"href":"https:\/\/www.comuna13online.com.ar\/index.php?rest_route=%2Fwp%2Fv2%2Fcomments&post=728"}],"version-history":[{"count":0,"href":"https:\/\/www.comuna13online.com.ar\/index.php?rest_route=\/wp\/v2\/posts\/728\/revisions"}],"wp:featuredmedia":[{"embeddable":true,"href":"https:\/\/www.comuna13online.com.ar\/index.php?rest_route=\/wp\/v2\/media\/729"}],"wp:attachment":[{"href":"https:\/\/www.comuna13online.com.ar\/index.php?rest_route=%2Fwp%2Fv2%2Fmedia&parent=728"}],"wp:term":[{"taxonomy":"category","embeddable":true,"href":"https:\/\/www.comuna13online.com.ar\/index.php?rest_route=%2Fwp%2Fv2%2Fcategories&post=728"},{"taxonomy":"post_tag","embeddable":true,"href":"https:\/\/www.comuna13online.com.ar\/index.php?rest_route=%2Fwp%2Fv2%2Ftags&post=728"}],"curies":[{"name":"wp","href":"https:\/\/api.w.org\/{rel}","templated":true}]}}