{"id":7272,"date":"2019-10-29T07:00:26","date_gmt":"2019-10-29T10:00:26","guid":{"rendered":"http:\/\/www.comuna13online.com.ar\/?p=7272"},"modified":"2019-10-30T09:19:40","modified_gmt":"2019-10-30T12:19:40","slug":"river-recibe-a-colon-y-habra-cortes-en-la-zona-del-monumental","status":"publish","type":"post","link":"https:\/\/www.comuna13online.com.ar\/?p=7272","title":{"rendered":"River recibe a Col\u00f3n y habr\u00e1 cortes en la zona del Monumental"},"content":{"rendered":"<p><strong>A las 21.20 hs. River enfrenta a Col\u00f3n por la fecha 11 de la Superliga por lo que habr\u00e1 un fuerte operativo que incluye cortes en las inmediaciones del estadio.<\/strong><\/p>\n<p><img loading=\"lazy\" decoding=\"async\" data-attachment-id=\"7276\" data-permalink=\"https:\/\/www.comuna13online.com.ar\/?attachment_id=7276\" data-orig-file=\"https:\/\/www.comuna13online.com.ar\/wp-content\/uploads\/2019\/10\/20191029c4.jpg\" data-orig-size=\"678,364\" data-comments-opened=\"0\" data-image-meta=\"{&quot;aperture&quot;:&quot;0&quot;,&quot;credit&quot;:&quot;&quot;,&quot;camera&quot;:&quot;&quot;,&quot;caption&quot;:&quot;&quot;,&quot;created_timestamp&quot;:&quot;0&quot;,&quot;copyright&quot;:&quot;&quot;,&quot;focal_length&quot;:&quot;0&quot;,&quot;iso&quot;:&quot;0&quot;,&quot;shutter_speed&quot;:&quot;0&quot;,&quot;title&quot;:&quot;&quot;,&quot;orientation&quot;:&quot;0&quot;}\" data-image-title=\"20191029c4\" data-image-description=\"\" data-image-caption=\"\" data-large-file=\"https:\/\/www.comuna13online.com.ar\/wp-content\/uploads\/2019\/10\/20191029c4.jpg\" class=\"alignnone size-full wp-image-7276\" src=\"http:\/\/www.comuna13online.com.ar\/wp-content\/uploads\/2019\/10\/20191029c4.jpg\" alt=\"\" width=\"678\" height=\"364\" \/><\/p>\n<p>Con motivo del encuentro que disputar\u00e1n esta noche desde las 21:20 horas River y Col\u00f3n de Santa Fe, el Comit\u00e9 de Seguridad en F\u00fatbol de la Ciudad inform\u00f3 el operativo de seguridad que se desplegar\u00e1 y que incluye cortes de tr\u00e1nsito en el per\u00edmetro cercano al estadio Monumental.<\/p>\n<p>Entre las 18 (Hora en que se abren las puertas del estadio)\u00a0 y hasta al menos las 24 horas, habr\u00e1 un fuerte operativo de control con personal de la Polic\u00eda de la Ciudad, Agentes de Tr\u00e1nsito y de Tribuna Segura, se prohibir\u00e1 el acceso veh\u00edculos al per\u00edmetro delimitado por las Avenidas Udaondo, Libertador, Figueroa Alcorta y Monroe.<\/p>\n<p><a href=\"http:\/\/www.comuna13online.com.ar\/wp-content\/uploads\/2019\/10\/river2.jpg\" target=\"_blank\" rel=\"noopener noreferrer\"><img loading=\"lazy\" decoding=\"async\" data-attachment-id=\"7275\" data-permalink=\"https:\/\/www.comuna13online.com.ar\/?attachment_id=7275\" data-orig-file=\"https:\/\/www.comuna13online.com.ar\/wp-content\/uploads\/2019\/10\/river1.jpg\" data-orig-size=\"678,593\" data-comments-opened=\"0\" data-image-meta=\"{&quot;aperture&quot;:&quot;0&quot;,&quot;credit&quot;:&quot;&quot;,&quot;camera&quot;:&quot;&quot;,&quot;caption&quot;:&quot;&quot;,&quot;created_timestamp&quot;:&quot;0&quot;,&quot;copyright&quot;:&quot;&quot;,&quot;focal_length&quot;:&quot;0&quot;,&quot;iso&quot;:&quot;0&quot;,&quot;shutter_speed&quot;:&quot;0&quot;,&quot;title&quot;:&quot;&quot;,&quot;orientation&quot;:&quot;0&quot;}\" data-image-title=\"river1\" data-image-description=\"\" data-image-caption=\"\" data-large-file=\"https:\/\/www.comuna13online.com.ar\/wp-content\/uploads\/2019\/10\/river1-501x438.jpg\" class=\"alignnone wp-image-7275 size-full\" src=\"http:\/\/www.comuna13online.com.ar\/wp-content\/uploads\/2019\/10\/river1.jpg\" alt=\"\" width=\"678\" height=\"593\" srcset=\"https:\/\/www.comuna13online.com.ar\/wp-content\/uploads\/2019\/10\/river1.jpg 678w, https:\/\/www.comuna13online.com.ar\/wp-content\/uploads\/2019\/10\/river1-517x452.jpg 517w, https:\/\/www.comuna13online.com.ar\/wp-content\/uploads\/2019\/10\/river1-501x438.jpg 501w\" sizes=\"auto, (max-width: 678px) 100vw, 678px\" \/><\/a><\/p>\n<p>Tras una nueva eliminaci\u00f3n a boca en la Copa Libertadores, la gente de River colmar\u00e1 el estadio nuevamente, adem\u00e1s est\u00e1 el condimento extra que Juanfer Quintero, gran h\u00e9roe en Madrid, volver\u00e1 a jugar en el Monumental. Se recomienda al publico ingresar lo m\u00e1s temprano posible y e los veh\u00edculo evitar transitar por la zona y utilizar como alternativas a la Av. Libertador, la Av. Cabildo o la Av. Cantilo y en lugar de Monroe circular por La Pampa.<\/p>\n<p>River se encuentra 6to en la tabla de posiciones a solo 3 puntos de los l\u00edderes, boca que jugar\u00e1 el jueves tras una nueva eliminaci\u00f3n de la Copa Libertadores en su propio estadio, y argentinos que enfrentar\u00e1 a ma\u00f1ana a Talleres en la Paternal, por lo que, de conseguir una victoria, el conjunto de Marcelo Gallardo se ubicar\u00e1 en la cima de la tabla al menos hasta ma\u00f1ana.<\/p>\n<p><img loading=\"lazy\" decoding=\"async\" data-attachment-id=\"7273\" data-permalink=\"https:\/\/www.comuna13online.com.ar\/?attachment_id=7273\" data-orig-file=\"https:\/\/www.comuna13online.com.ar\/wp-content\/uploads\/2019\/10\/20191029c2-e1572362177415.jpg\" data-orig-size=\"616,483\" data-comments-opened=\"0\" data-image-meta=\"{&quot;aperture&quot;:&quot;0&quot;,&quot;credit&quot;:&quot;&quot;,&quot;camera&quot;:&quot;&quot;,&quot;caption&quot;:&quot;&quot;,&quot;created_timestamp&quot;:&quot;0&quot;,&quot;copyright&quot;:&quot;&quot;,&quot;focal_length&quot;:&quot;0&quot;,&quot;iso&quot;:&quot;0&quot;,&quot;shutter_speed&quot;:&quot;0&quot;,&quot;title&quot;:&quot;&quot;,&quot;orientation&quot;:&quot;0&quot;}\" data-image-title=\"20191029c2\" data-image-description=\"\" data-image-caption=\"\" data-large-file=\"https:\/\/www.comuna13online.com.ar\/wp-content\/uploads\/2019\/10\/20191029c2-e1572362177415-559x438.jpg\" class=\"size-full wp-image-7273 aligncenter\" src=\"http:\/\/www.comuna13online.com.ar\/wp-content\/uploads\/2019\/10\/20191029c2-e1572362177415.jpg\" alt=\"\" width=\"616\" height=\"483\" srcset=\"https:\/\/www.comuna13online.com.ar\/wp-content\/uploads\/2019\/10\/20191029c2-e1572362177415.jpg 616w, https:\/\/www.comuna13online.com.ar\/wp-content\/uploads\/2019\/10\/20191029c2-e1572362177415-576x452.jpg 576w, https:\/\/www.comuna13online.com.ar\/wp-content\/uploads\/2019\/10\/20191029c2-e1572362177415-559x438.jpg 559w\" sizes=\"auto, (max-width: 616px) 100vw, 616px\" \/><\/p>\n<p>&nbsp;<\/p>\n<p><strong>Posibles formaciones:<\/strong><\/p>\n<p><span style=\"color: #ff0000;\"><strong>River Plate<\/strong><\/span>: 1-Franco Armani; 29-Gonzalo Montiel, 28-Lucas Mart\u00ednez Quarta, 22-Javier Pinola, 20-Milton Casco; 24-Enzo P\u00e9rez; 26-Ignacio Fern\u00e1ndez, 15-Exequiel Palacios, 11-Nicol\u00e1s De La Cruz; 19-Rafael Borr\u00e9 y 7-Mat\u00edas Su\u00e1rez. DT: Marcelo Gallardo.<\/p>\n<p>Suplentes: 25-Enrique Bologna, 2-Robert Rojas, 6-Paulo D\u00edaz, 4-Fabrizio Angileri, 23-Leonardo Ponzio, 8-Jorge Carrascal, 10-Juan Quintero, 32-Ignacio Scocco y 27-Lucas Pratto. (2 quedar\u00e1n afuera)<\/p>\n<p><strong>Col\u00f3n<\/strong>: 1-Leonardo Buri\u00e1n; 13-\u00c1lex Vigo, 24-Guillermo Ortiz, 6-Emmanuel Olivera, 31-Gonzalo Escobar; 18-Gast\u00f3n D\u00edaz, 8-Fernando Zuqui, 14-Federico L\u00e9rtora, 28-Marcelo Estigarribia, 34-Gabriel Esparza; 19-Wilson Morelo. DT: Pablo Lavall\u00e9n.<\/p>\n<p>Suplentes:\u00a017-Ignacio Chicco, 15-Dami\u00e1n Schmidt, 5-Mat\u00edas Fritzler, 29-Rodrigo Aliendro, 23-Christian Bernardi, 30-Santiago Pierotti y 12-Tom\u00e1s Chancalay.<\/p>\n<p>Estadio: River Plate (Antonio V. Liberti)<br \/>\nHora: 21:20<\/p>\n<p>TV: TNT Sports<\/p>\n<p>\u00c1rbitro: Nicol\u00e1s Lamolina<br \/>\nAsistentes: Javier Uziga y Jos\u00e9 Castelli<br \/>\nCuarto \u00e1rbitro: Luis Lobo Medina<\/p>\n<p>Las puertas de acceso al Monumental se abrir\u00e1n a las 18:00 horas, por lo que el Club solicita que los socios y simpatizantes lleguen con suficiente antelaci\u00f3n para evitar inconvenientes en el ingreso.<\/p>\n<p>Por cuestiones de seguridad, los espectadores podr\u00e1n ingresar al Estadio desde la apertura hasta finalizado el primer tiempo. Un vez transcurrido el primer tiempo se levantar\u00e1n los controles de seguridad y de entradas, por lo que no se permitir\u00e1 el ingreso de espectadores.<\/p>\n<p><strong>Acceso a las tribunas<\/strong><\/p>\n<ul>\n<li>Centenario alta (local): Puertas H, I, J, L.<br \/>\nSalida al finalizar el partido por las mismas puertas. Incluida la O.<\/li>\n<li>Centenario media\/baja: Puertas K, G.<br \/>\nSalidas al finalizar el partido: Puertas G, K, N.<\/li>\n<li>Centenario alta (visitante): Puertas M.<br \/>\nSalida al finalizar el partido por las mismas puertas.<\/li>\n<li>San Mart\u00edn alta: Puertas B, E, F.<br \/>\nSalida al finalizar el partido por las mismas puertas. Incluida la C.<\/li>\n<li>San Mart\u00edn media\/baja: Puerta D2.<br \/>\nSalida al finalizar el partido por la misma puerta.<\/li>\n<li>Belgrano alta: Puertas Q, R, T.<br \/>\nSalida al finalizar el partido por las mismas puertas. Incluida la P, U, V.Belgrano media\/baja: Puerta S.<br \/>\nSalida al finalizar el partido por la misma puerta.<\/li>\n<li>S\u00edvori alta: Puertas T1, T2, T3.<br \/>\nSalida al finalizar el partido por las mismas puertas.<\/li>\n<li>S\u00edvori media y baja: Puertas X, Y, Z.<br \/>\nSalida al finalizar el partido por las mismas puertas.<\/li>\n<\/ul>\n<p>Las personas con discapacidad que utilizan silla de ruedas, previamente acreditadas con \u00abTu lugar en el Monumental -River sin Barreras\u00bb, deber\u00e1n ingresar \u00fanicamente por puerta de Prensa (Avenida Udaondo). El resto de los socios acreditados ingresar\u00e1n por Puerta K a la platea Centenario (calle Quinteros).<\/p>\n<p><strong>A tener en cuenta:<\/strong><\/p>\n<p>Por disposiciones del Comit\u00e9 de Seguridad, se encuentra prohibido el ingreso de pirotecnia y de banderas que excedan la medida de 2\u00d71 metro.\u00a0Es obligatorio que los simpatizantes concurran al Estadio con el Documento Nacional de Identidad.<\/p>\n<p><a href=\"http:\/\/www.cariverplate.com.ar\/imagenes\/archivos\/2019-05\/119687-accesosrecopa.jpg\" target=\"_blank\" rel=\"noopener noreferrer\"><img loading=\"lazy\" decoding=\"async\" class=\"alignnone\" src=\"http:\/\/www.cariverplate.com.ar\/imagenes\/archivos\/2019-05\/119687-accesosrecopa.jpg\" alt=\"\" width=\"1272\" height=\"1280\" \/><\/a><\/p>\n<p><a href=\"http:\/\/www.comuna13online.com.ar\/wp-content\/uploads\/2019\/08\/127182-0_img-20190804-wa0002.jpg\" target=\"_blank\" rel=\"noopener noreferrer\"><img loading=\"lazy\" decoding=\"async\" data-attachment-id=\"6297\" data-permalink=\"https:\/\/www.comuna13online.com.ar\/?attachment_id=6297\" data-orig-file=\"https:\/\/www.comuna13online.com.ar\/wp-content\/uploads\/2019\/08\/127182-0_img-20190804-wa0002.jpg\" data-orig-size=\"935,1280\" data-comments-opened=\"0\" data-image-meta=\"{&quot;aperture&quot;:&quot;0&quot;,&quot;credit&quot;:&quot;&quot;,&quot;camera&quot;:&quot;&quot;,&quot;caption&quot;:&quot;&quot;,&quot;created_timestamp&quot;:&quot;0&quot;,&quot;copyright&quot;:&quot;&quot;,&quot;focal_length&quot;:&quot;0&quot;,&quot;iso&quot;:&quot;0&quot;,&quot;shutter_speed&quot;:&quot;0&quot;,&quot;title&quot;:&quot;&quot;,&quot;orientation&quot;:&quot;0&quot;}\" data-image-title=\"127182-0_img-20190804-wa0002\" data-image-description=\"\" data-image-caption=\"\" data-large-file=\"https:\/\/www.comuna13online.com.ar\/wp-content\/uploads\/2019\/08\/127182-0_img-20190804-wa0002-320x438.jpg\" class=\"alignnone wp-image-6297 size-full\" src=\"http:\/\/www.comuna13online.com.ar\/wp-content\/uploads\/2019\/08\/127182-0_img-20190804-wa0002.jpg\" alt=\"\" width=\"935\" height=\"1280\" srcset=\"https:\/\/www.comuna13online.com.ar\/wp-content\/uploads\/2019\/08\/127182-0_img-20190804-wa0002.jpg 935w, https:\/\/www.comuna13online.com.ar\/wp-content\/uploads\/2019\/08\/127182-0_img-20190804-wa0002-330x452.jpg 330w, https:\/\/www.comuna13online.com.ar\/wp-content\/uploads\/2019\/08\/127182-0_img-20190804-wa0002-768x1051.jpg 768w, https:\/\/www.comuna13online.com.ar\/wp-content\/uploads\/2019\/08\/127182-0_img-20190804-wa0002-320x438.jpg 320w\" sizes=\"auto, (max-width: 935px) 100vw, 935px\" \/><\/a><\/p>\n","protected":false},"excerpt":{"rendered":"<div class=\"mh-excerpt\">A las 21.20 hs. River enfrenta a Col\u00f3n por la fecha 11 de la Superliga por lo que habr\u00e1 un fuerte operativo que incluye cortes en las inmediaciones del estadio. <a class=\"mh-excerpt-more\" href=\"https:\/\/www.comuna13online.com.ar\/?p=7272\" title=\"River recibe a Col\u00f3n y habr\u00e1 cortes en la zona del Monumental\">[&#8230;]<\/a><\/div>\n","protected":false},"author":1,"featured_media":7277,"comment_status":"closed","ping_status":"closed","sticky":false,"template":"","format":"standard","meta":{"_uag_custom_page_level_css":"","_jetpack_memberships_contains_paid_content":false,"footnotes":"","jetpack_publicize_message":"River recibe a Col\u00f3n y habr\u00e1 cortes en la zona del Monumental  #River #Superliga","jetpack_publicize_feature_enabled":true,"jetpack_social_post_already_shared":true,"jetpack_social_options":{"image_generator_settings":{"template":"highway","default_image_id":0,"font":"","enabled":false},"version":2}},"categories":[53],"tags":[246,250,175,54],"class_list":{"0":"post-7272","1":"post","2":"type-post","3":"status-publish","4":"format-standard","5":"has-post-thumbnail","7":"category-transito","8":"tag-h1","9":"tag-h2","10":"tag-river","11":"tag-transito"},"jetpack_publicize_connections":[],"jetpack_featured_media_url":"https:\/\/www.comuna13online.com.ar\/wp-content\/uploads\/2019\/10\/20191029c.jpg","uagb_featured_image_src":{"full":["https:\/\/www.comuna13online.com.ar\/wp-content\/uploads\/2019\/10\/20191029c.jpg",1030,438,false],"thumbnail":["https:\/\/www.comuna13online.com.ar\/wp-content\/uploads\/2019\/10\/20191029c-150x150.jpg",96,96,true],"medium":["https:\/\/www.comuna13online.com.ar\/wp-content\/uploads\/2019\/10\/20191029c-678x288.jpg",678,288,true],"medium_large":["https:\/\/www.comuna13online.com.ar\/wp-content\/uploads\/2019\/10\/20191029c-768x327.jpg",768,327,true],"large":["https:\/\/www.comuna13online.com.ar\/wp-content\/uploads\/2019\/10\/20191029c.jpg",1030,438,false],"1536x1536":["https:\/\/www.comuna13online.com.ar\/wp-content\/uploads\/2019\/10\/20191029c.jpg",1030,438,false],"2048x2048":["https:\/\/www.comuna13online.com.ar\/wp-content\/uploads\/2019\/10\/20191029c.jpg",1030,438,false],"mh-magazine-slider":["https:\/\/www.comuna13online.com.ar\/wp-content\/uploads\/2019\/10\/20191029c.jpg",1030,438,false],"mh-magazine-content":["https:\/\/www.comuna13online.com.ar\/wp-content\/uploads\/2019\/10\/20191029c-678x381.jpg",678,381,true],"mh-magazine-large":["https:\/\/www.comuna13online.com.ar\/wp-content\/uploads\/2019\/10\/20191029c-678x438.jpg",678,438,true],"mh-magazine-medium":["https:\/\/www.comuna13online.com.ar\/wp-content\/uploads\/2019\/10\/20191029c-326x245.jpg",326,245,true],"mh-magazine-small":["https:\/\/www.comuna13online.com.ar\/wp-content\/uploads\/2019\/10\/20191029c-80x60.jpg",80,60,true],"sow-carousel-default":["https:\/\/www.comuna13online.com.ar\/wp-content\/uploads\/2019\/10\/20191029c-272x182.jpg",272,182,true]},"uagb_author_info":{"display_name":"Comuna13","author_link":"https:\/\/www.comuna13online.com.ar\/?author=1"},"uagb_comment_info":0,"uagb_excerpt":"A las 21.20 hs. River enfrenta a Col\u00f3n por la fecha 11 de la Superliga por lo que habr\u00e1 un fuerte operativo que incluye cortes en las inmediaciones del estadio. [...]","jetpack_sharing_enabled":true,"_links":{"self":[{"href":"https:\/\/www.comuna13online.com.ar\/index.php?rest_route=\/wp\/v2\/posts\/7272","targetHints":{"allow":["GET"]}}],"collection":[{"href":"https:\/\/www.comuna13online.com.ar\/index.php?rest_route=\/wp\/v2\/posts"}],"about":[{"href":"https:\/\/www.comuna13online.com.ar\/index.php?rest_route=\/wp\/v2\/types\/post"}],"author":[{"embeddable":true,"href":"https:\/\/www.comuna13online.com.ar\/index.php?rest_route=\/wp\/v2\/users\/1"}],"replies":[{"embeddable":true,"href":"https:\/\/www.comuna13online.com.ar\/index.php?rest_route=%2Fwp%2Fv2%2Fcomments&post=7272"}],"version-history":[{"count":0,"href":"https:\/\/www.comuna13online.com.ar\/index.php?rest_route=\/wp\/v2\/posts\/7272\/revisions"}],"wp:featuredmedia":[{"embeddable":true,"href":"https:\/\/www.comuna13online.com.ar\/index.php?rest_route=\/wp\/v2\/media\/7277"}],"wp:attachment":[{"href":"https:\/\/www.comuna13online.com.ar\/index.php?rest_route=%2Fwp%2Fv2%2Fmedia&parent=7272"}],"wp:term":[{"taxonomy":"category","embeddable":true,"href":"https:\/\/www.comuna13online.com.ar\/index.php?rest_route=%2Fwp%2Fv2%2Fcategories&post=7272"},{"taxonomy":"post_tag","embeddable":true,"href":"https:\/\/www.comuna13online.com.ar\/index.php?rest_route=%2Fwp%2Fv2%2Ftags&post=7272"}],"curies":[{"name":"wp","href":"https:\/\/api.w.org\/{rel}","templated":true}]}}