{"id":7262,"date":"2019-10-29T11:32:37","date_gmt":"2019-10-29T14:32:37","guid":{"rendered":"http:\/\/www.comuna13online.com.ar\/?p=7262"},"modified":"2019-10-29T11:32:37","modified_gmt":"2019-10-29T14:32:37","slug":"el-ministerio-de-justicia-inaugura-esta-semana-el-auditorio-sabato-en-la-ex-esma-de-nunez","status":"publish","type":"post","link":"https:\/\/www.comuna13online.com.ar\/?p=7262","title":{"rendered":"El Ministerio de Justicia inaugura esta semana el auditorio \u201cS\u00e1bato\u201d en la ex ESMA de N\u00fa\u00f1ez"},"content":{"rendered":"<p><strong>Parte del Ministerio de Justicia pasar\u00e1 a funcionar en el uno de los edificios de la ESMA, Abrir\u00e1 sus puertas esta semana en una planta del futuro edificio Ra\u00fal Alfons\u00edn.<\/strong><\/p>\n<p><img loading=\"lazy\" decoding=\"async\" data-attachment-id=\"6935\" data-permalink=\"https:\/\/www.comuna13online.com.ar\/?attachment_id=6935\" data-orig-file=\"https:\/\/www.comuna13online.com.ar\/wp-content\/uploads\/2019\/09\/20190926b1.jpg\" data-orig-size=\"678,460\" data-comments-opened=\"0\" data-image-meta=\"{&quot;aperture&quot;:&quot;0&quot;,&quot;credit&quot;:&quot;&quot;,&quot;camera&quot;:&quot;&quot;,&quot;caption&quot;:&quot;&quot;,&quot;created_timestamp&quot;:&quot;0&quot;,&quot;copyright&quot;:&quot;&quot;,&quot;focal_length&quot;:&quot;0&quot;,&quot;iso&quot;:&quot;0&quot;,&quot;shutter_speed&quot;:&quot;0&quot;,&quot;title&quot;:&quot;&quot;,&quot;orientation&quot;:&quot;0&quot;}\" data-image-title=\"20190926b1\" data-image-description=\"\" data-image-caption=\"\" data-large-file=\"https:\/\/www.comuna13online.com.ar\/wp-content\/uploads\/2019\/09\/20190926b1-646x438.jpg\" class=\"alignnone size-full wp-image-6935\" src=\"http:\/\/www.comuna13online.com.ar\/wp-content\/uploads\/2019\/09\/20190926b1.jpg\" alt=\"\" width=\"678\" height=\"460\" srcset=\"https:\/\/www.comuna13online.com.ar\/wp-content\/uploads\/2019\/09\/20190926b1.jpg 678w, https:\/\/www.comuna13online.com.ar\/wp-content\/uploads\/2019\/09\/20190926b1-666x452.jpg 666w, https:\/\/www.comuna13online.com.ar\/wp-content\/uploads\/2019\/09\/20190926b1-646x438.jpg 646w\" sizes=\"auto, (max-width: 678px) 100vw, 678px\" \/><br \/>\nEl <strong>Ministerio de Justicia y Derechos Humanos de la Naci\u00f3n<\/strong> inaugurar\u00e1 esta semana el <strong>auditorio Ernesto S\u00e1bato<\/strong>, ubicado en el predio de la <strong>ex-Escuela de Mec\u00e1nica de la Armada <\/strong>(<strong>ESMA<\/strong>). En ese lugar, donde funcion\u00f3 uno de los centros clandestinos de detenci\u00f3n, tortura y desaparici\u00f3n de mayor envergadura durante la \u00faltima dictadura militar, funcionar\u00e1, una vez que finalicen las obras en curso, la totalidad del Ministerio.<\/p>\n<p>Para la inauguraci\u00f3n del auditorio, que llevar\u00e1 el nombre del presidente de la <strong>Comisi\u00f3n Nacional sobre la Desaparici\u00f3n de Personas &#8211; CONADEP<\/strong>, que tras el regreso de la democracia elabor\u00f3 el informe <strong>Nunca M\u00e1s,<\/strong> se habilitar\u00e1 solo una planta del edificio destinado a la cartera de Justicia, que ser\u00e1 bautizado con el nombre de <strong>Ra\u00fal Alfons\u00edn,<\/strong> de acuerdo con la resoluci\u00f3n 761, publicada el 25 de septiembre en el Bolet\u00edn Oficial.<\/p>\n<p><strong><em>\u00ab<\/em><\/strong><strong><em>Es vocaci\u00f3n de este ministerio otorgar al inmueble en cuesti\u00f3n una denominaci\u00f3n que, haciendo referencia a una figura emblem\u00e1tica en la defensa de los derechos humanos, sirva tanto para la identificaci\u00f3n del edificio como a modo de homenaje y convocatoria a la memoria colectiva\u00bb,<\/em> <\/strong>se estableci\u00f3 a trav\u00e9s de la publicaci\u00f3n en el Bolet\u00edn Oficial. El predio le fue asignado a la cartera de Justicia por un plazo de 20 a\u00f1os.<\/p>\n<p>El edificio N\u00ba 11, donde se instalar\u00e1 el Ministerio, funcionaba como casino de aspirantes y cantina. El proyecto de obra comenz\u00f3 a fines de 2016 y la restauraci\u00f3n y construcci\u00f3n de las nuevas estructuras comenzaron en octubre del a\u00f1o pasado.<\/p>\n<figure id=\"attachment_7263\" aria-describedby=\"caption-attachment-7263\" style=\"width: 678px\" class=\"wp-caption alignnone\"><img loading=\"lazy\" decoding=\"async\" data-attachment-id=\"7263\" data-permalink=\"https:\/\/www.comuna13online.com.ar\/?attachment_id=7263\" data-orig-file=\"https:\/\/www.comuna13online.com.ar\/wp-content\/uploads\/2019\/10\/20191029a2.jpg\" data-orig-size=\"678,452\" data-comments-opened=\"0\" data-image-meta=\"{&quot;aperture&quot;:&quot;0&quot;,&quot;credit&quot;:&quot;&quot;,&quot;camera&quot;:&quot;&quot;,&quot;caption&quot;:&quot;&quot;,&quot;created_timestamp&quot;:&quot;0&quot;,&quot;copyright&quot;:&quot;&quot;,&quot;focal_length&quot;:&quot;0&quot;,&quot;iso&quot;:&quot;0&quot;,&quot;shutter_speed&quot;:&quot;0&quot;,&quot;title&quot;:&quot;&quot;,&quot;orientation&quot;:&quot;0&quot;}\" data-image-title=\"20191029a2\" data-image-description=\"\" data-image-caption=\"\" data-large-file=\"https:\/\/www.comuna13online.com.ar\/wp-content\/uploads\/2019\/10\/20191029a2-657x438.jpg\" class=\"wp-image-7263 size-full\" src=\"http:\/\/www.comuna13online.com.ar\/wp-content\/uploads\/2019\/10\/20191029a2.jpg\" alt=\"\" width=\"678\" height=\"452\" srcset=\"https:\/\/www.comuna13online.com.ar\/wp-content\/uploads\/2019\/10\/20191029a2.jpg 678w, https:\/\/www.comuna13online.com.ar\/wp-content\/uploads\/2019\/10\/20191029a2-657x438.jpg 657w, https:\/\/www.comuna13online.com.ar\/wp-content\/uploads\/2019\/10\/20191029a2-272x182.jpg 272w\" sizes=\"auto, (max-width: 678px) 100vw, 678px\" \/><figcaption id=\"caption-attachment-7263\" class=\"wp-caption-text\"><em>El auditorio Sabato ocupar\u00e1 una planta del futuro edificio Ra\u00fal Alfons\u00edn Cr\u00e9dito: Ricardo Pristupluk <\/em><\/figcaption><\/figure>\n<p>Seg\u00fan explicaron quienes participaron del dise\u00f1o y la ejecuci\u00f3n de la obra, se conservaron los cimientos y las doble alturas, los materiales de los pisos, un conjunto de adoquines de cien a\u00f1os de antig\u00fcedad y un mural pintado en una de las paredes de la planta baja. La parte superior del edificio alberga paneles solares y fue construida con materiales sustentables.<\/p>\n<p>En el predio de la <strong>ex-Esma <\/strong>funcionan varios organismos estatales, como la <strong>Secretar\u00eda de Derechos Humanos, el Espacio de la Memoria, el Centro Cultural de la Memoria Haroldo Conti, el Archivo de la Memoria, el Equipo Argentino de Antropolog\u00eda Forense <\/strong>(EAAF) y el <strong>Museo Malvinas<\/strong><strong>.<\/strong><\/p>\n<p>Para llevar adelante el proyecto de la obra y trasladar la totalidad del Ministerio desde su sede actual -Sarmiento al 300- se logr\u00f3 el consenso de las autoridades de la ex-Esma, que tiene una administraci\u00f3n tripartita.<\/p>\n<p>El Gobierno Nacional hab\u00eda mostrado las intenciones de inaugurar la totalidad el edificio antes de fin de a\u00f1o, pero por el momento se llevar\u00e1 adelante una inauguraci\u00f3n parcial. Quienes trabajan en la obra lo hacen contra reloj. Seg\u00fan el comunicado oficial, la decisi\u00f3n de trasladar el Ministerio se tom\u00f3 <em>\u201c<strong>con objeto de propugnar la exaltaci\u00f3n de los valores de memoria, verdad y justicia, y la promoci\u00f3n y defensa de los derechos humanos en todas sus dimensiones<\/strong>\u201d.<\/em><\/p>\n","protected":false},"excerpt":{"rendered":"<div class=\"mh-excerpt\">Parte del Ministerio de Justicia pasar\u00e1 a funcionar en el uno de los edificios de la ESMA, Abrir\u00e1 sus puertas esta semana en una planta del futuro edificio Ra\u00fal Alfons\u00edn. <a class=\"mh-excerpt-more\" href=\"https:\/\/www.comuna13online.com.ar\/?p=7262\" title=\"El Ministerio de Justicia inaugura esta semana el auditorio \u201cS\u00e1bato\u201d en la ex ESMA de N\u00fa\u00f1ez\">[&#8230;]<\/a><\/div>\n","protected":false},"author":1,"featured_media":5429,"comment_status":"closed","ping_status":"closed","sticky":false,"template":"","format":"standard","meta":{"_uag_custom_page_level_css":"","_jetpack_memberships_contains_paid_content":false,"footnotes":"","jetpack_publicize_message":"","jetpack_publicize_feature_enabled":true,"jetpack_social_post_already_shared":true,"jetpack_social_options":{"image_generator_settings":{"template":"highway","default_image_id":0,"font":"","enabled":false},"version":2}},"categories":[207],"tags":[19,131,246,250],"class_list":{"0":"post-7262","1":"post","2":"type-post","3":"status-publish","4":"format-standard","5":"has-post-thumbnail","7":"category-derechos-humanos","8":"tag-comuna-13","9":"tag-derechos","10":"tag-h1","11":"tag-h2"},"jetpack_publicize_connections":[],"jetpack_featured_media_url":"https:\/\/www.comuna13online.com.ar\/wp-content\/uploads\/2019\/05\/20190531b.jpg","uagb_featured_image_src":{"full":["https:\/\/www.comuna13online.com.ar\/wp-content\/uploads\/2019\/05\/20190531b.jpg",1030,438,false],"thumbnail":["https:\/\/www.comuna13online.com.ar\/wp-content\/uploads\/2019\/05\/20190531b-150x150.jpg",96,96,true],"medium":["https:\/\/www.comuna13online.com.ar\/wp-content\/uploads\/2019\/05\/20190531b-678x288.jpg",678,288,true],"medium_large":["https:\/\/www.comuna13online.com.ar\/wp-content\/uploads\/2019\/05\/20190531b-768x327.jpg",768,327,true],"large":["https:\/\/www.comuna13online.com.ar\/wp-content\/uploads\/2019\/05\/20190531b.jpg",1030,438,false],"1536x1536":["https:\/\/www.comuna13online.com.ar\/wp-content\/uploads\/2019\/05\/20190531b.jpg",1030,438,false],"2048x2048":["https:\/\/www.comuna13online.com.ar\/wp-content\/uploads\/2019\/05\/20190531b.jpg",1030,438,false],"mh-magazine-slider":["https:\/\/www.comuna13online.com.ar\/wp-content\/uploads\/2019\/05\/20190531b.jpg",1030,438,false],"mh-magazine-content":["https:\/\/www.comuna13online.com.ar\/wp-content\/uploads\/2019\/05\/20190531b-678x381.jpg",678,381,true],"mh-magazine-large":["https:\/\/www.comuna13online.com.ar\/wp-content\/uploads\/2019\/05\/20190531b-678x438.jpg",678,438,true],"mh-magazine-medium":["https:\/\/www.comuna13online.com.ar\/wp-content\/uploads\/2019\/05\/20190531b-326x245.jpg",326,245,true],"mh-magazine-small":["https:\/\/www.comuna13online.com.ar\/wp-content\/uploads\/2019\/05\/20190531b-80x60.jpg",80,60,true],"sow-carousel-default":["https:\/\/www.comuna13online.com.ar\/wp-content\/uploads\/2019\/05\/20190531b-272x182.jpg",272,182,true]},"uagb_author_info":{"display_name":"Comuna13","author_link":"https:\/\/www.comuna13online.com.ar\/?author=1"},"uagb_comment_info":0,"uagb_excerpt":"Parte del Ministerio de Justicia pasar\u00e1 a funcionar en el uno de los edificios de la ESMA, Abrir\u00e1 sus puertas esta semana en una planta del futuro edificio Ra\u00fal Alfons\u00edn. [...]","jetpack_sharing_enabled":true,"_links":{"self":[{"href":"https:\/\/www.comuna13online.com.ar\/index.php?rest_route=\/wp\/v2\/posts\/7262","targetHints":{"allow":["GET"]}}],"collection":[{"href":"https:\/\/www.comuna13online.com.ar\/index.php?rest_route=\/wp\/v2\/posts"}],"about":[{"href":"https:\/\/www.comuna13online.com.ar\/index.php?rest_route=\/wp\/v2\/types\/post"}],"author":[{"embeddable":true,"href":"https:\/\/www.comuna13online.com.ar\/index.php?rest_route=\/wp\/v2\/users\/1"}],"replies":[{"embeddable":true,"href":"https:\/\/www.comuna13online.com.ar\/index.php?rest_route=%2Fwp%2Fv2%2Fcomments&post=7262"}],"version-history":[{"count":0,"href":"https:\/\/www.comuna13online.com.ar\/index.php?rest_route=\/wp\/v2\/posts\/7262\/revisions"}],"wp:featuredmedia":[{"embeddable":true,"href":"https:\/\/www.comuna13online.com.ar\/index.php?rest_route=\/wp\/v2\/media\/5429"}],"wp:attachment":[{"href":"https:\/\/www.comuna13online.com.ar\/index.php?rest_route=%2Fwp%2Fv2%2Fmedia&parent=7262"}],"wp:term":[{"taxonomy":"category","embeddable":true,"href":"https:\/\/www.comuna13online.com.ar\/index.php?rest_route=%2Fwp%2Fv2%2Fcategories&post=7262"},{"taxonomy":"post_tag","embeddable":true,"href":"https:\/\/www.comuna13online.com.ar\/index.php?rest_route=%2Fwp%2Fv2%2Ftags&post=7262"}],"curies":[{"name":"wp","href":"https:\/\/api.w.org\/{rel}","templated":true}]}}