{"id":725,"date":"2018-02-28T14:11:19","date_gmt":"2018-02-28T17:11:19","guid":{"rendered":"http:\/\/www.comuna13online.com.ar\/?p=725"},"modified":"2018-05-03T12:38:03","modified_gmt":"2018-05-03T15:38:03","slug":"se-celebro-ayer-el-dia-nacional-del-trasplante-de-organos","status":"publish","type":"post","link":"https:\/\/www.comuna13online.com.ar\/?p=725","title":{"rendered":"Se celebr\u00f3 ayer el d\u00eda nacional del trasplante de \u00f3rganos"},"content":{"rendered":"<p><strong>El D\u00eda Nacional del Trasplante se celebra cada 27 de febrero en homenaje homenaje a los profesionales que hacen posible mejorar la calidad y mantener la vida de muchas personas a trav\u00e9s de un trasplante.\u00a0<\/strong><\/p>\n<p>El 27 de febrero se celebra el \u201cD\u00eda Internacional del Trasplante de \u00d3rganos y Tejidos\u201d con el fin principal de agradecer a los profesionales que hacen posible salvar vidas mejorando la calidad de vida de las personas y tambi\u00e9n homenajear a los donantes que por su aporte altruista han salvado vidas en todo el mundo.<\/p>\n<p>Cabe destacar que la Argentina es pa\u00eds referente en Latinoam\u00e9rica en donaci\u00f3n y trasplante de \u00f3rganos. En los \u00faltimos 10 a\u00f1os el sistema argentino de trasplante concret\u00f3 18.322 trasplante de \u00f3rganos, 14.452 provenientes de donantes cadav\u00e9ricos y 3.870 provenientes de donantes vivos. Por otra parte se realizaron 10.966 trasplantes de c\u00f3rneas.<\/p>\n<p style=\"text-align: center;\"><img loading=\"lazy\" decoding=\"async\" class=\"size-full aligncenter\" src=\"http:\/\/www.incucai.gov.ar\/images\/imagenes-incucai\/noticias-slide\/diatrasplante.png\" width=\"490\" height=\"350\" \/><\/p>\n<p>La historia del trasplante en nuestro pa\u00eds comienza a fines de los a\u00f1os\u00b470 cuando surge la normatizaci\u00f3n de la actividad con los trasplantes renales a cargo del equipo del Dr. Lanari. A principios de los \u201980, con la consolidaci\u00f3n de un marco regulatorio y el control de la inmunosupresi\u00f3n, se pusieron en marcha los programas de trasplante hep\u00e1tico y card\u00edaco en forma sistem\u00e1tica.<\/p>\n<p>Es fundamental crear conciencia en relaci\u00f3n a la donaci\u00f3n, eliminar todo tipo de barreras, las cuales muchas veces por falta de informaci\u00f3n, por desconocimiento o por miedo no permiten que la cultura de la donaci\u00f3n crezca y se fortalezca.<\/p>\n<p>En la actualidad gracias a la gran cantidad de actualizaciones m\u00e9dicas y tecnol\u00f3gicas el riesgo de infecciones y muerte ha disminuido considerablemente llevando a cabo miles de trasplantes diarios con el resultado esperado.<\/p>\n<p style=\"text-align: right;\">Fuente: <a href=\"http:\/\/www.incucai.gov.ar\/\" target=\"_blank\" rel=\"noopener\">Incucai<\/a><\/p>\n","protected":false},"excerpt":{"rendered":"<div class=\"mh-excerpt\">El D\u00eda Nacional del Trasplante se celebra cada 27 de febrero en homenaje homenaje a los profesionales que hacen posible mejorar la calidad y mantener la vida de muchas personas <a class=\"mh-excerpt-more\" href=\"https:\/\/www.comuna13online.com.ar\/?p=725\" title=\"Se celebr\u00f3 ayer el d\u00eda nacional del trasplante de \u00f3rganos\">[&#8230;]<\/a><\/div>\n","protected":false},"author":1,"featured_media":726,"comment_status":"closed","ping_status":"closed","sticky":false,"template":"","format":"standard","meta":{"_uag_custom_page_level_css":"","_jetpack_memberships_contains_paid_content":false,"footnotes":"","jetpack_publicize_message":"","jetpack_publicize_feature_enabled":true,"jetpack_social_post_already_shared":true,"jetpack_social_options":{"image_generator_settings":{"template":"highway","default_image_id":0,"font":"","enabled":false},"version":2}},"categories":[44],"tags":[91,45,90],"class_list":{"0":"post-725","1":"post","2":"type-post","3":"status-publish","4":"format-standard","5":"has-post-thumbnail","7":"category-salud","8":"tag-incucai","9":"tag-salud","10":"tag-solidaridad"},"jetpack_publicize_connections":[],"jetpack_featured_media_url":"https:\/\/www.comuna13online.com.ar\/wp-content\/uploads\/2018\/02\/20180228b.jpg","uagb_featured_image_src":{"full":["https:\/\/www.comuna13online.com.ar\/wp-content\/uploads\/2018\/02\/20180228b.jpg",1030,438,false],"thumbnail":["https:\/\/www.comuna13online.com.ar\/wp-content\/uploads\/2018\/02\/20180228b-150x150.jpg",96,96,true],"medium":["https:\/\/www.comuna13online.com.ar\/wp-content\/uploads\/2018\/02\/20180228b-678x288.jpg",678,288,true],"medium_large":["https:\/\/www.comuna13online.com.ar\/wp-content\/uploads\/2018\/02\/20180228b-768x327.jpg",768,327,true],"large":["https:\/\/www.comuna13online.com.ar\/wp-content\/uploads\/2018\/02\/20180228b.jpg",1030,438,false],"1536x1536":["https:\/\/www.comuna13online.com.ar\/wp-content\/uploads\/2018\/02\/20180228b.jpg",1030,438,false],"2048x2048":["https:\/\/www.comuna13online.com.ar\/wp-content\/uploads\/2018\/02\/20180228b.jpg",1030,438,false],"mh-magazine-slider":["https:\/\/www.comuna13online.com.ar\/wp-content\/uploads\/2018\/02\/20180228b.jpg",1030,438,false],"mh-magazine-content":["https:\/\/www.comuna13online.com.ar\/wp-content\/uploads\/2018\/02\/20180228b-678x381.jpg",678,381,true],"mh-magazine-large":["https:\/\/www.comuna13online.com.ar\/wp-content\/uploads\/2018\/02\/20180228b-678x438.jpg",678,438,true],"mh-magazine-medium":["https:\/\/www.comuna13online.com.ar\/wp-content\/uploads\/2018\/02\/20180228b-326x245.jpg",326,245,true],"mh-magazine-small":["https:\/\/www.comuna13online.com.ar\/wp-content\/uploads\/2018\/02\/20180228b-80x60.jpg",80,60,true],"sow-carousel-default":["https:\/\/www.comuna13online.com.ar\/wp-content\/uploads\/2018\/02\/20180228b-272x182.jpg",272,182,true]},"uagb_author_info":{"display_name":"Comuna13","author_link":"https:\/\/www.comuna13online.com.ar\/?author=1"},"uagb_comment_info":0,"uagb_excerpt":"El D\u00eda Nacional del Trasplante se celebra cada 27 de febrero en homenaje homenaje a los profesionales que hacen posible mejorar la calidad y mantener la vida de muchas personas [...]","jetpack_sharing_enabled":true,"_links":{"self":[{"href":"https:\/\/www.comuna13online.com.ar\/index.php?rest_route=\/wp\/v2\/posts\/725","targetHints":{"allow":["GET"]}}],"collection":[{"href":"https:\/\/www.comuna13online.com.ar\/index.php?rest_route=\/wp\/v2\/posts"}],"about":[{"href":"https:\/\/www.comuna13online.com.ar\/index.php?rest_route=\/wp\/v2\/types\/post"}],"author":[{"embeddable":true,"href":"https:\/\/www.comuna13online.com.ar\/index.php?rest_route=\/wp\/v2\/users\/1"}],"replies":[{"embeddable":true,"href":"https:\/\/www.comuna13online.com.ar\/index.php?rest_route=%2Fwp%2Fv2%2Fcomments&post=725"}],"version-history":[{"count":0,"href":"https:\/\/www.comuna13online.com.ar\/index.php?rest_route=\/wp\/v2\/posts\/725\/revisions"}],"wp:featuredmedia":[{"embeddable":true,"href":"https:\/\/www.comuna13online.com.ar\/index.php?rest_route=\/wp\/v2\/media\/726"}],"wp:attachment":[{"href":"https:\/\/www.comuna13online.com.ar\/index.php?rest_route=%2Fwp%2Fv2%2Fmedia&parent=725"}],"wp:term":[{"taxonomy":"category","embeddable":true,"href":"https:\/\/www.comuna13online.com.ar\/index.php?rest_route=%2Fwp%2Fv2%2Fcategories&post=725"},{"taxonomy":"post_tag","embeddable":true,"href":"https:\/\/www.comuna13online.com.ar\/index.php?rest_route=%2Fwp%2Fv2%2Ftags&post=725"}],"curies":[{"name":"wp","href":"https:\/\/api.w.org\/{rel}","templated":true}]}}