{"id":7209,"date":"2019-10-23T13:20:31","date_gmt":"2019-10-23T16:20:31","guid":{"rendered":"http:\/\/www.comuna13online.com.ar\/?p=7209"},"modified":"2019-10-24T07:57:18","modified_gmt":"2019-10-24T10:57:18","slug":"ciclo-obra-en-foco-en-el-museo-larreta","status":"publish","type":"post","link":"https:\/\/www.comuna13online.com.ar\/?p=7209","title":{"rendered":"Ciclo obra en foco en el Museo Larreta"},"content":{"rendered":"<p><strong>Con la participaci\u00f3n de Nadia Mariana Consiglieri, Doctoranda en Historia y Teor\u00eda de las artes para poner el foco en la Tabla Virgen Mar\u00eda con ni\u00f1o y donante. Actividad Gratuita.<\/strong><\/p>\n<p><img loading=\"lazy\" decoding=\"async\" data-attachment-id=\"7211\" data-permalink=\"https:\/\/www.comuna13online.com.ar\/?attachment_id=7211\" data-orig-file=\"https:\/\/www.comuna13online.com.ar\/wp-content\/uploads\/2019\/10\/20191023e2.jpg\" data-orig-size=\"680,488\" data-comments-opened=\"0\" data-image-meta=\"{&quot;aperture&quot;:&quot;0&quot;,&quot;credit&quot;:&quot;&quot;,&quot;camera&quot;:&quot;&quot;,&quot;caption&quot;:&quot;&quot;,&quot;created_timestamp&quot;:&quot;0&quot;,&quot;copyright&quot;:&quot;&quot;,&quot;focal_length&quot;:&quot;0&quot;,&quot;iso&quot;:&quot;0&quot;,&quot;shutter_speed&quot;:&quot;0&quot;,&quot;title&quot;:&quot;&quot;,&quot;orientation&quot;:&quot;0&quot;}\" data-image-title=\"20191023e2\" data-image-description=\"\" data-image-caption=\"\" data-large-file=\"https:\/\/www.comuna13online.com.ar\/wp-content\/uploads\/2019\/10\/20191023e2-610x438.jpg\" class=\"alignnone size-full wp-image-7211\" src=\"http:\/\/www.comuna13online.com.ar\/wp-content\/uploads\/2019\/10\/20191023e2.jpg\" alt=\"\" width=\"680\" height=\"488\" srcset=\"https:\/\/www.comuna13online.com.ar\/wp-content\/uploads\/2019\/10\/20191023e2.jpg 680w, https:\/\/www.comuna13online.com.ar\/wp-content\/uploads\/2019\/10\/20191023e2-630x452.jpg 630w, https:\/\/www.comuna13online.com.ar\/wp-content\/uploads\/2019\/10\/20191023e2-610x438.jpg 610w, https:\/\/www.comuna13online.com.ar\/wp-content\/uploads\/2019\/10\/20191023e2-678x488.jpg 678w\" sizes=\"auto, (max-width: 680px) 100vw, 680px\" \/><\/p>\n<p>El Museo Larreta te invita a un nuevo ciclo: Ciclo obra en foco, un recorrido por la historia del arte de la obra, en esta ocasi\u00f3n\u00a0 particular de la colecci\u00f3n del Museo comentada por un destacado especialista.<\/p>\n<p>En esta ocasi\u00f3n ser\u00e1 la Doctoranda en Historia y Teor\u00eda de las Artes (UBA), Nadia Mariana Consiglieri quien pondr\u00e1 el foco en la Tabla Virgen Mar\u00eda con ni\u00f1o y donante atribuida a Pedro Espalargues que se encuentra en la sala Oratorio.<\/p>\n<p>Actividad gratuita \/ Cupo limitado.<\/p>\n<p><img loading=\"lazy\" decoding=\"async\" data-attachment-id=\"7210\" data-permalink=\"https:\/\/www.comuna13online.com.ar\/?attachment_id=7210\" data-orig-file=\"https:\/\/www.comuna13online.com.ar\/wp-content\/uploads\/2019\/10\/20191023e1.jpg\" data-orig-size=\"678,417\" data-comments-opened=\"0\" data-image-meta=\"{&quot;aperture&quot;:&quot;0&quot;,&quot;credit&quot;:&quot;&quot;,&quot;camera&quot;:&quot;&quot;,&quot;caption&quot;:&quot;&quot;,&quot;created_timestamp&quot;:&quot;0&quot;,&quot;copyright&quot;:&quot;&quot;,&quot;focal_length&quot;:&quot;0&quot;,&quot;iso&quot;:&quot;0&quot;,&quot;shutter_speed&quot;:&quot;0&quot;,&quot;title&quot;:&quot;&quot;,&quot;orientation&quot;:&quot;0&quot;}\" data-image-title=\"20191023e1\" data-image-description=\"\" data-image-caption=\"\" data-large-file=\"https:\/\/www.comuna13online.com.ar\/wp-content\/uploads\/2019\/10\/20191023e1.jpg\" class=\"alignnone size-full wp-image-7210\" src=\"http:\/\/www.comuna13online.com.ar\/wp-content\/uploads\/2019\/10\/20191023e1.jpg\" alt=\"\" width=\"678\" height=\"417\" \/><\/p>\n<div class=\"panel-pane pane-entity-field pane-node-body\">\n<div class=\"pane-content\">\n<div class=\"field field-name-body field-type-text-with-summary field-label-hidden\">\n<div class=\"field-items\">\n<div class=\"field-item even\">\n<h4><strong>Acerca de Nadia Mariana Consiglieri<\/strong>:<\/h4>\n<p><img loading=\"lazy\" decoding=\"async\" data-attachment-id=\"7212\" data-permalink=\"https:\/\/www.comuna13online.com.ar\/?attachment_id=7212\" data-orig-file=\"https:\/\/www.comuna13online.com.ar\/wp-content\/uploads\/2019\/10\/s200_nadia_mariana.consiglieri.jpg\" data-orig-size=\"200,200\" data-comments-opened=\"0\" data-image-meta=\"{&quot;aperture&quot;:&quot;0&quot;,&quot;credit&quot;:&quot;&quot;,&quot;camera&quot;:&quot;&quot;,&quot;caption&quot;:&quot;&quot;,&quot;created_timestamp&quot;:&quot;0&quot;,&quot;copyright&quot;:&quot;&quot;,&quot;focal_length&quot;:&quot;0&quot;,&quot;iso&quot;:&quot;0&quot;,&quot;shutter_speed&quot;:&quot;0&quot;,&quot;title&quot;:&quot;&quot;,&quot;orientation&quot;:&quot;0&quot;}\" data-image-title=\"s200_nadia_mariana.consiglieri\" data-image-description=\"\" data-image-caption=\"\" data-large-file=\"https:\/\/www.comuna13online.com.ar\/wp-content\/uploads\/2019\/10\/s200_nadia_mariana.consiglieri.jpg\" class=\"size-full wp-image-7212 alignright\" src=\"http:\/\/www.comuna13online.com.ar\/wp-content\/uploads\/2019\/10\/s200_nadia_mariana.consiglieri.jpg\" alt=\"\" width=\"200\" height=\"200\" srcset=\"https:\/\/www.comuna13online.com.ar\/wp-content\/uploads\/2019\/10\/s200_nadia_mariana.consiglieri.jpg 200w, https:\/\/www.comuna13online.com.ar\/wp-content\/uploads\/2019\/10\/s200_nadia_mariana.consiglieri-150x150.jpg 150w\" sizes=\"auto, (max-width: 200px) 100vw, 200px\" \/>Es Doctoranda en Historia y Teor\u00eda de las Artes (UBA) en co-tutela con la \u00c9cole Pratique des Hautes \u00c9tudes (EPHE) y becaria doctoral de CONICET; Magister en M\u00e9todos y T\u00e9cnicas de la Investigaci\u00f3n Hist\u00f3rica, Art\u00edstica y Geogr\u00e1fica- Itinerario Historia del Arte- por la Universidad Nacional de Educaci\u00f3n a Distancia (UNED), Espa\u00f1a; Licenciada en Artes por la UBA, Licenciada y Profesora en Artes Visuales por el IUNA.<\/p>\n<p>Est\u00e1 realizando su tesis sobre representaciones de animales en los Beatos, manuscritos apocal\u00edpticos de los siglos IX-XIII. Ha brindado diversos cursos y seminarios en historia del arte medieval y expuesto como artista pl\u00e1stica.<\/p>\n<p>&nbsp;<\/p>\n<\/div>\n<\/div>\n<\/div>\n<\/div>\n<\/div>\n<div class=\"panel-separator\"><\/div>\n<div class=\"panel-pane pane-entity-field pane-node-field-descargas\">\n<div class=\"pane-content\">\n<div class=\"field field-name-field-descargas field-type-file field-label-hidden\">\n<div class=\"field-items\"><\/div>\n<\/div>\n<\/div>\n<\/div>\n<div class=\"panel-separator\"><\/div>\n<div class=\"panel-pane pane-custom pane-1\">\n<div class=\"pane-content\">\n<div id=\"medios_ciudad_title\" class=\"row\"><\/div>\n<\/div>\n<\/div>\n<p><img loading=\"lazy\" decoding=\"async\" data-attachment-id=\"2965\" data-permalink=\"https:\/\/www.comuna13online.com.ar\/?attachment_id=2965\" data-orig-file=\"https:\/\/www.comuna13online.com.ar\/wp-content\/uploads\/2018\/10\/line.gif\" data-orig-size=\"678,2\" data-comments-opened=\"0\" data-image-meta=\"{&quot;aperture&quot;:&quot;0&quot;,&quot;credit&quot;:&quot;&quot;,&quot;camera&quot;:&quot;&quot;,&quot;caption&quot;:&quot;&quot;,&quot;created_timestamp&quot;:&quot;0&quot;,&quot;copyright&quot;:&quot;&quot;,&quot;focal_length&quot;:&quot;0&quot;,&quot;iso&quot;:&quot;0&quot;,&quot;shutter_speed&quot;:&quot;0&quot;,&quot;title&quot;:&quot;&quot;,&quot;orientation&quot;:&quot;0&quot;}\" data-image-title=\"line\" data-image-description=\"\" data-image-caption=\"\" data-large-file=\"https:\/\/www.comuna13online.com.ar\/wp-content\/uploads\/2018\/10\/line.gif\" class=\"alignnone size-full wp-image-2965\" src=\"http:\/\/www.comuna13online.com.ar\/wp-content\/uploads\/2018\/10\/line.gif\" alt=\"\" width=\"678\" height=\"2\" \/><\/p>\n<p><strong>Museo de Arte Espa\u00f1ol Enrique Larreta<br \/>\n<\/strong>Juramento 2291, Belgrano<\/p>\n<p>Lunes, mi\u00e9rcoles, jueves, viernes y feriados de 12 a 19 horas<br \/>\nS\u00e1bados, domingos de 10 a 20 horas | <span style=\"color: #800000;\">Martes cerrado.<\/span><\/p>\n<p><span style=\"color: #3366ff;\">Entrada General $50 <\/span>\u00a0&#8211; Mi\u00e9rcoles: entrada libre y gratuita.<br \/>\nMenores de 12 a\u00f1os, jubilados y estudiantes con acreditaci\u00f3n,<br \/>\npersonas con discapacidad m\u00e1s un acompa\u00f1ante, gratis todos los d\u00edas.<\/p>\n<p><iframe loading=\"lazy\" style=\"border: 0;\" src=\"https:\/\/www.google.com\/maps\/embed?pb=!1m18!1m12!1m3!1d3285.692963597937!2d-58.4578286850968!3d-34.56132856276278!2m3!1f0!2f0!3f0!3m2!1i1024!2i768!4f13.1!3m3!1m2!1s0x95bcb5d3a0a211b3%3A0xedd3483149685e17!2sMuseo+de+Arte+Espa%C3%B1ol+Enrique+Larreta!5e0!3m2!1ses!2sar!4v1515582783930\" width=\"678\" height=\"450\" frameborder=\"0\" allowfullscreen=\"allowfullscreen\" data-mce-fragment=\"1\"><span data-mce-type=\"bookmark\" style=\"display: inline-block; width: 0px; overflow: hidden; line-height: 0;\" class=\"mce_SELRES_start\">\ufeff<\/span><\/iframe><\/p>\n<p><strong>Transportes Cercanos:<\/strong><\/p>\n<p><strong>Colectivos<\/strong>:\u00a015, 29, 41, 42, 44, 57, 59, 60, 63, 65, 67, 68, 80, 107, 113, 114, 133, 152, 161, 168, 184 y 194.<br \/>\n<strong>Subte<\/strong>: Estaci\u00f3n Juramento de la L\u00ednea D<\/p>\n","protected":false},"excerpt":{"rendered":"<div class=\"mh-excerpt\">Con la participaci\u00f3n de Nadia Mariana Consiglieri, Doctoranda en Historia y Teor\u00eda de las artes para poner el foco en la Tabla Virgen Mar\u00eda con ni\u00f1o y donante. Actividad Gratuita. <a class=\"mh-excerpt-more\" href=\"https:\/\/www.comuna13online.com.ar\/?p=7209\" title=\"Ciclo obra en foco en el Museo Larreta\">[&#8230;]<\/a><\/div>\n","protected":false},"author":1,"featured_media":7213,"comment_status":"closed","ping_status":"closed","sticky":false,"template":"","format":"standard","meta":{"_uag_custom_page_level_css":"","_jetpack_memberships_contains_paid_content":false,"footnotes":"","jetpack_publicize_message":"Ciclo obra en foco en el Museo Larreta","jetpack_publicize_feature_enabled":true,"jetpack_social_post_already_shared":true,"jetpack_social_options":{"image_generator_settings":{"template":"highway","default_image_id":0,"font":"","enabled":false},"version":2}},"categories":[154],"tags":[155,250,127,71],"class_list":{"0":"post-7209","1":"post","2":"type-post","3":"status-publish","4":"format-standard","5":"has-post-thumbnail","7":"category-arte","8":"tag-arte","9":"tag-h2","10":"tag-museos","11":"tag-tiempo-libre"},"jetpack_publicize_connections":[],"jetpack_featured_media_url":"https:\/\/www.comuna13online.com.ar\/wp-content\/uploads\/2019\/10\/20191023e.jpg","uagb_featured_image_src":{"full":["https:\/\/www.comuna13online.com.ar\/wp-content\/uploads\/2019\/10\/20191023e.jpg",1030,438,false],"thumbnail":["https:\/\/www.comuna13online.com.ar\/wp-content\/uploads\/2019\/10\/20191023e-150x150.jpg",96,96,true],"medium":["https:\/\/www.comuna13online.com.ar\/wp-content\/uploads\/2019\/10\/20191023e-678x288.jpg",678,288,true],"medium_large":["https:\/\/www.comuna13online.com.ar\/wp-content\/uploads\/2019\/10\/20191023e-768x327.jpg",768,327,true],"large":["https:\/\/www.comuna13online.com.ar\/wp-content\/uploads\/2019\/10\/20191023e.jpg",1030,438,false],"1536x1536":["https:\/\/www.comuna13online.com.ar\/wp-content\/uploads\/2019\/10\/20191023e.jpg",1030,438,false],"2048x2048":["https:\/\/www.comuna13online.com.ar\/wp-content\/uploads\/2019\/10\/20191023e.jpg",1030,438,false],"mh-magazine-slider":["https:\/\/www.comuna13online.com.ar\/wp-content\/uploads\/2019\/10\/20191023e.jpg",1030,438,false],"mh-magazine-content":["https:\/\/www.comuna13online.com.ar\/wp-content\/uploads\/2019\/10\/20191023e-678x381.jpg",678,381,true],"mh-magazine-large":["https:\/\/www.comuna13online.com.ar\/wp-content\/uploads\/2019\/10\/20191023e-678x438.jpg",678,438,true],"mh-magazine-medium":["https:\/\/www.comuna13online.com.ar\/wp-content\/uploads\/2019\/10\/20191023e-326x245.jpg",326,245,true],"mh-magazine-small":["https:\/\/www.comuna13online.com.ar\/wp-content\/uploads\/2019\/10\/20191023e-80x60.jpg",80,60,true],"sow-carousel-default":["https:\/\/www.comuna13online.com.ar\/wp-content\/uploads\/2019\/10\/20191023e-272x182.jpg",272,182,true]},"uagb_author_info":{"display_name":"Comuna13","author_link":"https:\/\/www.comuna13online.com.ar\/?author=1"},"uagb_comment_info":0,"uagb_excerpt":"Con la participaci\u00f3n de Nadia Mariana Consiglieri, Doctoranda en Historia y Teor\u00eda de las artes para poner el foco en la Tabla Virgen Mar\u00eda con ni\u00f1o y donante. Actividad Gratuita. [...]","jetpack_sharing_enabled":true,"_links":{"self":[{"href":"https:\/\/www.comuna13online.com.ar\/index.php?rest_route=\/wp\/v2\/posts\/7209","targetHints":{"allow":["GET"]}}],"collection":[{"href":"https:\/\/www.comuna13online.com.ar\/index.php?rest_route=\/wp\/v2\/posts"}],"about":[{"href":"https:\/\/www.comuna13online.com.ar\/index.php?rest_route=\/wp\/v2\/types\/post"}],"author":[{"embeddable":true,"href":"https:\/\/www.comuna13online.com.ar\/index.php?rest_route=\/wp\/v2\/users\/1"}],"replies":[{"embeddable":true,"href":"https:\/\/www.comuna13online.com.ar\/index.php?rest_route=%2Fwp%2Fv2%2Fcomments&post=7209"}],"version-history":[{"count":0,"href":"https:\/\/www.comuna13online.com.ar\/index.php?rest_route=\/wp\/v2\/posts\/7209\/revisions"}],"wp:featuredmedia":[{"embeddable":true,"href":"https:\/\/www.comuna13online.com.ar\/index.php?rest_route=\/wp\/v2\/media\/7213"}],"wp:attachment":[{"href":"https:\/\/www.comuna13online.com.ar\/index.php?rest_route=%2Fwp%2Fv2%2Fmedia&parent=7209"}],"wp:term":[{"taxonomy":"category","embeddable":true,"href":"https:\/\/www.comuna13online.com.ar\/index.php?rest_route=%2Fwp%2Fv2%2Fcategories&post=7209"},{"taxonomy":"post_tag","embeddable":true,"href":"https:\/\/www.comuna13online.com.ar\/index.php?rest_route=%2Fwp%2Fv2%2Ftags&post=7209"}],"curies":[{"name":"wp","href":"https:\/\/api.w.org\/{rel}","templated":true}]}}