{"id":7207,"date":"2019-10-23T12:43:40","date_gmt":"2019-10-23T15:43:40","guid":{"rendered":"http:\/\/www.comuna13online.com.ar\/?p=7207"},"modified":"2019-10-23T12:43:40","modified_gmt":"2019-10-23T15:43:40","slug":"la-facultad-de-ciencias-exactas-y-naturales-de-nunez-tendra-nuevo-edificio","status":"publish","type":"post","link":"https:\/\/www.comuna13online.com.ar\/?p=7207","title":{"rendered":"La Facultad de Ciencias Exactas y Naturales de N\u00fa\u00f1ez, tendr\u00e1 nuevo edificio"},"content":{"rendered":"<p><strong>Se llama Cero + Infinito, el edificio que renovar\u00e1 Ciudad Universitaria. Se inaugurar\u00e1 en unas semanas. Este nuevo pabell\u00f3n sumar\u00e1 aulas, oficinas y auditorios para los estudiantes y trabajadores de las ciencias duras.<\/strong><\/p>\n<p><img loading=\"lazy\" decoding=\"async\" data-attachment-id=\"7194\" data-permalink=\"https:\/\/www.comuna13online.com.ar\/?attachment_id=7194\" data-orig-file=\"https:\/\/www.comuna13online.com.ar\/wp-content\/uploads\/2019\/10\/20191023c1.jpg\" data-orig-size=\"678,384\" data-comments-opened=\"0\" data-image-meta=\"{&quot;aperture&quot;:&quot;0&quot;,&quot;credit&quot;:&quot;&quot;,&quot;camera&quot;:&quot;&quot;,&quot;caption&quot;:&quot;&quot;,&quot;created_timestamp&quot;:&quot;0&quot;,&quot;copyright&quot;:&quot;&quot;,&quot;focal_length&quot;:&quot;0&quot;,&quot;iso&quot;:&quot;0&quot;,&quot;shutter_speed&quot;:&quot;0&quot;,&quot;title&quot;:&quot;&quot;,&quot;orientation&quot;:&quot;0&quot;}\" data-image-title=\"20191023c1\" data-image-description=\"\" data-image-caption=\"\" data-large-file=\"https:\/\/www.comuna13online.com.ar\/wp-content\/uploads\/2019\/10\/20191023c1.jpg\" class=\"alignnone size-full wp-image-7194\" src=\"http:\/\/www.comuna13online.com.ar\/wp-content\/uploads\/2019\/10\/20191023c1.jpg\" alt=\"\" width=\"678\" height=\"384\" \/><\/p>\n<p>En pocas semanas quedar\u00e1 formalmente inaugurado un nuevo edificio en terrenos de la <strong>Universidad de Buenos Aires<\/strong><strong>.<\/strong> Se trata de <strong>\u201cCero + Infinito\u201d, <\/strong>tiene la firma del c\u00e9lebre arquitecto uruguayo <strong>Rafael Vi\u00f1oly<\/strong>, quien es egresado de la <strong>Facultad de Arquitectura, Dise\u00f1o y Urbanismo (FADU)<\/strong>, que junto a otro egresado, pero de la <strong>Facultad de Ciencias Exactas y Naturales, Sebasti\u00e1n Ceria, <\/strong>hicieron una importante donaci\u00f3n que se transform\u00f3 en el puntapi\u00e9 que permiti\u00f3 la construcci\u00f3n de este pabell\u00f3n que sumar\u00e1 aulas, oficinas y auditorios para los estudiantes y trabajadores de las ciencias duras.<\/p>\n<p>El S<strong>ecretario de Ciencia, Tecnolog\u00eda e Innovaci\u00f3n Productiva, Lino Bara\u00f1ao<\/strong>, declar\u00f3 a la prensa que esperan poder inaugurarlo en noviembre, despu\u00e9s de las elecciones. Es decir que para el pr\u00f3ximo ciclo lectivo en 2020 deber\u00eda estar en pleno funcionamiento.<\/p>\n<p>La obra est\u00e1 en <strong>Ciudad Universitaria<\/strong>, en el <strong>Barrio de<\/strong> <strong>N\u00fa\u00f1ez, Comuna 13.<\/strong> El <strong>Gobierno porte\u00f1o <\/strong>coloc\u00f3 en esta zona <strong>paradas de colectivos <\/strong>nuevas y <strong>veredas anchas <\/strong>que conectan todos los usos de los que dispone <strong>Ciudad Universitaria, <\/strong>y hay cinco <strong>estaciones de Ecobici.<\/strong><\/p>\n<p>Los usos de <strong>\u201cCero + Infinito\u201d <\/strong>ser\u00e1n: en la planta baja funcionar\u00e1n los usos acad\u00e9micos, en <strong>35 aulas.<\/strong> En 12 de ellas habr\u00e1 <strong>laboratorios con equipamiento inform\u00e1tico. <\/strong>Tambi\u00e9n habr\u00e1 \u00e1reas de usos comunes para los estudiantes y 5 salas para seminarios, acustizadas, con alfombra y equipamiento multimedia (3 con butacas tipo auditorio). En el primer piso, las oficinas administrativas, espacios de investigaci\u00f3n en donde trabajar\u00e1 el <strong>Instituto de C\u00e1lculo, el Departamento de Computaci\u00f3n, <\/strong><strong>la carrera de<\/strong><strong> Ciencias de la Atm\u00f3sfera y los Oc\u00e9anos<\/strong> y habr\u00e1 salas para el <strong>CELFI <\/strong><strong>(Centro Latinoamericano de Formaci\u00f3n Interdisciplinaria).<\/strong><\/p>\n<p><img loading=\"lazy\" decoding=\"async\" data-attachment-id=\"7195\" data-permalink=\"https:\/\/www.comuna13online.com.ar\/?attachment_id=7195\" data-orig-file=\"https:\/\/www.comuna13online.com.ar\/wp-content\/uploads\/2019\/10\/20191023c2.jpg\" data-orig-size=\"678,414\" data-comments-opened=\"0\" data-image-meta=\"{&quot;aperture&quot;:&quot;0&quot;,&quot;credit&quot;:&quot;&quot;,&quot;camera&quot;:&quot;&quot;,&quot;caption&quot;:&quot;&quot;,&quot;created_timestamp&quot;:&quot;0&quot;,&quot;copyright&quot;:&quot;&quot;,&quot;focal_length&quot;:&quot;0&quot;,&quot;iso&quot;:&quot;0&quot;,&quot;shutter_speed&quot;:&quot;0&quot;,&quot;title&quot;:&quot;&quot;,&quot;orientation&quot;:&quot;0&quot;}\" data-image-title=\"20191023c2\" data-image-description=\"\" data-image-caption=\"\" data-large-file=\"https:\/\/www.comuna13online.com.ar\/wp-content\/uploads\/2019\/10\/20191023c2.jpg\" class=\"alignnone size-full wp-image-7195\" src=\"http:\/\/www.comuna13online.com.ar\/wp-content\/uploads\/2019\/10\/20191023c2.jpg\" alt=\"\" width=\"678\" height=\"414\" \/><\/p>\n<p>Este centro de formaci\u00f3n depende de la <strong>Secretar\u00eda de Ciencia y Tecnolog\u00eda <\/strong>y es un punto de conflicto con la direcci\u00f3n de la <strong>Facultad de Ciencias Exactas<\/strong>. Desde esta facultad dijeron que <em>\u201cno est\u00e1 resuelto el espacio con el que contar\u00e1 CELFI\u201d.<\/em> Y confirmaron que tampoco tienen informaci\u00f3n sobre cu\u00e1ndo se llevar\u00e1 a cabo el traspaso de las instalaciones.<\/p>\n<p>El origen de <strong>\u201cCero + Infinito\u201d <\/strong>se remonta a 2007, cuando <strong>Ceria <\/strong>convoc\u00f3 y convenci\u00f3 a <strong>Vi\u00f1oly <\/strong>para aportar el proyecto del edificio. <strong>Ceria<\/strong> don\u00f3 150 mil d\u00f3lares. En la segunda gesti\u00f3n del <strong>Gobierno de Cristina Fern\u00e1ndez de Kirchner <\/strong>se logr\u00f3 un cr\u00e9dito de la <strong>Corporaci\u00f3n Andina de Fomento (CAF) <\/strong>y 35 millones de d\u00f3lares fueron destinados a la construcci\u00f3n del edificio. La obra concreta se extendi\u00f3 entre diciembre de 2016 y abril de 2019.<\/p>\n<p>Los estudiantes de <strong>Ciudad Universitaria <\/strong>podr\u00e1n circular y conectar el <strong>Pabell\u00f3n 1 y 2<\/strong> a trav\u00e9s del hall central de <strong>\u201cCero + Infinito\u201d.<\/strong> Tendr\u00e1n la oportunidad de ver los dos pulmones verdes que representan el \u201ccero\u201d y el \u201cinfinito\u201d -\u00e9ste \u00faltimo con las especies de \u00e1rboles que durante d\u00e9cadas crecieron en este lugar- y apropiarse de un edificio que podr\u00eda transformarse en un \u00edcono de relevancia arquitect\u00f3nica en <strong>Buenos Aires.<\/strong><\/p>\n","protected":false},"excerpt":{"rendered":"<div class=\"mh-excerpt\">Se llama Cero + Infinito, el edificio que renovar\u00e1 Ciudad Universitaria. Se inaugurar\u00e1 en unas semanas. Este nuevo pabell\u00f3n sumar\u00e1 aulas, oficinas y auditorios para los estudiantes y trabajadores de <a class=\"mh-excerpt-more\" href=\"https:\/\/www.comuna13online.com.ar\/?p=7207\" title=\"La Facultad de Ciencias Exactas y Naturales de N\u00fa\u00f1ez, tendr\u00e1 nuevo edificio\">[&#8230;]<\/a><\/div>\n","protected":false},"author":1,"featured_media":7201,"comment_status":"closed","ping_status":"closed","sticky":false,"template":"","format":"standard","meta":{"_uag_custom_page_level_css":"","_jetpack_memberships_contains_paid_content":false,"footnotes":"","jetpack_publicize_message":"","jetpack_publicize_feature_enabled":true,"jetpack_social_post_already_shared":true,"jetpack_social_options":{"image_generator_settings":{"template":"highway","default_image_id":0,"font":"","enabled":false},"version":2}},"categories":[68],"tags":[110,246,250],"class_list":{"0":"post-7207","1":"post","2":"type-post","3":"status-publish","4":"format-standard","5":"has-post-thumbnail","7":"category-espacio-publico","8":"tag-espacio-publico","9":"tag-h1","10":"tag-h2"},"jetpack_publicize_connections":[],"jetpack_featured_media_url":"https:\/\/www.comuna13online.com.ar\/wp-content\/uploads\/2019\/10\/20191023c.jpg","uagb_featured_image_src":{"full":["https:\/\/www.comuna13online.com.ar\/wp-content\/uploads\/2019\/10\/20191023c.jpg",1030,438,false],"thumbnail":["https:\/\/www.comuna13online.com.ar\/wp-content\/uploads\/2019\/10\/20191023c-150x150.jpg",96,96,true],"medium":["https:\/\/www.comuna13online.com.ar\/wp-content\/uploads\/2019\/10\/20191023c-678x288.jpg",678,288,true],"medium_large":["https:\/\/www.comuna13online.com.ar\/wp-content\/uploads\/2019\/10\/20191023c-768x327.jpg",768,327,true],"large":["https:\/\/www.comuna13online.com.ar\/wp-content\/uploads\/2019\/10\/20191023c.jpg",1030,438,false],"1536x1536":["https:\/\/www.comuna13online.com.ar\/wp-content\/uploads\/2019\/10\/20191023c.jpg",1030,438,false],"2048x2048":["https:\/\/www.comuna13online.com.ar\/wp-content\/uploads\/2019\/10\/20191023c.jpg",1030,438,false],"mh-magazine-slider":["https:\/\/www.comuna13online.com.ar\/wp-content\/uploads\/2019\/10\/20191023c.jpg",1030,438,false],"mh-magazine-content":["https:\/\/www.comuna13online.com.ar\/wp-content\/uploads\/2019\/10\/20191023c-678x381.jpg",678,381,true],"mh-magazine-large":["https:\/\/www.comuna13online.com.ar\/wp-content\/uploads\/2019\/10\/20191023c-678x438.jpg",678,438,true],"mh-magazine-medium":["https:\/\/www.comuna13online.com.ar\/wp-content\/uploads\/2019\/10\/20191023c-326x245.jpg",326,245,true],"mh-magazine-small":["https:\/\/www.comuna13online.com.ar\/wp-content\/uploads\/2019\/10\/20191023c-80x60.jpg",80,60,true],"sow-carousel-default":["https:\/\/www.comuna13online.com.ar\/wp-content\/uploads\/2019\/10\/20191023c-272x182.jpg",272,182,true]},"uagb_author_info":{"display_name":"Comuna13","author_link":"https:\/\/www.comuna13online.com.ar\/?author=1"},"uagb_comment_info":0,"uagb_excerpt":"Se llama Cero + Infinito, el edificio que renovar\u00e1 Ciudad Universitaria. Se inaugurar\u00e1 en unas semanas. Este nuevo pabell\u00f3n sumar\u00e1 aulas, oficinas y auditorios para los estudiantes y trabajadores de [...]","jetpack_sharing_enabled":true,"_links":{"self":[{"href":"https:\/\/www.comuna13online.com.ar\/index.php?rest_route=\/wp\/v2\/posts\/7207","targetHints":{"allow":["GET"]}}],"collection":[{"href":"https:\/\/www.comuna13online.com.ar\/index.php?rest_route=\/wp\/v2\/posts"}],"about":[{"href":"https:\/\/www.comuna13online.com.ar\/index.php?rest_route=\/wp\/v2\/types\/post"}],"author":[{"embeddable":true,"href":"https:\/\/www.comuna13online.com.ar\/index.php?rest_route=\/wp\/v2\/users\/1"}],"replies":[{"embeddable":true,"href":"https:\/\/www.comuna13online.com.ar\/index.php?rest_route=%2Fwp%2Fv2%2Fcomments&post=7207"}],"version-history":[{"count":0,"href":"https:\/\/www.comuna13online.com.ar\/index.php?rest_route=\/wp\/v2\/posts\/7207\/revisions"}],"wp:featuredmedia":[{"embeddable":true,"href":"https:\/\/www.comuna13online.com.ar\/index.php?rest_route=\/wp\/v2\/media\/7201"}],"wp:attachment":[{"href":"https:\/\/www.comuna13online.com.ar\/index.php?rest_route=%2Fwp%2Fv2%2Fmedia&parent=7207"}],"wp:term":[{"taxonomy":"category","embeddable":true,"href":"https:\/\/www.comuna13online.com.ar\/index.php?rest_route=%2Fwp%2Fv2%2Fcategories&post=7207"},{"taxonomy":"post_tag","embeddable":true,"href":"https:\/\/www.comuna13online.com.ar\/index.php?rest_route=%2Fwp%2Fv2%2Ftags&post=7207"}],"curies":[{"name":"wp","href":"https:\/\/api.w.org\/{rel}","templated":true}]}}