{"id":7074,"date":"2019-10-07T08:30:21","date_gmt":"2019-10-07T11:30:21","guid":{"rendered":"http:\/\/www.comuna13online.com.ar\/?p=7074"},"modified":"2019-10-07T12:36:05","modified_gmt":"2019-10-07T15:36:05","slug":"la-justicia-portena-declaro-inconstitucional-la-ley-que-permitia-la-incineracion-de-basura","status":"publish","type":"post","link":"https:\/\/www.comuna13online.com.ar\/?p=7074","title":{"rendered":"La justicia porte\u00f1a declar\u00f3 inconstitucional la ley que permit\u00eda la incineraci\u00f3n de basura"},"content":{"rendered":"<p><strong>Finalmente el proyecto del Gobierno porte\u00f1o para quemar residuos fue anulado por la jueza Liberatori. La decisi\u00f3n judicial llega gracias a un amparo presentado por organizaciones de cartoneros y ambientales.<\/strong><\/p>\n<p><img loading=\"lazy\" decoding=\"async\" data-attachment-id=\"7075\" data-permalink=\"https:\/\/www.comuna13online.com.ar\/?attachment_id=7075\" data-orig-file=\"https:\/\/www.comuna13online.com.ar\/wp-content\/uploads\/2019\/10\/20191007c1.jpg\" data-orig-size=\"678,452\" data-comments-opened=\"0\" data-image-meta=\"{&quot;aperture&quot;:&quot;0&quot;,&quot;credit&quot;:&quot;&quot;,&quot;camera&quot;:&quot;&quot;,&quot;caption&quot;:&quot;&quot;,&quot;created_timestamp&quot;:&quot;0&quot;,&quot;copyright&quot;:&quot;&quot;,&quot;focal_length&quot;:&quot;0&quot;,&quot;iso&quot;:&quot;0&quot;,&quot;shutter_speed&quot;:&quot;0&quot;,&quot;title&quot;:&quot;&quot;,&quot;orientation&quot;:&quot;0&quot;}\" data-image-title=\"20191007c1\" data-image-description=\"\" data-image-caption=\"\" data-large-file=\"https:\/\/www.comuna13online.com.ar\/wp-content\/uploads\/2019\/10\/20191007c1-657x438.jpg\" class=\"alignnone size-full wp-image-7075\" src=\"http:\/\/www.comuna13online.com.ar\/wp-content\/uploads\/2019\/10\/20191007c1.jpg\" alt=\"\" width=\"678\" height=\"452\" srcset=\"https:\/\/www.comuna13online.com.ar\/wp-content\/uploads\/2019\/10\/20191007c1.jpg 678w, https:\/\/www.comuna13online.com.ar\/wp-content\/uploads\/2019\/10\/20191007c1-657x438.jpg 657w, https:\/\/www.comuna13online.com.ar\/wp-content\/uploads\/2019\/10\/20191007c1-272x182.jpg 272w\" sizes=\"auto, (max-width: 678px) 100vw, 678px\" \/><\/p>\n<p>El pasado 2 de octubre, la jueza <strong>Elena Liberatori, <\/strong>titular del Juzgado de 1\u00b0 en lo Contencioso y Administrativo de la Ciudad, resolvi\u00f3 la nulidad e inconstitucionalidad de la Ley N\u00b0 5.966, que habilita la <strong>incineraci\u00f3n de basura en la Ciudad. <\/strong>Asimismo, exhort\u00f3 al Gobierno de la Ciudad y a la Legislatura porte\u00f1a a tomar en cuenta el principio precautorio para la evaluaci\u00f3n de proyectos o tecnolog\u00edas que pudiera generar un da\u00f1o al ambiente y a la salud en sentido integral.<\/p>\n<p>El amparo colectivo que logr\u00f3 la nulidad de la medida fue presentado por <strong>La Federaci\u00f3n de Cooperativas de Reciclado Limitada, la Cooperativa El Ceibo, la Cooperativa de Trabajo El \u00c1lamo, la Cooperativa de Trabajo las Madreselvas, la Cooperativa de Trabajo Reciclando Trabajo y Dignidad, la Cooperativa del Sur, el Observatorio del Derecho a la Ciudad (ODC), la Fundaci\u00f3n Ambiente y Recursos Naturales (FARN), la Asociaci\u00f3n por la Justicia Ambiental (AJAM) y la Fundaci\u00f3n Greenpeace Argentina.<\/strong><\/p>\n<p>Uno de los abogados de las organizaciones, <strong>Jonatan Baldiviezo<\/strong>, explic\u00f3: <em>\u201cLa Justicia fall\u00f3 favorablemente a las peticiones de las organizaciones cartoneras y ambientales, y declar\u00f3 nula la modificaci\u00f3n de la ley de basura cero que habilita la incineraci\u00f3n como m\u00e9todo de tratamiento de residuos provenientes de la Ciudad de Buenos Aires. Las organizaciones que presentaron el amparo el a\u00f1o pasado sosten\u00edan que la tecnolog\u00eda de incineraci\u00f3n atentaba contra las pol\u00edticas del reciclado y eran un claro retroceso en materia ambiental, asimismo pon\u00eda en riesgo la salud de las personas\u201d<\/em>.<\/p>\n<p>Y agreg\u00f3: <em>\u201cEn este contexto, donde la Uni\u00f3n Europea quita los subsidios a las empresas de incineraci\u00f3n en sus territorios, estas compa\u00f1\u00edas quieren ingresar a los mercados asi\u00e1ticos y latinoamericanos, y la \u00fanica manera es modificando las leyes para alcanzarlo y negando el paradigma de la Econom\u00eda Circular\u201d.<\/em><\/p>\n<p>La Ley 5.966, aprobada en 2018, modific\u00f3 la Ley 1.854 de Basura Cero a efectos de autorizar en la Ciudad la combusti\u00f3n de residuos s\u00f3lidos urbanos con recuperaci\u00f3n de energ\u00eda (termovalorizaci\u00f3n) con independencia del grado de reducci\u00f3n de la cantidad de residuos que son destinados a disposici\u00f3n final a los rellenos sanitarios.<\/p>\n<p>En los fundamentos, la jueza indic\u00f3 que la ley 5.966 es inconstitucional porque <em>\u201cha sido sancionada sin el procedimiento constitucional de la doble lectura y consecuente audiencia p\u00fablica\u201d.<\/em> Adem\u00e1s, <em>\u201cel GCBA no tuvo en cuenta los presupuestos m\u00ednimos contenidos en la Ley General del Ambiente ni las disposiciones de la Ley Nacional de Residuos Domiciliarios que autorizan en la etapa de tratamiento la valorizaci\u00f3n de residuos entendida como el reciclaje en todas sus formas f\u00edsica, qu\u00edmica, mec\u00e1nica o biol\u00f3gica, y la reutilizaci\u00f3n y no menciona ni autoriza la termovalorizaci6n de basura, no constituyendo este un m\u00e9todo adecuado de reciclaje\u201d<\/em>.<\/p>\n<p>Por su parte el legislador porte\u00f1o y candidato a senador por el Frente de Todos, <strong>Mariano Recalde,<\/strong> dijo: \u201c<em>El derecho a la salud y a un ambiente sano no son negociables. Queremos una Ciudad que construya un futuro mejor para las generaciones que vienen, no que se los arrebate\u201d.<\/em><\/p>\n<p>Mientras que su compa\u00f1era de bloque, <strong>Andrea Conde<\/strong>, calific\u00f3 la medida como \u201c<em>un freno a la escriban\u00eda d Larreta q sigue haciendo negocios q perjudican a la Ciudad. El freno definitivo hay q ponerlo en las urnas en octubre\u201d.<\/em><\/p>\n","protected":false},"excerpt":{"rendered":"<div class=\"mh-excerpt\">Finalmente el proyecto del Gobierno porte\u00f1o para quemar residuos fue anulado por la jueza Liberatori. La decisi\u00f3n judicial llega gracias a un amparo presentado por organizaciones de cartoneros y ambientales. <a class=\"mh-excerpt-more\" href=\"https:\/\/www.comuna13online.com.ar\/?p=7074\" title=\"La justicia porte\u00f1a declar\u00f3 inconstitucional la ley que permit\u00eda la incineraci\u00f3n de basura\">[&#8230;]<\/a><\/div>\n","protected":false},"author":1,"featured_media":7076,"comment_status":"closed","ping_status":"closed","sticky":false,"template":"","format":"standard","meta":{"_uag_custom_page_level_css":"","_jetpack_memberships_contains_paid_content":false,"footnotes":"","jetpack_publicize_message":"","jetpack_publicize_feature_enabled":true,"jetpack_social_post_already_shared":true,"jetpack_social_options":{"image_generator_settings":{"template":"highway","default_image_id":0,"font":"","enabled":false},"version":2}},"categories":[4],"tags":[38,246,250,108],"class_list":{"0":"post-7074","1":"post","2":"type-post","3":"status-publish","4":"format-standard","5":"has-post-thumbnail","7":"category-justicia","8":"tag-basura","9":"tag-h1","10":"tag-h2","11":"tag-justicia"},"jetpack_publicize_connections":[],"jetpack_featured_media_url":"https:\/\/www.comuna13online.com.ar\/wp-content\/uploads\/2019\/10\/20191007c.jpg","uagb_featured_image_src":{"full":["https:\/\/www.comuna13online.com.ar\/wp-content\/uploads\/2019\/10\/20191007c.jpg",1030,438,false],"thumbnail":["https:\/\/www.comuna13online.com.ar\/wp-content\/uploads\/2019\/10\/20191007c-150x150.jpg",96,96,true],"medium":["https:\/\/www.comuna13online.com.ar\/wp-content\/uploads\/2019\/10\/20191007c-678x288.jpg",678,288,true],"medium_large":["https:\/\/www.comuna13online.com.ar\/wp-content\/uploads\/2019\/10\/20191007c-768x327.jpg",768,327,true],"large":["https:\/\/www.comuna13online.com.ar\/wp-content\/uploads\/2019\/10\/20191007c.jpg",1030,438,false],"1536x1536":["https:\/\/www.comuna13online.com.ar\/wp-content\/uploads\/2019\/10\/20191007c.jpg",1030,438,false],"2048x2048":["https:\/\/www.comuna13online.com.ar\/wp-content\/uploads\/2019\/10\/20191007c.jpg",1030,438,false],"mh-magazine-slider":["https:\/\/www.comuna13online.com.ar\/wp-content\/uploads\/2019\/10\/20191007c.jpg",1030,438,false],"mh-magazine-content":["https:\/\/www.comuna13online.com.ar\/wp-content\/uploads\/2019\/10\/20191007c-678x381.jpg",678,381,true],"mh-magazine-large":["https:\/\/www.comuna13online.com.ar\/wp-content\/uploads\/2019\/10\/20191007c-678x438.jpg",678,438,true],"mh-magazine-medium":["https:\/\/www.comuna13online.com.ar\/wp-content\/uploads\/2019\/10\/20191007c-326x245.jpg",326,245,true],"mh-magazine-small":["https:\/\/www.comuna13online.com.ar\/wp-content\/uploads\/2019\/10\/20191007c-80x60.jpg",80,60,true],"sow-carousel-default":["https:\/\/www.comuna13online.com.ar\/wp-content\/uploads\/2019\/10\/20191007c-272x182.jpg",272,182,true]},"uagb_author_info":{"display_name":"Comuna13","author_link":"https:\/\/www.comuna13online.com.ar\/?author=1"},"uagb_comment_info":0,"uagb_excerpt":"Finalmente el proyecto del Gobierno porte\u00f1o para quemar residuos fue anulado por la jueza Liberatori. La decisi\u00f3n judicial llega gracias a un amparo presentado por organizaciones de cartoneros y ambientales. [...]","jetpack_sharing_enabled":true,"_links":{"self":[{"href":"https:\/\/www.comuna13online.com.ar\/index.php?rest_route=\/wp\/v2\/posts\/7074","targetHints":{"allow":["GET"]}}],"collection":[{"href":"https:\/\/www.comuna13online.com.ar\/index.php?rest_route=\/wp\/v2\/posts"}],"about":[{"href":"https:\/\/www.comuna13online.com.ar\/index.php?rest_route=\/wp\/v2\/types\/post"}],"author":[{"embeddable":true,"href":"https:\/\/www.comuna13online.com.ar\/index.php?rest_route=\/wp\/v2\/users\/1"}],"replies":[{"embeddable":true,"href":"https:\/\/www.comuna13online.com.ar\/index.php?rest_route=%2Fwp%2Fv2%2Fcomments&post=7074"}],"version-history":[{"count":0,"href":"https:\/\/www.comuna13online.com.ar\/index.php?rest_route=\/wp\/v2\/posts\/7074\/revisions"}],"wp:featuredmedia":[{"embeddable":true,"href":"https:\/\/www.comuna13online.com.ar\/index.php?rest_route=\/wp\/v2\/media\/7076"}],"wp:attachment":[{"href":"https:\/\/www.comuna13online.com.ar\/index.php?rest_route=%2Fwp%2Fv2%2Fmedia&parent=7074"}],"wp:term":[{"taxonomy":"category","embeddable":true,"href":"https:\/\/www.comuna13online.com.ar\/index.php?rest_route=%2Fwp%2Fv2%2Fcategories&post=7074"},{"taxonomy":"post_tag","embeddable":true,"href":"https:\/\/www.comuna13online.com.ar\/index.php?rest_route=%2Fwp%2Fv2%2Ftags&post=7074"}],"curies":[{"name":"wp","href":"https:\/\/api.w.org\/{rel}","templated":true}]}}