{"id":7029,"date":"2019-10-03T11:37:39","date_gmt":"2019-10-03T14:37:39","guid":{"rendered":"http:\/\/www.comuna13online.com.ar\/?p=7029"},"modified":"2019-10-03T11:37:39","modified_gmt":"2019-10-03T14:37:39","slug":"el-frente-de-todos-pidio-que-larreta-no-oculte-a-macri-en-el-cuarto-oscuro","status":"publish","type":"post","link":"https:\/\/www.comuna13online.com.ar\/?p=7029","title":{"rendered":"El Frente de Todos pidi\u00f3 que Larreta no oculte a Macri en el cuarto oscuro"},"content":{"rendered":"<p><strong>El Frente de Todos CABA\u00a0 hizo una presentaci\u00f3n ante la justicia para que se garantice que las boletas de los partidos se exhiban en el cuarto oscuro de forma desdoblada.<\/strong><\/p>\n<p><img loading=\"lazy\" decoding=\"async\" data-attachment-id=\"7030\" data-permalink=\"https:\/\/www.comuna13online.com.ar\/?attachment_id=7030\" data-orig-file=\"https:\/\/www.comuna13online.com.ar\/wp-content\/uploads\/2019\/10\/20191003a1.jpg\" data-orig-size=\"678,466\" data-comments-opened=\"0\" data-image-meta=\"{&quot;aperture&quot;:&quot;0&quot;,&quot;credit&quot;:&quot;&quot;,&quot;camera&quot;:&quot;&quot;,&quot;caption&quot;:&quot;&quot;,&quot;created_timestamp&quot;:&quot;0&quot;,&quot;copyright&quot;:&quot;&quot;,&quot;focal_length&quot;:&quot;0&quot;,&quot;iso&quot;:&quot;0&quot;,&quot;shutter_speed&quot;:&quot;0&quot;,&quot;title&quot;:&quot;&quot;,&quot;orientation&quot;:&quot;0&quot;}\" data-image-title=\"20191003a1\" data-image-description=\"\" data-image-caption=\"\" data-large-file=\"https:\/\/www.comuna13online.com.ar\/wp-content\/uploads\/2019\/10\/20191003a1-637x438.jpg\" class=\"alignnone size-full wp-image-7030\" src=\"http:\/\/www.comuna13online.com.ar\/wp-content\/uploads\/2019\/10\/20191003a1.jpg\" alt=\"\" width=\"678\" height=\"466\" srcset=\"https:\/\/www.comuna13online.com.ar\/wp-content\/uploads\/2019\/10\/20191003a1.jpg 678w, https:\/\/www.comuna13online.com.ar\/wp-content\/uploads\/2019\/10\/20191003a1-658x452.jpg 658w, https:\/\/www.comuna13online.com.ar\/wp-content\/uploads\/2019\/10\/20191003a1-637x438.jpg 637w\" sizes=\"auto, (max-width: 678px) 100vw, 678px\" \/><\/p>\n<p>Los apoderados del Frente de Todos de la Ciudad realizaron una presentaci\u00f3n ante la Jueza Mar\u00eda Romilda Servini de Cubr\u00eda en el Juzgado con Competencia Electoral en el distrito para que se tomen las medidas necesarias para que las boletas de todos los partidos se exhiban en el cuarto oscuro de forma apaisada y desdoblada.<\/p>\n<p>Se busca evitar lo que sucedi\u00f3 en las PASO, donde las boletas de Juntos por el Cambio fueron repartidas por el Correo Argentino dobladas por la mitad, de manera que en los cuartos oscuros se exhibieron a los electores del lado en el que se mostraba \u00fanicamente la boleta del candidato a Jefe de Gobierno, Horacio Rodr\u00edguez Larreta, y ocultando la boleta del candidato a Presidente, Mauricio Macri.<\/p>\n<p>Desde el\u00a0Frente de Todos aseguran que lo sucedido en las PASO tuvo como objetivo limitar el arrastre negativo de Macri a las categor\u00edas inferiores de la boleta de Juntos por el Cambio.<\/p>\n<div align=\"center\">\n<blockquote class=\"twitter-tweet\">\n<p dir=\"ltr\" lang=\"es\">\u00bfQu\u00e9 pasa <a href=\"https:\/\/twitter.com\/horaciorlarreta?ref_src=twsrc%5Etfw\">@horaciorlarreta<\/a> ? Los fiscales de Cambiemos ponen las boletas dobladas para esconder a Macri. <a href=\"https:\/\/t.co\/EHqGoX4cVe\">pic.twitter.com\/EHqGoX4cVe<\/a><\/p>\n<p>\u2014 Mat\u00edas Zalduendo (@matiaszalduendo) <a href=\"https:\/\/twitter.com\/matiaszalduendo\/status\/1160509491655430144?ref_src=twsrc%5Etfw\">August 11, 2019<\/a><\/p><\/blockquote>\n<p><script async src=\"https:\/\/platform.twitter.com\/widgets.js\" charset=\"utf-8\"><\/script><\/p>\n<\/div>\n<p><em>\u201cLo ocurrido durante las primarias es muy grave, porque constituye una abierta violaci\u00f3n del C\u00f3digo Electoral y de las propias resoluciones de la justicia electoral acerca de la presentaci\u00f3n de las boletas ante el Correo previo a la elecci\u00f3n, que debe hacerse de forma apaisada y desdoblada\u201d<\/em>, explic\u00f3 el apoderado del Frente de Todos de la Ciudad, Mauro Riano.<\/p>\n<p><em>\u201cEl hecho atenta contra principios elementales del sistema democr\u00e1tico, como el desarrollo de elecciones limpias, la no confusi\u00f3n del electorado y el respeto irrestricto a la genuina voluntad de los ciudadanos, adem\u00e1s de que tambi\u00e9n podr\u00eda configurar una conducta delictiva que est\u00e1 tipificada en el C\u00f3digo Electoral, como la inducci\u00f3n al voto con enga\u00f1os\u201d<\/em>. advirti\u00f3.<\/p>\n","protected":false},"excerpt":{"rendered":"<div class=\"mh-excerpt\">El Frente de Todos CABA\u00a0 hizo una presentaci\u00f3n ante la justicia para que se garantice que las boletas de los partidos se exhiban en el cuarto oscuro de forma desdoblada. <a class=\"mh-excerpt-more\" href=\"https:\/\/www.comuna13online.com.ar\/?p=7029\" title=\"El Frente de Todos pidi\u00f3 que Larreta no oculte a Macri en el cuarto oscuro\">[&#8230;]<\/a><\/div>\n","protected":false},"author":1,"featured_media":7031,"comment_status":"closed","ping_status":"closed","sticky":false,"template":"","format":"standard","meta":{"_uag_custom_page_level_css":"","_jetpack_memberships_contains_paid_content":false,"footnotes":"","jetpack_publicize_message":"@TodosCaba pidi\u00f3 que Larreta no oculte a Macri en el cuarto oscuro #VienenAiresBuenos","jetpack_publicize_feature_enabled":true,"jetpack_social_post_already_shared":true,"jetpack_social_options":{"image_generator_settings":{"template":"highway","default_image_id":0,"font":"","enabled":false},"version":2}},"categories":[232],"tags":[190,246,250,108],"class_list":{"0":"post-7029","1":"post","2":"type-post","3":"status-publish","4":"format-standard","5":"has-post-thumbnail","7":"category-elecciones","8":"tag-elecciones","9":"tag-h1","10":"tag-h2","11":"tag-justicia"},"jetpack_publicize_connections":[],"jetpack_featured_media_url":"https:\/\/www.comuna13online.com.ar\/wp-content\/uploads\/2019\/10\/20191003a.jpg","uagb_featured_image_src":{"full":["https:\/\/www.comuna13online.com.ar\/wp-content\/uploads\/2019\/10\/20191003a.jpg",1030,438,false],"thumbnail":["https:\/\/www.comuna13online.com.ar\/wp-content\/uploads\/2019\/10\/20191003a-150x150.jpg",96,96,true],"medium":["https:\/\/www.comuna13online.com.ar\/wp-content\/uploads\/2019\/10\/20191003a-678x288.jpg",678,288,true],"medium_large":["https:\/\/www.comuna13online.com.ar\/wp-content\/uploads\/2019\/10\/20191003a-768x327.jpg",768,327,true],"large":["https:\/\/www.comuna13online.com.ar\/wp-content\/uploads\/2019\/10\/20191003a.jpg",1030,438,false],"1536x1536":["https:\/\/www.comuna13online.com.ar\/wp-content\/uploads\/2019\/10\/20191003a.jpg",1030,438,false],"2048x2048":["https:\/\/www.comuna13online.com.ar\/wp-content\/uploads\/2019\/10\/20191003a.jpg",1030,438,false],"mh-magazine-slider":["https:\/\/www.comuna13online.com.ar\/wp-content\/uploads\/2019\/10\/20191003a.jpg",1030,438,false],"mh-magazine-content":["https:\/\/www.comuna13online.com.ar\/wp-content\/uploads\/2019\/10\/20191003a-678x381.jpg",678,381,true],"mh-magazine-large":["https:\/\/www.comuna13online.com.ar\/wp-content\/uploads\/2019\/10\/20191003a-678x438.jpg",678,438,true],"mh-magazine-medium":["https:\/\/www.comuna13online.com.ar\/wp-content\/uploads\/2019\/10\/20191003a-326x245.jpg",326,245,true],"mh-magazine-small":["https:\/\/www.comuna13online.com.ar\/wp-content\/uploads\/2019\/10\/20191003a-80x60.jpg",80,60,true],"sow-carousel-default":["https:\/\/www.comuna13online.com.ar\/wp-content\/uploads\/2019\/10\/20191003a-272x182.jpg",272,182,true]},"uagb_author_info":{"display_name":"Comuna13","author_link":"https:\/\/www.comuna13online.com.ar\/?author=1"},"uagb_comment_info":0,"uagb_excerpt":"El Frente de Todos CABA\u00a0 hizo una presentaci\u00f3n ante la justicia para que se garantice que las boletas de los partidos se exhiban en el cuarto oscuro de forma desdoblada. [...]","jetpack_sharing_enabled":true,"_links":{"self":[{"href":"https:\/\/www.comuna13online.com.ar\/index.php?rest_route=\/wp\/v2\/posts\/7029","targetHints":{"allow":["GET"]}}],"collection":[{"href":"https:\/\/www.comuna13online.com.ar\/index.php?rest_route=\/wp\/v2\/posts"}],"about":[{"href":"https:\/\/www.comuna13online.com.ar\/index.php?rest_route=\/wp\/v2\/types\/post"}],"author":[{"embeddable":true,"href":"https:\/\/www.comuna13online.com.ar\/index.php?rest_route=\/wp\/v2\/users\/1"}],"replies":[{"embeddable":true,"href":"https:\/\/www.comuna13online.com.ar\/index.php?rest_route=%2Fwp%2Fv2%2Fcomments&post=7029"}],"version-history":[{"count":0,"href":"https:\/\/www.comuna13online.com.ar\/index.php?rest_route=\/wp\/v2\/posts\/7029\/revisions"}],"wp:featuredmedia":[{"embeddable":true,"href":"https:\/\/www.comuna13online.com.ar\/index.php?rest_route=\/wp\/v2\/media\/7031"}],"wp:attachment":[{"href":"https:\/\/www.comuna13online.com.ar\/index.php?rest_route=%2Fwp%2Fv2%2Fmedia&parent=7029"}],"wp:term":[{"taxonomy":"category","embeddable":true,"href":"https:\/\/www.comuna13online.com.ar\/index.php?rest_route=%2Fwp%2Fv2%2Fcategories&post=7029"},{"taxonomy":"post_tag","embeddable":true,"href":"https:\/\/www.comuna13online.com.ar\/index.php?rest_route=%2Fwp%2Fv2%2Ftags&post=7029"}],"curies":[{"name":"wp","href":"https:\/\/api.w.org\/{rel}","templated":true}]}}