{"id":7004,"date":"2019-10-01T14:28:39","date_gmt":"2019-10-01T17:28:39","guid":{"rendered":"http:\/\/www.comuna13online.com.ar\/?p=7004"},"modified":"2019-10-02T12:29:23","modified_gmt":"2019-10-02T15:29:23","slug":"gran-operativo-para-la-primer-semifinal-entre-river-y-boca","status":"publish","type":"post","link":"https:\/\/www.comuna13online.com.ar\/?p=7004","title":{"rendered":"Gran operativo para la primer semifinal entre River y Boca"},"content":{"rendered":"<p><strong>River y boca disputan hoy el primer encuentro por las semifinales de la Copa Libertadores, se desplegar\u00e1 un gran operativo de seguridad y tr\u00e1nsito a partir de las 16 horas.<\/strong><\/p>\n<p><img loading=\"lazy\" decoding=\"async\" data-attachment-id=\"7005\" data-permalink=\"https:\/\/www.comuna13online.com.ar\/?attachment_id=7005\" data-orig-file=\"https:\/\/www.comuna13online.com.ar\/wp-content\/uploads\/2019\/10\/20191001c3.jpg\" data-orig-size=\"678,452\" data-comments-opened=\"0\" data-image-meta=\"{&quot;aperture&quot;:&quot;0&quot;,&quot;credit&quot;:&quot;&quot;,&quot;camera&quot;:&quot;&quot;,&quot;caption&quot;:&quot;&quot;,&quot;created_timestamp&quot;:&quot;0&quot;,&quot;copyright&quot;:&quot;&quot;,&quot;focal_length&quot;:&quot;0&quot;,&quot;iso&quot;:&quot;0&quot;,&quot;shutter_speed&quot;:&quot;0&quot;,&quot;title&quot;:&quot;&quot;,&quot;orientation&quot;:&quot;0&quot;}\" data-image-title=\"20191001c3\" data-image-description=\"\" data-image-caption=\"\" data-large-file=\"https:\/\/www.comuna13online.com.ar\/wp-content\/uploads\/2019\/10\/20191001c3-657x438.jpg\" class=\"alignnone size-full wp-image-7005\" src=\"http:\/\/www.comuna13online.com.ar\/wp-content\/uploads\/2019\/10\/20191001c3.jpg\" alt=\"\" width=\"678\" height=\"452\" srcset=\"https:\/\/www.comuna13online.com.ar\/wp-content\/uploads\/2019\/10\/20191001c3.jpg 678w, https:\/\/www.comuna13online.com.ar\/wp-content\/uploads\/2019\/10\/20191001c3-657x438.jpg 657w, https:\/\/www.comuna13online.com.ar\/wp-content\/uploads\/2019\/10\/20191001c3-272x182.jpg 272w\" sizes=\"auto, (max-width: 678px) 100vw, 678px\" \/><\/p>\n<p>No se trata de un partido m\u00e1s, ni de una semifinal m\u00e1s, River y boca vuelven a cruzarse una vez mas luego de la hist\u00f3rica final que consagro al conjunto millonario campe\u00f3n en Madrid. El antecedente inmediato fue hace un mes por la Superliga, igualaron 0 a 0 en el Monumental en un partido muy friccionado donde el visitante propuso un esquema ultra conservador y celebr\u00f3 el resultado, a River le falt\u00f3 precisi\u00f3n en los \u00faltimos metros.<\/p>\n<p>Teniendo en cuenta los hechos de violencia ocurridos en la avenida Libertador previo a la final 2018 que ocasionaron la suspensi\u00f3n y mudanza del encuentro a Espa\u00f1a, el Gobierno de la Ciudad desplegar\u00e1 1700 efectivos para custodiar la seguridad de los simpatizantes y con especial cuidado en el acceso del micro que traslada al equipo rival.<\/p>\n<p>Esta noche el monumental explotar\u00e1 nuevamente, m\u00e1s de 70 mil simpatizantes adquirieron su entrada que dejaron en las arcas del club una cifra superior a los 2.000.000 de d\u00f3lares.<\/p>\n<p>El Clima: Seg\u00fan el Servicio Meteorol\u00f3gico Nacional, para esta noche hay una baja probabilidad de lluvias, aunque habr\u00e1 que ver el estado del campo de juego tras la gran cantidad de lluvias que azota la Ciudad desde la madrugada. La temperatura rondar\u00e1 los 13\u00ba y habra vientos leves del sudeste.<\/p>\n<p><img loading=\"lazy\" decoding=\"async\" data-attachment-id=\"7006\" data-permalink=\"https:\/\/www.comuna13online.com.ar\/?attachment_id=7006\" data-orig-file=\"https:\/\/www.comuna13online.com.ar\/wp-content\/uploads\/2019\/10\/20191001c2.jpg\" data-orig-size=\"678,379\" data-comments-opened=\"0\" data-image-meta=\"{&quot;aperture&quot;:&quot;0&quot;,&quot;credit&quot;:&quot;&quot;,&quot;camera&quot;:&quot;&quot;,&quot;caption&quot;:&quot;&quot;,&quot;created_timestamp&quot;:&quot;0&quot;,&quot;copyright&quot;:&quot;&quot;,&quot;focal_length&quot;:&quot;0&quot;,&quot;iso&quot;:&quot;0&quot;,&quot;shutter_speed&quot;:&quot;0&quot;,&quot;title&quot;:&quot;&quot;,&quot;orientation&quot;:&quot;0&quot;}\" data-image-title=\"20191001c2\" data-image-description=\"\" data-image-caption=\"\" data-large-file=\"https:\/\/www.comuna13online.com.ar\/wp-content\/uploads\/2019\/10\/20191001c2.jpg\" class=\"alignnone size-full wp-image-7006\" src=\"http:\/\/www.comuna13online.com.ar\/wp-content\/uploads\/2019\/10\/20191001c2.jpg\" alt=\"\" width=\"678\" height=\"379\" \/><\/p>\n<p>Como es costumbre cada vez que River vive una fiesta en su cancha gracias al trabajo de la subcomisi\u00f3n del hincha, para este partido no han anticipado nada, pero seguramente no faltaran las cl\u00e1sicas tiras rojas y blancas y \u00bfhabr\u00e1 mosaico?, recordemos que para el encuentro disputado por la Superliga la APREVIDE prohibi\u00f3 dos que se iban a desplegar en la Platea San Martin alta haciendo referencia a los dos t\u00edtulos conseguidos en 2018.<\/p>\n<p>En cuanto al equipo, Marcelo Gallardo tendr\u00eda nueve de los once confirmados, las dudas pasan por Paulo D\u00edaz o Javier Pinola en la defensa y la participaci\u00f3n de Nicol\u00e1s De La Cruz, que recibi\u00f3 el alta el domingo luego de una lesi\u00f3n muscular, tambi\u00e9n se puede esperar alguna sorpresa del DT como ya lo ha hecho en varias ocasiones.<\/p>\n<p>En tanto que boca la duda pasa por el estado de Eduardo Salvio que ser\u00e1 esperado hasta \u00faltimo momento, Franco Soldano ser\u00eda su reemplazante en caso de no recuperarse.<\/p>\n<h3>Probables formaciones:<\/h3>\n<p><span style=\"color: #ff0000;\"><strong>River<\/strong><\/span>: 1-Franco Armani; 29-Gonzalo Montiel, 28-Lucas Mart\u00ednez Quarta, 6-Paulo D\u00edaz, 20-Milton Casco; 24-Enzo P\u00e9rez; 26-Ignacio Fern\u00e1ndez, 15-Exequiel Palacios, 11-Nicol\u00e1s De La Cruz; 7-Mat\u00edas Su\u00e1rez y 19-Rafael Borr\u00e9. DT: Marcelo Gallardo.<\/p>\n<p><span style=\"color: #ff0000;\">Suplentes<\/span>:\u00a025-Enrique Bologna, 2-Robert Rojas, 22-Javier Pinola, 3-Nahuel Gallardo, 4-Fabrizio Angileri, 5-Bruno Zuculini, 13-Santiago Sosa, 8-Jorge Carrascal, 18-Benjam\u00edn Rollheiser, 30-Ignacio Scocco, 27-Lucas Pratto y 9-Juli\u00e1n \u00c1lvarez.<\/p>\n<p><span style=\"color: #0000ff;\">boca<\/span>: 1-Esteban Andrada; 29-Marcelo Weigandt, 20-Lisandro L\u00f3pez, 24-Carlos Izquierdoz, 3-Emmanuel M\u00e1s; 23-Iv\u00e1n Marcone, 14-Nicol\u00e1s Capaldo; 9-Franco Soldano, 30-Emanuel Reynoso, 8-Alexis Mac Allister; 17-Ram\u00f3n \u00c1bila. DT: Gustavo Alfaro.<\/p>\n<p>Suplentes: 12-Marcos D\u00edaz, 4-Julio Buffarini, 2-Paolo Goltz, 6-Junior Alonso, 18-Frank Fabra, 21-Jorman Campuzano, 5-Agust\u00edn Almendra, 7-Daniele De Rossi, 27-Eduardo Salvio, 19-Mauro Z\u00e1rate, 22-Sebasti\u00e1n Villa, 11-Agust\u00edn Obando, 10-Carlos Tevez y 25-Jan Hurtado. (dos quedar\u00e1n afuera)<\/p>\n<p>Estadio: River Plate (Antonio V. Liberti)<br \/>\nHora: 21:30<\/p>\n<p>\u00c1rbitro: Raphael Claus (Brasil)<br \/>\nAsistentes: Danilo Manis (Brasil) y Bruno Pires (Brasil)<br \/>\nCuarto \u00e1rbitro: Arnaldo Samaniego (Paraguay)<br \/>\nVAR: Nicol\u00e1s Gallo (Colombia)<br \/>\nTV: Fox Sports<\/p>\n<p><a href=\"http:\/\/www.comuna13online.com.ar\/wp-content\/uploads\/2019\/10\/mapa_river_singuarderia_sz.jpg\" target=\"_blank\" rel=\"noopener noreferrer\"><img loading=\"lazy\" decoding=\"async\" data-attachment-id=\"7008\" data-permalink=\"https:\/\/www.comuna13online.com.ar\/?attachment_id=7008\" data-orig-file=\"https:\/\/www.comuna13online.com.ar\/wp-content\/uploads\/2019\/10\/mapa_river_singuarderia.jpg\" data-orig-size=\"678,593\" data-comments-opened=\"0\" data-image-meta=\"{&quot;aperture&quot;:&quot;0&quot;,&quot;credit&quot;:&quot;&quot;,&quot;camera&quot;:&quot;&quot;,&quot;caption&quot;:&quot;&quot;,&quot;created_timestamp&quot;:&quot;0&quot;,&quot;copyright&quot;:&quot;&quot;,&quot;focal_length&quot;:&quot;0&quot;,&quot;iso&quot;:&quot;0&quot;,&quot;shutter_speed&quot;:&quot;0&quot;,&quot;title&quot;:&quot;&quot;,&quot;orientation&quot;:&quot;0&quot;}\" data-image-title=\"mapa_river_singuarderia\" data-image-description=\"\" data-image-caption=\"\" data-large-file=\"https:\/\/www.comuna13online.com.ar\/wp-content\/uploads\/2019\/10\/mapa_river_singuarderia-501x438.jpg\" class=\"alignnone wp-image-7008 size-full\" src=\"http:\/\/www.comuna13online.com.ar\/wp-content\/uploads\/2019\/10\/mapa_river_singuarderia.jpg\" alt=\"\" width=\"678\" height=\"593\" srcset=\"https:\/\/www.comuna13online.com.ar\/wp-content\/uploads\/2019\/10\/mapa_river_singuarderia.jpg 678w, https:\/\/www.comuna13online.com.ar\/wp-content\/uploads\/2019\/10\/mapa_river_singuarderia-517x452.jpg 517w, https:\/\/www.comuna13online.com.ar\/wp-content\/uploads\/2019\/10\/mapa_river_singuarderia-501x438.jpg 501w\" sizes=\"auto, (max-width: 678px) 100vw, 678px\" \/><\/a><\/p>\n<p>Las puertas de acceso al Monumental se abrir\u00e1n tres horas antes del inicio del partido, por lo que el Club solicita que los socios y simpatizantes lleguen con suficiente antelaci\u00f3n para evitar inconvenientes en el ingreso.<\/p>\n<p>Por cuestiones de seguridad, los espectadores podr\u00e1n ingresar al Estadio desde la apertura hasta finalizado el primer tiempo. Un vez transcurrido el primer tiempo se levantar\u00e1n los controles de seguridad y de entradas, por lo que no se permitir\u00e1 el ingreso de espectadores.<\/p>\n<p>River Plate informa que en el partido de este martes, por disposici\u00f3n del Ministerio de Seguridad y Justicia de la Ciudad Aut\u00f3noma de Buenos Aires, el acceso por el play\u00f3n interno (altura canchas de tenis) estar\u00e1 completamente cerrado, por lo que el Club resalta la importancia de respetar los puntos de ingresos a las diferentes tribunas.<\/p>\n<p><span style=\"color: #800000;\"><strong>Acceso a las tribunas<\/strong><\/span><\/p>\n<ul>\n<li>Centenario alta (local): Puertas H, I, J, L, M.<\/li>\n<li>Centenario media\/baja: Puertas K, G.<\/li>\n<li>San Mart\u00edn alta: Puertas B, E, F.<\/li>\n<li>San Mart\u00edn media\/baja: Puerta D2.<\/li>\n<li>Belgrano alta: Puertas Q, R, T, U.<\/li>\n<li>Belgrano media\/baja: Puerta S.<\/li>\n<li>S\u00edvori alta: Puertas T1, T2, T3.<\/li>\n<li>S\u00edvori media y baja: Puertas X, Y, Z, W.<\/li>\n<\/ul>\n<p><a href=\"http:\/\/www.cariverplate.com.ar\/imagenes\/archivos\/2019-09\/134408-accesosvs.boca.jpg\" target=\"_blank\" rel=\"noopener noreferrer\"><img loading=\"lazy\" decoding=\"async\" class=\"alignnone\" src=\"http:\/\/www.cariverplate.com.ar\/imagenes\/archivos\/2019-09\/134408-accesosvs.boca.jpg\" alt=\"\" width=\"4811\" height=\"3917\" \/><\/a><\/p>\n<p>Las personas con discapacidad, previamente acreditadas en River Sin Barreras, ingresar\u00e1n por la tribuna Centenario media-baja (Puerta K). Las personas con discapacidad usuarias de silla de ruedas ingresar\u00e1n por puerta de Prensa (Avenida Udaondo).<\/p>\n<p>Por disposiciones del Comit\u00e9 de Seguridad, se encuentra prohibido el ingreso de pirotecnia y de banderas que excedan la medida de 2\u00d71 metro. El Club solicita evitar estos actos para no recibir sanciones econ\u00f3micas.<\/p>\n<p>Queda estrictamente prohibido el uso de todo tipo de elementos pirot\u00e9cnicos dentro de nuestro Estadio conforme al Art. 88\u00b0bis. del Reglamento de Transgresiones y Penas de AFA, al Art. 16\u00b0 del Estatuto CARP y Art. 11\u00b0 inc.2. del Reglamento Disciplinario de Conmebol. Quienes no cumplan con ello ser\u00e1n sancionados con hasta la pena de expulsi\u00f3n del Club.<\/p>\n<p>Por disposici\u00f3n de la Direcci\u00f3n Nacional de Seguridad en Espect\u00e1culos Futbol\u00edsticos, dependiente del Ministerio de Seguridad de la Naci\u00f3n, es obligatorio que los simpatizantes concurran al Estadio con el Documento Nacional de Identidad.<\/p>\n","protected":false},"excerpt":{"rendered":"<div class=\"mh-excerpt\">River y boca disputan hoy el primer encuentro por las semifinales de la Copa Libertadores, se desplegar\u00e1 un gran operativo de seguridad y tr\u00e1nsito a partir de las 16 horas. <a class=\"mh-excerpt-more\" href=\"https:\/\/www.comuna13online.com.ar\/?p=7004\" title=\"Gran operativo para la primer semifinal entre River y Boca\">[&#8230;]<\/a><\/div>\n","protected":false},"author":1,"featured_media":7009,"comment_status":"closed","ping_status":"closed","sticky":false,"template":"","format":"standard","meta":{"_uag_custom_page_level_css":"","_jetpack_memberships_contains_paid_content":false,"footnotes":"","jetpack_publicize_message":"Gran operativo para la primer semifinal entre River y Boca #River #CopaLibertadores","jetpack_publicize_feature_enabled":true,"jetpack_social_post_already_shared":true,"jetpack_social_options":{"image_generator_settings":{"template":"highway","default_image_id":0,"font":"","enabled":false},"version":2}},"categories":[53],"tags":[250,175,54],"class_list":{"0":"post-7004","1":"post","2":"type-post","3":"status-publish","4":"format-standard","5":"has-post-thumbnail","7":"category-transito","8":"tag-h2","9":"tag-river","10":"tag-transito"},"jetpack_publicize_connections":[],"jetpack_featured_media_url":"https:\/\/www.comuna13online.com.ar\/wp-content\/uploads\/2019\/10\/20191001c.jpg","uagb_featured_image_src":{"full":["https:\/\/www.comuna13online.com.ar\/wp-content\/uploads\/2019\/10\/20191001c.jpg",1030,438,false],"thumbnail":["https:\/\/www.comuna13online.com.ar\/wp-content\/uploads\/2019\/10\/20191001c-150x150.jpg",96,96,true],"medium":["https:\/\/www.comuna13online.com.ar\/wp-content\/uploads\/2019\/10\/20191001c-678x288.jpg",678,288,true],"medium_large":["https:\/\/www.comuna13online.com.ar\/wp-content\/uploads\/2019\/10\/20191001c-768x327.jpg",768,327,true],"large":["https:\/\/www.comuna13online.com.ar\/wp-content\/uploads\/2019\/10\/20191001c.jpg",1030,438,false],"1536x1536":["https:\/\/www.comuna13online.com.ar\/wp-content\/uploads\/2019\/10\/20191001c.jpg",1030,438,false],"2048x2048":["https:\/\/www.comuna13online.com.ar\/wp-content\/uploads\/2019\/10\/20191001c.jpg",1030,438,false],"mh-magazine-slider":["https:\/\/www.comuna13online.com.ar\/wp-content\/uploads\/2019\/10\/20191001c.jpg",1030,438,false],"mh-magazine-content":["https:\/\/www.comuna13online.com.ar\/wp-content\/uploads\/2019\/10\/20191001c-678x381.jpg",678,381,true],"mh-magazine-large":["https:\/\/www.comuna13online.com.ar\/wp-content\/uploads\/2019\/10\/20191001c-678x438.jpg",678,438,true],"mh-magazine-medium":["https:\/\/www.comuna13online.com.ar\/wp-content\/uploads\/2019\/10\/20191001c-326x245.jpg",326,245,true],"mh-magazine-small":["https:\/\/www.comuna13online.com.ar\/wp-content\/uploads\/2019\/10\/20191001c-80x60.jpg",80,60,true],"sow-carousel-default":["https:\/\/www.comuna13online.com.ar\/wp-content\/uploads\/2019\/10\/20191001c-272x182.jpg",272,182,true]},"uagb_author_info":{"display_name":"Comuna13","author_link":"https:\/\/www.comuna13online.com.ar\/?author=1"},"uagb_comment_info":0,"uagb_excerpt":"River y boca disputan hoy el primer encuentro por las semifinales de la Copa Libertadores, se desplegar\u00e1 un gran operativo de seguridad y tr\u00e1nsito a partir de las 16 horas. [...]","jetpack_sharing_enabled":true,"_links":{"self":[{"href":"https:\/\/www.comuna13online.com.ar\/index.php?rest_route=\/wp\/v2\/posts\/7004","targetHints":{"allow":["GET"]}}],"collection":[{"href":"https:\/\/www.comuna13online.com.ar\/index.php?rest_route=\/wp\/v2\/posts"}],"about":[{"href":"https:\/\/www.comuna13online.com.ar\/index.php?rest_route=\/wp\/v2\/types\/post"}],"author":[{"embeddable":true,"href":"https:\/\/www.comuna13online.com.ar\/index.php?rest_route=\/wp\/v2\/users\/1"}],"replies":[{"embeddable":true,"href":"https:\/\/www.comuna13online.com.ar\/index.php?rest_route=%2Fwp%2Fv2%2Fcomments&post=7004"}],"version-history":[{"count":0,"href":"https:\/\/www.comuna13online.com.ar\/index.php?rest_route=\/wp\/v2\/posts\/7004\/revisions"}],"wp:featuredmedia":[{"embeddable":true,"href":"https:\/\/www.comuna13online.com.ar\/index.php?rest_route=\/wp\/v2\/media\/7009"}],"wp:attachment":[{"href":"https:\/\/www.comuna13online.com.ar\/index.php?rest_route=%2Fwp%2Fv2%2Fmedia&parent=7004"}],"wp:term":[{"taxonomy":"category","embeddable":true,"href":"https:\/\/www.comuna13online.com.ar\/index.php?rest_route=%2Fwp%2Fv2%2Fcategories&post=7004"},{"taxonomy":"post_tag","embeddable":true,"href":"https:\/\/www.comuna13online.com.ar\/index.php?rest_route=%2Fwp%2Fv2%2Ftags&post=7004"}],"curies":[{"name":"wp","href":"https:\/\/api.w.org\/{rel}","templated":true}]}}