{"id":7000,"date":"2019-10-01T09:00:24","date_gmt":"2019-10-01T12:00:24","guid":{"rendered":"http:\/\/www.comuna13online.com.ar\/?p=7000"},"modified":"2019-10-01T12:35:52","modified_gmt":"2019-10-01T15:35:52","slug":"la-legislatura-otorga-el-uso-de-inmuebles-a-entidades-civiles-uno-de-ellos-en-nuestra-comuna","status":"publish","type":"post","link":"https:\/\/www.comuna13online.com.ar\/?p=7000","title":{"rendered":"La Legislatura otorga el uso de inmuebles a entidades civiles, uno de ellos en nuestra Comuna"},"content":{"rendered":"<p><strong>Entre las entidades que recibieron permisos para usar inmuebles se encuentra la \u00a0Asociaci\u00f3n Damas Cat\u00f3licas De San Jos\u00e9 Amparo Maternal Sarah Hern\u00e1ndez De Cilley,\u00a0 que ocupar\u00e1 una propiedad en Nu\u00f1ez.<\/strong><\/p>\n<p><img loading=\"lazy\" decoding=\"async\" data-attachment-id=\"7002\" data-permalink=\"https:\/\/www.comuna13online.com.ar\/?attachment_id=7002\" data-orig-file=\"https:\/\/www.comuna13online.com.ar\/wp-content\/uploads\/2019\/10\/20191001b1.jpg\" data-orig-size=\"678,384\" data-comments-opened=\"0\" data-image-meta=\"{&quot;aperture&quot;:&quot;0&quot;,&quot;credit&quot;:&quot;&quot;,&quot;camera&quot;:&quot;&quot;,&quot;caption&quot;:&quot;&quot;,&quot;created_timestamp&quot;:&quot;0&quot;,&quot;copyright&quot;:&quot;&quot;,&quot;focal_length&quot;:&quot;0&quot;,&quot;iso&quot;:&quot;0&quot;,&quot;shutter_speed&quot;:&quot;0&quot;,&quot;title&quot;:&quot;&quot;,&quot;orientation&quot;:&quot;0&quot;}\" data-image-title=\"20191001b1\" data-image-description=\"\" data-image-caption=\"\" data-large-file=\"https:\/\/www.comuna13online.com.ar\/wp-content\/uploads\/2019\/10\/20191001b1.jpg\" class=\"alignnone size-full wp-image-7002\" src=\"http:\/\/www.comuna13online.com.ar\/wp-content\/uploads\/2019\/10\/20191001b1.jpg\" alt=\"\" width=\"678\" height=\"384\" \/><\/p>\n<p>La Legislatura aprob\u00f3 en segunda lectura una ley que otorga a la Asociaci\u00f3n Vecinal \u201cParque Lezama\u201d, asociaci\u00f3n civil sin fines de lucro, la renovaci\u00f3n del permiso de uso a t\u00edtulo precario y gratuito del predio ubicado en la Avenida Mart\u00edn Garc\u00eda N\u00ba 294\/300 e Irala 8\/10\/18, por el t\u00e9rmino de diez a\u00f1os a partir del 25 de febrero de 2017.<\/p>\n<p>La entidad beneficiaria s\u00f3lo podr\u00e1 destinar el predio a la realizaci\u00f3n de actividades deportivas, recreativas y culturales; a la vez que facilitar\u00e1 el predio para alumnos de las escuelas primarias y secundarias y para los vecinos de la zona. La iniciativa fue de la diputada Lorena Pokoik (Unidad Ciudadana).<\/p>\n<p>Tambi\u00e9n se aprob\u00f3 el proyecto de ley que otorga a la \u00a0Asociaci\u00f3n Damas Cat\u00f3licas De San Jos\u00e9 Amparo Maternal Sarah Hern\u00e1ndez De Cilley un permiso de uso precario y gratuito por el t\u00e9rmino de 20 a\u00f1os del predio sito en la calle Ernesto A. Bavio N\u00b02816 del Barrio de N\u00fa\u00f1ez, en nuestra Comuna 13.<\/p>\n<p><iframe loading=\"lazy\" style=\"border: 0;\" src=\"https:\/\/www.google.com\/maps\/embed?pb=!1m18!1m12!1m3!1d13144.877065649796!2d-58.44784338728656!3d-34.54800332717976!2m3!1f0!2f0!3f0!3m2!1i1024!2i768!4f13.1!3m3!1m2!1s0x95bcb43092905445%3A0xf012825783f97abb!2sErnesto%20A.%20Bavio%202816%2C%20C1428%20CABA!5e0!3m2!1ses!2sar!4v1569943735507!5m2!1ses!2sar\" width=\"678\" height=\"500\" frameborder=\"0\" allowfullscreen=\"allowfullscreen\"><span data-mce-type=\"bookmark\" style=\"display: inline-block; width: 0px; overflow: hidden; line-height: 0;\" class=\"mce_SELRES_start\">\ufeff<\/span><\/iframe><\/p>\n<p>Dicho establecimiento, con la colaboraci\u00f3n del GCBA, ofrece una propuesta integral de apoyo respecto a mujeres en situaci\u00f3n de calle con sus hijos. Otorga vivienda, ropa, alimentos, asistencia m\u00e9dica, odontol\u00f3gica, psicol\u00f3gica, acompa\u00f1amiento educativo, emocional e inclusive espiritual; todo ello mediante el trabajo de un equipo interdisciplinario integrado por 12 profesionales (psic\u00f3logas y trabajadoras sociales) cuidadoras, cocineras, hermanas de San Jos\u00e9, etc. Asimismo, funciona en el inmueble desde 1975 el Jard\u00edn Maternal de nombre \u201cBrotecitos\u201d, el cual alberga y presta cuidado no s\u00f3lo respecto a los hijos e hijas de las madres que aloja la instituci\u00f3n, sino tambi\u00e9n a otros menores vulnerables que habitan el barrio. Los diputados Agust\u00edn Forchieri, Paula Villalba y L\u00eda Rueda (Vamos Juntos) impulsaron la iniciativa.<\/p>\n<p>Mediante otra ley impulsada por el diputado Gonzalo Straface (VJ) se aprob\u00f3 otorgar a la Asociaci\u00f3n Civil \u201cResurgimiento\u201d, el permiso de uso a t\u00edtulo precario y gratuito y por el t\u00e9rmino de diez a\u00f1os, el predio con frente a la calle Jos\u00e9 Gervasio de Artigas N\u00b0 2262, en el barrio de La Paternal, en la Comuna 15.<\/p>\n<p>En el predio de la Asociaci\u00f3n Civil \u201cResurgimiento\u201d funciona un Centro de Salud del Gobierno de la Ciudad donde se destaca la atenci\u00f3n primaria de cerca de 7.000 pacientes mensuales. Tambi\u00e9n se brindan diversos servicios culturales a trav\u00e9s del dictado de 69 talleres culturales, en los cuales participan cerca de 1.400 alumnos.<\/p>\n<p>En el mismo sentido se le otorg\u00f3 a la Fundaci\u00f3n Asistencial Interdisciplinaria Para Autistas -FUNDAIPA- el uso a titulo precario y gratuito por el t\u00e9rmino de 10 a\u00f1os del predio de dominio de la Ciudad Aut\u00f3noma de Buenos Aires, ubicado en la calle 14 de julio N\u00b0 1.137 y 1.141, Villa Ort\u00fazar, Comuna 15.<\/p>\n<p>FUNDAIPA es una asociaci\u00f3n sin fines de lucro dedicada al tratamiento de pacientes con discapacidad mental leve, moderada y severa de entre 6 y 30 a\u00f1os. Trabajan a trav\u00e9s de dos modalidades: El Centro Educativo terap\u00e9utico y el Centro de D\u00eda. Ambos funcionan de lunes a viernes y all\u00ed los pacientes desayunan, almuerzan y meriendan en las instalaciones.<\/p>\n<p>Esta Fundaci\u00f3n es una organizaci\u00f3n con m\u00e1s de 30 a\u00f1os de trayectoria, formada por profesionales que brindan un abordaje interdisciplinario que facilita el m\u00e1ximo desarrollo posible de cada paciente de acuerdo a sus singularidades, propiciando su inclusi\u00f3n social y su autonom\u00eda en pos de mejorar su calidad de vida. Cuenta con un equipo de m\u00e1s de 30 profesionales de diferentes \u00e1reas de la salud mental. El legislador Guillermo Gonz\u00e1lez Heredia (VJ) es autor del proyecto de ley.<\/p>\n<p>Con excepci\u00f3n del predio destinado a la Asociaci\u00f3n Vecinal del Parque Lezama, que fue aprobado en segunda lectura, el resto de los predios deber\u00e1n superar la instancia de audiencia p\u00fablica.<\/p>\n","protected":false},"excerpt":{"rendered":"<div class=\"mh-excerpt\">Entre las entidades que recibieron permisos para usar inmuebles se encuentra la \u00a0Asociaci\u00f3n Damas Cat\u00f3licas De San Jos\u00e9 Amparo Maternal Sarah Hern\u00e1ndez De Cilley,\u00a0 que ocupar\u00e1 una propiedad en Nu\u00f1ez. <a class=\"mh-excerpt-more\" href=\"https:\/\/www.comuna13online.com.ar\/?p=7000\" title=\"La Legislatura otorga el uso de inmuebles a entidades civiles, uno de ellos en nuestra Comuna\">[&#8230;]<\/a><\/div>\n","protected":false},"author":1,"featured_media":7001,"comment_status":"closed","ping_status":"closed","sticky":false,"template":"","format":"standard","meta":{"_uag_custom_page_level_css":"","_jetpack_memberships_contains_paid_content":false,"footnotes":"","jetpack_publicize_message":"","jetpack_publicize_feature_enabled":true,"jetpack_social_post_already_shared":true,"jetpack_social_options":{"image_generator_settings":{"template":"highway","default_image_id":0,"font":"","enabled":false},"version":2}},"categories":[21],"tags":[250,7],"class_list":{"0":"post-7000","1":"post","2":"type-post","3":"status-publish","4":"format-standard","5":"has-post-thumbnail","7":"category-legislatura","8":"tag-h2","9":"tag-legislatura"},"jetpack_publicize_connections":[],"jetpack_featured_media_url":"https:\/\/www.comuna13online.com.ar\/wp-content\/uploads\/2019\/10\/20191001b.jpg","uagb_featured_image_src":{"full":["https:\/\/www.comuna13online.com.ar\/wp-content\/uploads\/2019\/10\/20191001b.jpg",1030,438,false],"thumbnail":["https:\/\/www.comuna13online.com.ar\/wp-content\/uploads\/2019\/10\/20191001b-150x150.jpg",96,96,true],"medium":["https:\/\/www.comuna13online.com.ar\/wp-content\/uploads\/2019\/10\/20191001b-678x288.jpg",678,288,true],"medium_large":["https:\/\/www.comuna13online.com.ar\/wp-content\/uploads\/2019\/10\/20191001b-768x327.jpg",768,327,true],"large":["https:\/\/www.comuna13online.com.ar\/wp-content\/uploads\/2019\/10\/20191001b.jpg",1030,438,false],"1536x1536":["https:\/\/www.comuna13online.com.ar\/wp-content\/uploads\/2019\/10\/20191001b.jpg",1030,438,false],"2048x2048":["https:\/\/www.comuna13online.com.ar\/wp-content\/uploads\/2019\/10\/20191001b.jpg",1030,438,false],"mh-magazine-slider":["https:\/\/www.comuna13online.com.ar\/wp-content\/uploads\/2019\/10\/20191001b.jpg",1030,438,false],"mh-magazine-content":["https:\/\/www.comuna13online.com.ar\/wp-content\/uploads\/2019\/10\/20191001b-678x381.jpg",678,381,true],"mh-magazine-large":["https:\/\/www.comuna13online.com.ar\/wp-content\/uploads\/2019\/10\/20191001b-678x438.jpg",678,438,true],"mh-magazine-medium":["https:\/\/www.comuna13online.com.ar\/wp-content\/uploads\/2019\/10\/20191001b-326x245.jpg",326,245,true],"mh-magazine-small":["https:\/\/www.comuna13online.com.ar\/wp-content\/uploads\/2019\/10\/20191001b-80x60.jpg",80,60,true],"sow-carousel-default":["https:\/\/www.comuna13online.com.ar\/wp-content\/uploads\/2019\/10\/20191001b-272x182.jpg",272,182,true]},"uagb_author_info":{"display_name":"Comuna13","author_link":"https:\/\/www.comuna13online.com.ar\/?author=1"},"uagb_comment_info":0,"uagb_excerpt":"Entre las entidades que recibieron permisos para usar inmuebles se encuentra la \u00a0Asociaci\u00f3n Damas Cat\u00f3licas De San Jos\u00e9 Amparo Maternal Sarah Hern\u00e1ndez De Cilley,\u00a0 que ocupar\u00e1 una propiedad en Nu\u00f1ez. [...]","jetpack_sharing_enabled":true,"_links":{"self":[{"href":"https:\/\/www.comuna13online.com.ar\/index.php?rest_route=\/wp\/v2\/posts\/7000","targetHints":{"allow":["GET"]}}],"collection":[{"href":"https:\/\/www.comuna13online.com.ar\/index.php?rest_route=\/wp\/v2\/posts"}],"about":[{"href":"https:\/\/www.comuna13online.com.ar\/index.php?rest_route=\/wp\/v2\/types\/post"}],"author":[{"embeddable":true,"href":"https:\/\/www.comuna13online.com.ar\/index.php?rest_route=\/wp\/v2\/users\/1"}],"replies":[{"embeddable":true,"href":"https:\/\/www.comuna13online.com.ar\/index.php?rest_route=%2Fwp%2Fv2%2Fcomments&post=7000"}],"version-history":[{"count":0,"href":"https:\/\/www.comuna13online.com.ar\/index.php?rest_route=\/wp\/v2\/posts\/7000\/revisions"}],"wp:featuredmedia":[{"embeddable":true,"href":"https:\/\/www.comuna13online.com.ar\/index.php?rest_route=\/wp\/v2\/media\/7001"}],"wp:attachment":[{"href":"https:\/\/www.comuna13online.com.ar\/index.php?rest_route=%2Fwp%2Fv2%2Fmedia&parent=7000"}],"wp:term":[{"taxonomy":"category","embeddable":true,"href":"https:\/\/www.comuna13online.com.ar\/index.php?rest_route=%2Fwp%2Fv2%2Fcategories&post=7000"},{"taxonomy":"post_tag","embeddable":true,"href":"https:\/\/www.comuna13online.com.ar\/index.php?rest_route=%2Fwp%2Fv2%2Ftags&post=7000"}],"curies":[{"name":"wp","href":"https:\/\/api.w.org\/{rel}","templated":true}]}}