{"id":6985,"date":"2019-09-30T13:25:32","date_gmt":"2019-09-30T16:25:32","guid":{"rendered":"http:\/\/www.comuna13online.com.ar\/?p=6985"},"modified":"2019-09-30T13:25:32","modified_gmt":"2019-09-30T16:25:32","slug":"noalosparquimetros-tendencia-en-las-redes","status":"publish","type":"post","link":"https:\/\/www.comuna13online.com.ar\/?p=6985","title":{"rendered":"#NoALosParqu\u00edmetros, tendencia en las redes"},"content":{"rendered":"<p><strong>El Gobierno de Horacio Rodr\u00edguez Larreta aprob\u00f3 en 2018 un proyecto para colocar nuevos parqu\u00edmetros por toda la Ciudad que de 4 mil espacios tarifados pasar\u00e1 a tener 85 mil.<\/strong><\/p>\n<p>Desde el a\u00f1o que viene los parqu\u00edmetros finalmente llegar\u00e1n a los barrios porte\u00f1os y la Ciudad pasar\u00e1 de 4 mil espacios tarifados a tener 85 mil, adem\u00e1s de que se perder\u00e1n miles de metros cuadrados de espacio verde, ya que se sumar\u00e1n nuevas playas de acarreo en Chacarita y en Colegiales, en nuestra Comuna 13.<\/p>\n<div align=\"center\">\n<blockquote class=\"twitter-tweet\">\n<p dir=\"ltr\" lang=\"es\">As\u00ed que Larreta vaa a poner m\u00e1s gr\u00faas y m\u00e1s parqu\u00edmetros? Va a estar lindo Buenos Aires. <a href=\"https:\/\/twitter.com\/hashtag\/NoALosParquimetros?src=hash&amp;ref_src=twsrc%5Etfw\">#NoALosParquimetros<\/a><\/p>\n<p>Los barrios no son centros comerciales. <a href=\"https:\/\/twitter.com\/hashtag\/NoALosParquimetros?src=hash&amp;ref_src=twsrc%5Etfw\">#NoALosParquimetros<\/a> <a href=\"https:\/\/t.co\/ZZ75VemrGw\">pic.twitter.com\/ZZ75VemrGw<\/a><\/p>\n<p>\u2014 ANTONIO TONY DI GIROLAMO (@tonydigirolamo) <a href=\"https:\/\/twitter.com\/tonydigirolamo\/status\/1178685468034109443?ref_src=twsrc%5Etfw\">September 30, 2019<\/a><\/p><\/blockquote>\n<p><script async src=\"https:\/\/platform.twitter.com\/widgets.js\" charset=\"utf-8\"><\/script><\/p>\n<\/div>\n<p>Desde la Legislatura de la Ciudad, la oposici\u00f3n coincide en que la medida <em>\u201ces recaudatoria y no tiene como objetivo lograr una mejor fluidez y un ordenamiento del tr\u00e1nsito en la Ciudad\u201d, y que adem\u00e1s \u201cle mete la mano en el bolsillo al vecino\u201d<\/em>.<\/p>\n<p>En diciembre de 2016 la Legislatura hab\u00eda aprobado la ley que autorizaba la concesi\u00f3n del Sistema de Estacionamiento Regulado por el plazo de diez a\u00f1os.<\/p>\n<p>El Observatorio del Derecho a la Ciudad asegur\u00f3 que hay entre diez y catorce mil acarreos mensuales por empresa, que las gr\u00faas levantan hasta quinientos cincuenta autos por d\u00eda y que en menos de nueve horas las dos empresas recuperan el costo del canon que le abonan a la Ciudad.<\/p>\n<p>Parte de la justificaci\u00f3n en la que el oficialismo se basa para argumentar la implementaci\u00f3n del estacionamiento ordenado es a trav\u00e9s de las \u201cmalas conductas\u201d de los conductores como \u201cel estacionamiento indebido en paradas de colectivos, rampas o \u00e1reas peatonales, faltas que entorpecen el tr\u00e1nsito e imposibilitan que el transporte p\u00fablico se acerque a la parada o que una persona con movilidad reducida pueda cruzar la calle de manera segura, con claras consecuencias en la seguridad vial\u201d.<\/p>\n<p>El Gobierno de la Ciudad asegur\u00f3 que el nuevo sistema de estacionamiento ordenado y acarreo, planificado para 2019, tiene la intenci\u00f3n de \u201ccontribuir al ordenamiento del estacionamiento en la Ciudad\u201d.<\/p>\n<p>Y sostienen que \u201cse renovar\u00e1 la tecnolog\u00eda con la incorporaci\u00f3n de terminales multiprop\u00f3sito para brindar un servicio moderno, transparente y de calidad\u201d. Mientras que la oposici\u00f3n considera que con este plan \u201cva a haber acarreos y multas en toda la Ciudad. Castigar\u00e1 y no dar\u00e1 opciones. Y las playas de acarreo propuestas implican afectar espacios verdes para convertirlos en estacionamientos\u201d.<\/p>\n<div align=\"center\">\n<blockquote class=\"twitter-tweet\">\n<p dir=\"ltr\" lang=\"es\">Lxs porte\u00f1xs venimos bancando tarifazos en los servicios, aumento en los boletos del transporte, desvalorizaci\u00f3n de nuestros salarios&#8230;. Ahora Larreta va a llenar de parqu\u00edmetros la Ciudad, para cobrarnos por estacionar. <a href=\"https:\/\/twitter.com\/hashtag\/NoALosParquimetros?src=hash&amp;ref_src=twsrc%5Etfw\">#NoALosParquimetros<\/a> <a href=\"https:\/\/t.co\/xpyty6anke\">pic.twitter.com\/xpyty6anke<\/a><\/p>\n<p>\u2014 Paula Penacca (@PaulaPenacca) <a href=\"https:\/\/twitter.com\/PaulaPenacca\/status\/1178670293323255809?ref_src=twsrc%5Etfw\">September 30, 2019<\/a><\/p><\/blockquote>\n<p><script async src=\"https:\/\/platform.twitter.com\/widgets.js\" charset=\"utf-8\"><\/script><\/p>\n<\/div>\n<p>Mat\u00edas Lammens anunci\u00f3 que derogar\u00e1 la Ley que habilita los 81 mil nuevos espacios para estacionamiento pago, \u00abhay que aliviar el bolsillo de los vecinos\u00bb argument\u00f3.<\/p>\n<p><a href=\"https:\/\/twitter.com\/search?q=%23NoALosParquimetros&amp;src=trend_click&amp;pt=1178673867830779906\" target=\"_blank\" rel=\"noopener noreferrer\">#NoALosParqu\u00edmetros<\/a> se convirti\u00f3 en trending topic de twitter y en la pagina <a href=\"http:\/\/www.noalosparquimetros.com\" target=\"_blank\" rel=\"noopener noreferrer\">www.noalosparquimetros.com<\/a> podes averiguar d\u00f3nde piensan colocarlos. La Comuna 13 es un lugar que se poblar\u00e1 de estacionamiento pago en la calle seg\u00fan el proyecto de Larreta.<\/p>\n<p><img loading=\"lazy\" decoding=\"async\" data-attachment-id=\"6986\" data-permalink=\"https:\/\/www.comuna13online.com.ar\/?attachment_id=6986\" data-orig-file=\"https:\/\/www.comuna13online.com.ar\/wp-content\/uploads\/2019\/09\/20190930b1.jpg\" data-orig-size=\"678,393\" data-comments-opened=\"0\" data-image-meta=\"{&quot;aperture&quot;:&quot;0&quot;,&quot;credit&quot;:&quot;&quot;,&quot;camera&quot;:&quot;&quot;,&quot;caption&quot;:&quot;&quot;,&quot;created_timestamp&quot;:&quot;0&quot;,&quot;copyright&quot;:&quot;&quot;,&quot;focal_length&quot;:&quot;0&quot;,&quot;iso&quot;:&quot;0&quot;,&quot;shutter_speed&quot;:&quot;0&quot;,&quot;title&quot;:&quot;&quot;,&quot;orientation&quot;:&quot;0&quot;}\" data-image-title=\"20190930b1\" data-image-description=\"\" data-image-caption=\"\" data-large-file=\"https:\/\/www.comuna13online.com.ar\/wp-content\/uploads\/2019\/09\/20190930b1.jpg\" class=\"alignnone size-full wp-image-6986\" src=\"http:\/\/www.comuna13online.com.ar\/wp-content\/uploads\/2019\/09\/20190930b1.jpg\" alt=\"\" width=\"678\" height=\"393\" \/><\/p>\n","protected":false},"excerpt":{"rendered":"<div class=\"mh-excerpt\">El Gobierno de Horacio Rodr\u00edguez Larreta aprob\u00f3 en 2018 un proyecto para colocar nuevos parqu\u00edmetros por toda la Ciudad que de 4 mil espacios tarifados pasar\u00e1 a tener 85 mil. <a class=\"mh-excerpt-more\" href=\"https:\/\/www.comuna13online.com.ar\/?p=6985\" title=\"#NoALosParqu\u00edmetros, tendencia en las redes\">[&#8230;]<\/a><\/div>\n","protected":false},"author":1,"featured_media":6987,"comment_status":"closed","ping_status":"closed","sticky":false,"template":"","format":"standard","meta":{"_uag_custom_page_level_css":"","_jetpack_memberships_contains_paid_content":false,"footnotes":"","jetpack_publicize_message":"#NoALosParqu\u00edmetros, tendencia en las redes","jetpack_publicize_feature_enabled":true,"jetpack_social_post_already_shared":true,"jetpack_social_options":{"image_generator_settings":{"template":"highway","default_image_id":0,"font":"","enabled":false},"version":2}},"categories":[53],"tags":[246,250,54],"class_list":{"0":"post-6985","1":"post","2":"type-post","3":"status-publish","4":"format-standard","5":"has-post-thumbnail","7":"category-transito","8":"tag-h1","9":"tag-h2","10":"tag-transito"},"jetpack_publicize_connections":[],"jetpack_featured_media_url":"https:\/\/www.comuna13online.com.ar\/wp-content\/uploads\/2019\/09\/20190930b.jpg","uagb_featured_image_src":{"full":["https:\/\/www.comuna13online.com.ar\/wp-content\/uploads\/2019\/09\/20190930b.jpg",1030,438,false],"thumbnail":["https:\/\/www.comuna13online.com.ar\/wp-content\/uploads\/2019\/09\/20190930b-150x150.jpg",96,96,true],"medium":["https:\/\/www.comuna13online.com.ar\/wp-content\/uploads\/2019\/09\/20190930b-678x288.jpg",678,288,true],"medium_large":["https:\/\/www.comuna13online.com.ar\/wp-content\/uploads\/2019\/09\/20190930b-768x327.jpg",768,327,true],"large":["https:\/\/www.comuna13online.com.ar\/wp-content\/uploads\/2019\/09\/20190930b.jpg",1030,438,false],"1536x1536":["https:\/\/www.comuna13online.com.ar\/wp-content\/uploads\/2019\/09\/20190930b.jpg",1030,438,false],"2048x2048":["https:\/\/www.comuna13online.com.ar\/wp-content\/uploads\/2019\/09\/20190930b.jpg",1030,438,false],"mh-magazine-slider":["https:\/\/www.comuna13online.com.ar\/wp-content\/uploads\/2019\/09\/20190930b.jpg",1030,438,false],"mh-magazine-content":["https:\/\/www.comuna13online.com.ar\/wp-content\/uploads\/2019\/09\/20190930b-678x381.jpg",678,381,true],"mh-magazine-large":["https:\/\/www.comuna13online.com.ar\/wp-content\/uploads\/2019\/09\/20190930b-678x438.jpg",678,438,true],"mh-magazine-medium":["https:\/\/www.comuna13online.com.ar\/wp-content\/uploads\/2019\/09\/20190930b-326x245.jpg",326,245,true],"mh-magazine-small":["https:\/\/www.comuna13online.com.ar\/wp-content\/uploads\/2019\/09\/20190930b-80x60.jpg",80,60,true],"sow-carousel-default":["https:\/\/www.comuna13online.com.ar\/wp-content\/uploads\/2019\/09\/20190930b-272x182.jpg",272,182,true]},"uagb_author_info":{"display_name":"Comuna13","author_link":"https:\/\/www.comuna13online.com.ar\/?author=1"},"uagb_comment_info":0,"uagb_excerpt":"El Gobierno de Horacio Rodr\u00edguez Larreta aprob\u00f3 en 2018 un proyecto para colocar nuevos parqu\u00edmetros por toda la Ciudad que de 4 mil espacios tarifados pasar\u00e1 a tener 85 mil. [...]","jetpack_sharing_enabled":true,"_links":{"self":[{"href":"https:\/\/www.comuna13online.com.ar\/index.php?rest_route=\/wp\/v2\/posts\/6985","targetHints":{"allow":["GET"]}}],"collection":[{"href":"https:\/\/www.comuna13online.com.ar\/index.php?rest_route=\/wp\/v2\/posts"}],"about":[{"href":"https:\/\/www.comuna13online.com.ar\/index.php?rest_route=\/wp\/v2\/types\/post"}],"author":[{"embeddable":true,"href":"https:\/\/www.comuna13online.com.ar\/index.php?rest_route=\/wp\/v2\/users\/1"}],"replies":[{"embeddable":true,"href":"https:\/\/www.comuna13online.com.ar\/index.php?rest_route=%2Fwp%2Fv2%2Fcomments&post=6985"}],"version-history":[{"count":0,"href":"https:\/\/www.comuna13online.com.ar\/index.php?rest_route=\/wp\/v2\/posts\/6985\/revisions"}],"wp:featuredmedia":[{"embeddable":true,"href":"https:\/\/www.comuna13online.com.ar\/index.php?rest_route=\/wp\/v2\/media\/6987"}],"wp:attachment":[{"href":"https:\/\/www.comuna13online.com.ar\/index.php?rest_route=%2Fwp%2Fv2%2Fmedia&parent=6985"}],"wp:term":[{"taxonomy":"category","embeddable":true,"href":"https:\/\/www.comuna13online.com.ar\/index.php?rest_route=%2Fwp%2Fv2%2Fcategories&post=6985"},{"taxonomy":"post_tag","embeddable":true,"href":"https:\/\/www.comuna13online.com.ar\/index.php?rest_route=%2Fwp%2Fv2%2Ftags&post=6985"}],"curies":[{"name":"wp","href":"https:\/\/api.w.org\/{rel}","templated":true}]}}