{"id":6931,"date":"2019-09-26T09:05:06","date_gmt":"2019-09-26T12:05:06","guid":{"rendered":"http:\/\/www.comuna13online.com.ar\/?p=6931"},"modified":"2019-09-26T09:05:06","modified_gmt":"2019-09-26T12:05:06","slug":"la-primavera-llego-con-temperaturas-de-verano","status":"publish","type":"post","link":"https:\/\/www.comuna13online.com.ar\/?p=6931","title":{"rendered":"La primavera lleg\u00f3 con temperaturas de verano"},"content":{"rendered":"<p><strong>Ayer la temperatura alcanz\u00f3 los 31\u00baC en una tarde a pleno sol y para hoy se espera una jornada similar, con cielo celeste y una temperatura m\u00e1xima de 28 grados.<\/strong><\/p>\n<p><img loading=\"lazy\" decoding=\"async\" data-attachment-id=\"6932\" data-permalink=\"https:\/\/www.comuna13online.com.ar\/?attachment_id=6932\" data-orig-file=\"https:\/\/www.comuna13online.com.ar\/wp-content\/uploads\/2019\/09\/20190926a1.jpg\" data-orig-size=\"659,428\" data-comments-opened=\"0\" data-image-meta=\"{&quot;aperture&quot;:&quot;0&quot;,&quot;credit&quot;:&quot;&quot;,&quot;camera&quot;:&quot;&quot;,&quot;caption&quot;:&quot;&quot;,&quot;created_timestamp&quot;:&quot;0&quot;,&quot;copyright&quot;:&quot;&quot;,&quot;focal_length&quot;:&quot;0&quot;,&quot;iso&quot;:&quot;0&quot;,&quot;shutter_speed&quot;:&quot;0&quot;,&quot;title&quot;:&quot;&quot;,&quot;orientation&quot;:&quot;0&quot;}\" data-image-title=\"20190926a1\" data-image-description=\"\" data-image-caption=\"\" data-large-file=\"https:\/\/www.comuna13online.com.ar\/wp-content\/uploads\/2019\/09\/20190926a1.jpg\" class=\"alignnone size-full wp-image-6932\" src=\"http:\/\/www.comuna13online.com.ar\/wp-content\/uploads\/2019\/09\/20190926a1.jpg\" alt=\"\" width=\"659\" height=\"428\" \/><\/p>\n<p>La ciudad de Buenos Aires vive una suerte de veranito, luego de un mi\u00e9rcoles donde la temperatura m\u00e1xima alcanzo los 31 grados y se hizo sentir, las plazas y parques de la Ciudad se llenaron de vecinos que disfrutaron de una hermosa tarde soleada.<\/p>\n<p>que\u00a0 y alrededores tendr\u00e1n un mi\u00e9rcoles veraniego: la m\u00e1xima llegar\u00e1 a los 28 grados. El cielo estar\u00e1 un poco m\u00e1s nublado que ayer, y se espera que se despeje para la noche<\/p>\n<p>Para hoy, la situaci\u00f3n no variar\u00e1 demasiado, seg\u00fan inform\u00f3 el Servicio Meteorol\u00f3gico Nacional,\u00a0tambi\u00e9n habr\u00e1 tarde calurosa con una temperatura que cercana a los 28 grados.<\/p>\n<p>Para ma\u00f1ana se espera un jornada m\u00e1s templada, con una temperaturas m\u00ednima de 13\u00ba y una\u00a0 m\u00e1xima de 19\u00ba, y no habr\u00e1 el viento caliente de los \u00faltimos d\u00edas y el cielo estar\u00e1 cubierto y una leve brisa fresca llegar\u00e1 proveniente del R\u00edo de la Plata.<\/p>\n<p>En cuanto al fin de semana se esperan un clima muy agradable, durante el s\u00e1bado se mantiene la temperatura matutina t\u00edpica de los primeros d\u00edas primaverales que rondan los 13\u00ba y por la tarde se espera que llegue a 23\u00ba.<\/p>\n<p>El domingo ser\u00e1 nuevamente un d\u00eda muy caluroso, viento proveniente del norte har\u00e1n que la m\u00e1xima pronosticada sea al menos de 28\u00ba, ideal para salir y disfrutar de los espacios al aire libre, y qui\u00e9n tiene la posibilidad, no descartar una tarde de pileta.<\/p>\n<p>El Lunes termina con el buen tiempo, si bien se mantiene el calor, se aproxima un viento intenso desde el sudeste que traer\u00e1 consigo lluvias y algunas tormentas fuertes.<\/p>\n","protected":false},"excerpt":{"rendered":"<div class=\"mh-excerpt\">Ayer la temperatura alcanz\u00f3 los 31\u00baC en una tarde a pleno sol y para hoy se espera una jornada similar, con cielo celeste y una temperatura m\u00e1xima de 28 grados. <a class=\"mh-excerpt-more\" href=\"https:\/\/www.comuna13online.com.ar\/?p=6931\" title=\"La primavera lleg\u00f3 con temperaturas de verano\">[&#8230;]<\/a><\/div>\n","protected":false},"author":1,"featured_media":4449,"comment_status":"closed","ping_status":"closed","sticky":false,"template":"","format":"standard","meta":{"_uag_custom_page_level_css":"","_jetpack_memberships_contains_paid_content":false,"footnotes":"","jetpack_publicize_message":"La primavera lleg\u00f3 con temperaturas de verano #BuenJueves #FelizJueves","jetpack_publicize_feature_enabled":true,"jetpack_social_post_already_shared":true,"jetpack_social_options":{"image_generator_settings":{"template":"highway","default_image_id":0,"font":"","enabled":false},"version":2}},"categories":[9],"tags":[235,246,250],"class_list":{"0":"post-6931","1":"post","2":"type-post","3":"status-publish","4":"format-standard","5":"has-post-thumbnail","7":"category-ciudad","8":"tag-calor","9":"tag-h1","10":"tag-h2"},"jetpack_publicize_connections":[],"jetpack_featured_media_url":"https:\/\/www.comuna13online.com.ar\/wp-content\/uploads\/2019\/02\/20190220c.jpg","uagb_featured_image_src":{"full":["https:\/\/www.comuna13online.com.ar\/wp-content\/uploads\/2019\/02\/20190220c.jpg",1030,438,false],"thumbnail":["https:\/\/www.comuna13online.com.ar\/wp-content\/uploads\/2019\/02\/20190220c-150x150.jpg",96,96,true],"medium":["https:\/\/www.comuna13online.com.ar\/wp-content\/uploads\/2019\/02\/20190220c-678x288.jpg",678,288,true],"medium_large":["https:\/\/www.comuna13online.com.ar\/wp-content\/uploads\/2019\/02\/20190220c-768x327.jpg",768,327,true],"large":["https:\/\/www.comuna13online.com.ar\/wp-content\/uploads\/2019\/02\/20190220c.jpg",1030,438,false],"1536x1536":["https:\/\/www.comuna13online.com.ar\/wp-content\/uploads\/2019\/02\/20190220c.jpg",1030,438,false],"2048x2048":["https:\/\/www.comuna13online.com.ar\/wp-content\/uploads\/2019\/02\/20190220c.jpg",1030,438,false],"mh-magazine-slider":["https:\/\/www.comuna13online.com.ar\/wp-content\/uploads\/2019\/02\/20190220c.jpg",1030,438,false],"mh-magazine-content":["https:\/\/www.comuna13online.com.ar\/wp-content\/uploads\/2019\/02\/20190220c-678x381.jpg",678,381,true],"mh-magazine-large":["https:\/\/www.comuna13online.com.ar\/wp-content\/uploads\/2019\/02\/20190220c-678x438.jpg",678,438,true],"mh-magazine-medium":["https:\/\/www.comuna13online.com.ar\/wp-content\/uploads\/2019\/02\/20190220c-326x245.jpg",326,245,true],"mh-magazine-small":["https:\/\/www.comuna13online.com.ar\/wp-content\/uploads\/2019\/02\/20190220c-80x60.jpg",80,60,true],"sow-carousel-default":["https:\/\/www.comuna13online.com.ar\/wp-content\/uploads\/2019\/02\/20190220c-272x182.jpg",272,182,true]},"uagb_author_info":{"display_name":"Comuna13","author_link":"https:\/\/www.comuna13online.com.ar\/?author=1"},"uagb_comment_info":0,"uagb_excerpt":"Ayer la temperatura alcanz\u00f3 los 31\u00baC en una tarde a pleno sol y para hoy se espera una jornada similar, con cielo celeste y una temperatura m\u00e1xima de 28 grados. [...]","jetpack_sharing_enabled":true,"_links":{"self":[{"href":"https:\/\/www.comuna13online.com.ar\/index.php?rest_route=\/wp\/v2\/posts\/6931","targetHints":{"allow":["GET"]}}],"collection":[{"href":"https:\/\/www.comuna13online.com.ar\/index.php?rest_route=\/wp\/v2\/posts"}],"about":[{"href":"https:\/\/www.comuna13online.com.ar\/index.php?rest_route=\/wp\/v2\/types\/post"}],"author":[{"embeddable":true,"href":"https:\/\/www.comuna13online.com.ar\/index.php?rest_route=\/wp\/v2\/users\/1"}],"replies":[{"embeddable":true,"href":"https:\/\/www.comuna13online.com.ar\/index.php?rest_route=%2Fwp%2Fv2%2Fcomments&post=6931"}],"version-history":[{"count":0,"href":"https:\/\/www.comuna13online.com.ar\/index.php?rest_route=\/wp\/v2\/posts\/6931\/revisions"}],"wp:featuredmedia":[{"embeddable":true,"href":"https:\/\/www.comuna13online.com.ar\/index.php?rest_route=\/wp\/v2\/media\/4449"}],"wp:attachment":[{"href":"https:\/\/www.comuna13online.com.ar\/index.php?rest_route=%2Fwp%2Fv2%2Fmedia&parent=6931"}],"wp:term":[{"taxonomy":"category","embeddable":true,"href":"https:\/\/www.comuna13online.com.ar\/index.php?rest_route=%2Fwp%2Fv2%2Fcategories&post=6931"},{"taxonomy":"post_tag","embeddable":true,"href":"https:\/\/www.comuna13online.com.ar\/index.php?rest_route=%2Fwp%2Fv2%2Ftags&post=6931"}],"curies":[{"name":"wp","href":"https:\/\/api.w.org\/{rel}","templated":true}]}}