{"id":6898,"date":"2019-09-25T12:46:22","date_gmt":"2019-09-25T15:46:22","guid":{"rendered":"http:\/\/www.comuna13online.com.ar\/?p=6898"},"modified":"2019-09-25T12:46:22","modified_gmt":"2019-09-25T15:46:22","slug":"apoyo-a-candidatura-del-museo-sitio-de-la-memoria-ex-esma","status":"publish","type":"post","link":"https:\/\/www.comuna13online.com.ar\/?p=6898","title":{"rendered":"Apoyo a candidatura del Museo Sitio de la Memoria ex ESMA"},"content":{"rendered":"<p><strong>La Legislatura de la Ciudad de Buenos Aires declar\u00f3 de Inter\u00e9s la candidatura con el\u00a0objetivo es que sea parte del patrimonio hist\u00f3rico y mundial al resguardo de la UNESCO.<\/strong><\/p>\n<p><img loading=\"lazy\" decoding=\"async\" data-attachment-id=\"6924\" data-permalink=\"https:\/\/www.comuna13online.com.ar\/?attachment_id=6924\" data-orig-file=\"https:\/\/www.comuna13online.com.ar\/wp-content\/uploads\/2019\/09\/20190925a1.jpg\" data-orig-size=\"678,452\" data-comments-opened=\"0\" data-image-meta=\"{&quot;aperture&quot;:&quot;0&quot;,&quot;credit&quot;:&quot;&quot;,&quot;camera&quot;:&quot;&quot;,&quot;caption&quot;:&quot;&quot;,&quot;created_timestamp&quot;:&quot;0&quot;,&quot;copyright&quot;:&quot;&quot;,&quot;focal_length&quot;:&quot;0&quot;,&quot;iso&quot;:&quot;0&quot;,&quot;shutter_speed&quot;:&quot;0&quot;,&quot;title&quot;:&quot;&quot;,&quot;orientation&quot;:&quot;0&quot;}\" data-image-title=\"20190925a1\" data-image-description=\"\" data-image-caption=\"\" data-large-file=\"https:\/\/www.comuna13online.com.ar\/wp-content\/uploads\/2019\/09\/20190925a1-657x438.jpg\" class=\"alignnone size-full wp-image-6924\" src=\"http:\/\/www.comuna13online.com.ar\/wp-content\/uploads\/2019\/09\/20190925a1.jpg\" alt=\"\" width=\"678\" height=\"452\" srcset=\"https:\/\/www.comuna13online.com.ar\/wp-content\/uploads\/2019\/09\/20190925a1.jpg 678w, https:\/\/www.comuna13online.com.ar\/wp-content\/uploads\/2019\/09\/20190925a1-657x438.jpg 657w, https:\/\/www.comuna13online.com.ar\/wp-content\/uploads\/2019\/09\/20190925a1-272x182.jpg 272w\" sizes=\"auto, (max-width: 678px) 100vw, 678px\" \/><\/p>\n<p>La candidatura del Museo Sitio de Memoria ex ESMA para ser parte del patrimonio hist\u00f3rico y mundial al resguardo de la UNESCO -Organizaci\u00f3n de las Naciones Unidas para la Educaci\u00f3n, la Ciencia y la Cultura- fue declarada hoy de inter\u00e9s para la Defensa y Promoci\u00f3n de los Derechos Humanos de la Ciudad Aut\u00f3noma de Buenos Aires.<\/p>\n<p>Constituido desde el 24 de marzo de 2004 como Espacio Memoria y Derechos Humanos, se preservan en el predio las marcas y los vestigios del paso de los detenidos-desaparecidos durante la \u00faltima dictadura c\u00edvico militar, autodenominada Proceso de Reorganizaci\u00f3n Nacional, para continuar con los estudios que puedan permitir el acceso a nuevas evidencias judiciales y como fuente documental para la reconstrucci\u00f3n hist\u00f3rica de los sucesos.<\/p>\n<p>\u00abLa dependencia estatal de la Escuela Superior de Mec\u00e1nica de la Armada (ESMA) funcion\u00f3 como uno de los m\u00e1s de 600 Centros Clandestinos de Detenci\u00f3n Tortura y Exterminio donde se desarroll\u00f3 la experiencia concentracionaria cuando el aparato estatal estuvo al servicio del terror planificado y sistem\u00e1tico, institucionalizando el secuestro, la tortura y la desaparici\u00f3n forzada de personas. En ese contexto la ESMA fue un engranaje clave del Terrorismo de Estado\u00bb sostuvo en los fundamentos la diputada\u00a0<strong>Victoria Montenegro<\/strong>\u00a0(UC) autora del proyecto de resoluci\u00f3n aprobado sobre tablas.<\/p>\n<p>El Directorio de Organismos de Derechos Humanos del Espacio Memoria impulsa desde el 2015 la candidatura del predio de la ex ESMA como parte del patrimonio hist\u00f3rico y mundial al resguardo de la UNESCO. Cinco son los sitios relacionados a la memoria de los genocidios que ya integran esa lista: el campo de concentraci\u00f3n y exterminio nazi emplazado en Polonia: Auschwitz-Birkenau; la isla Robben emblema de la lucha contra el racismo en Sud\u00e1frica; el Memorial de la Paz de Hiroshima Genbaku Dome en Jap\u00f3n; la isla de Gor\u00e9e en Senegal s\u00edmbolo de la lucha contra la esclavitud y el Barrio del puente viejo ubicado en el centro hist\u00f3rico de Mostar en Bosnia y Herzegovina.<\/p>\n","protected":false},"excerpt":{"rendered":"<div class=\"mh-excerpt\">La Legislatura de la Ciudad de Buenos Aires declar\u00f3 de Inter\u00e9s la candidatura con el\u00a0objetivo es que sea parte del patrimonio hist\u00f3rico y mundial al resguardo de la UNESCO. La <a class=\"mh-excerpt-more\" href=\"https:\/\/www.comuna13online.com.ar\/?p=6898\" title=\"Apoyo a candidatura del Museo Sitio de la Memoria ex ESMA\">[&#8230;]<\/a><\/div>\n","protected":false},"author":1,"featured_media":6925,"comment_status":"closed","ping_status":"closed","sticky":false,"template":"","format":"standard","meta":{"_uag_custom_page_level_css":"","_jetpack_memberships_contains_paid_content":false,"footnotes":"","jetpack_publicize_message":"","jetpack_publicize_feature_enabled":true,"jetpack_social_post_already_shared":true,"jetpack_social_options":{"image_generator_settings":{"template":"highway","default_image_id":0,"font":"","enabled":false},"version":2}},"categories":[207],"tags":[131,246,250],"class_list":{"0":"post-6898","1":"post","2":"type-post","3":"status-publish","4":"format-standard","5":"has-post-thumbnail","7":"category-derechos-humanos","8":"tag-derechos","9":"tag-h1","10":"tag-h2"},"jetpack_publicize_connections":[],"jetpack_featured_media_url":"https:\/\/www.comuna13online.com.ar\/wp-content\/uploads\/2019\/09\/20190925a.jpg","uagb_featured_image_src":{"full":["https:\/\/www.comuna13online.com.ar\/wp-content\/uploads\/2019\/09\/20190925a.jpg",1030,438,false],"thumbnail":["https:\/\/www.comuna13online.com.ar\/wp-content\/uploads\/2019\/09\/20190925a-150x150.jpg",96,96,true],"medium":["https:\/\/www.comuna13online.com.ar\/wp-content\/uploads\/2019\/09\/20190925a-678x288.jpg",678,288,true],"medium_large":["https:\/\/www.comuna13online.com.ar\/wp-content\/uploads\/2019\/09\/20190925a-768x327.jpg",768,327,true],"large":["https:\/\/www.comuna13online.com.ar\/wp-content\/uploads\/2019\/09\/20190925a.jpg",1030,438,false],"1536x1536":["https:\/\/www.comuna13online.com.ar\/wp-content\/uploads\/2019\/09\/20190925a.jpg",1030,438,false],"2048x2048":["https:\/\/www.comuna13online.com.ar\/wp-content\/uploads\/2019\/09\/20190925a.jpg",1030,438,false],"mh-magazine-slider":["https:\/\/www.comuna13online.com.ar\/wp-content\/uploads\/2019\/09\/20190925a.jpg",1030,438,false],"mh-magazine-content":["https:\/\/www.comuna13online.com.ar\/wp-content\/uploads\/2019\/09\/20190925a-678x381.jpg",678,381,true],"mh-magazine-large":["https:\/\/www.comuna13online.com.ar\/wp-content\/uploads\/2019\/09\/20190925a-678x438.jpg",678,438,true],"mh-magazine-medium":["https:\/\/www.comuna13online.com.ar\/wp-content\/uploads\/2019\/09\/20190925a-326x245.jpg",326,245,true],"mh-magazine-small":["https:\/\/www.comuna13online.com.ar\/wp-content\/uploads\/2019\/09\/20190925a-80x60.jpg",80,60,true],"sow-carousel-default":["https:\/\/www.comuna13online.com.ar\/wp-content\/uploads\/2019\/09\/20190925a-272x182.jpg",272,182,true]},"uagb_author_info":{"display_name":"Comuna13","author_link":"https:\/\/www.comuna13online.com.ar\/?author=1"},"uagb_comment_info":0,"uagb_excerpt":"La Legislatura de la Ciudad de Buenos Aires declar\u00f3 de Inter\u00e9s la candidatura con el\u00a0objetivo es que sea parte del patrimonio hist\u00f3rico y mundial al resguardo de la UNESCO. La [...]","jetpack_sharing_enabled":true,"_links":{"self":[{"href":"https:\/\/www.comuna13online.com.ar\/index.php?rest_route=\/wp\/v2\/posts\/6898","targetHints":{"allow":["GET"]}}],"collection":[{"href":"https:\/\/www.comuna13online.com.ar\/index.php?rest_route=\/wp\/v2\/posts"}],"about":[{"href":"https:\/\/www.comuna13online.com.ar\/index.php?rest_route=\/wp\/v2\/types\/post"}],"author":[{"embeddable":true,"href":"https:\/\/www.comuna13online.com.ar\/index.php?rest_route=\/wp\/v2\/users\/1"}],"replies":[{"embeddable":true,"href":"https:\/\/www.comuna13online.com.ar\/index.php?rest_route=%2Fwp%2Fv2%2Fcomments&post=6898"}],"version-history":[{"count":0,"href":"https:\/\/www.comuna13online.com.ar\/index.php?rest_route=\/wp\/v2\/posts\/6898\/revisions"}],"wp:featuredmedia":[{"embeddable":true,"href":"https:\/\/www.comuna13online.com.ar\/index.php?rest_route=\/wp\/v2\/media\/6925"}],"wp:attachment":[{"href":"https:\/\/www.comuna13online.com.ar\/index.php?rest_route=%2Fwp%2Fv2%2Fmedia&parent=6898"}],"wp:term":[{"taxonomy":"category","embeddable":true,"href":"https:\/\/www.comuna13online.com.ar\/index.php?rest_route=%2Fwp%2Fv2%2Fcategories&post=6898"},{"taxonomy":"post_tag","embeddable":true,"href":"https:\/\/www.comuna13online.com.ar\/index.php?rest_route=%2Fwp%2Fv2%2Ftags&post=6898"}],"curies":[{"name":"wp","href":"https:\/\/api.w.org\/{rel}","templated":true}]}}