{"id":6894,"date":"2019-09-20T08:00:27","date_gmt":"2019-09-20T11:00:27","guid":{"rendered":"http:\/\/www.comuna13online.com.ar\/?p=6894"},"modified":"2019-09-24T13:33:01","modified_gmt":"2019-09-24T16:33:01","slug":"dia-de-la-primavera-en-la-ciudad","status":"publish","type":"post","link":"https:\/\/www.comuna13online.com.ar\/?p=6894","title":{"rendered":"D\u00eda de la Primavera en la Ciudad"},"content":{"rendered":"<p><strong>El s\u00e1bado 21 de septiembre habr\u00e1 m\u00e1s de 60 actividades programadas para este d\u00eda en los parques, bibliotecas, teatros, cines y centros culturales para que todos los vecinos puedan disfrutarla. <\/strong>(Fuente: G.C.B.A.)<\/p>\n<p><img loading=\"lazy\" decoding=\"async\" src=\"https:\/\/www.buenosaires.gob.ar\/sites\/gcaba\/files\/field\/image\/unnamed_-_2019-09-18t110958.jpg\" alt=\"\" width=\"960\" height=\"640\" \/><\/p>\n<p>La primavera llega y la ciudad de Buenos Aires se prepara para celebrar con los vecinos la llegada de la estaci\u00f3n m\u00e1s linda del a\u00f1o.<\/p>\n<p>Este 21 de septiembre la alegr\u00eda y los festejos de chicos y adultos se despliegan por toda la Ciudad atravesando\u00a0<strong>calles, plazas, locales gastron\u00f3micos y todo el espacio p\u00fablico<\/strong>\u00a0para recibir con amigos y familiares la estaci\u00f3n de la alegr\u00eda y el amor.<\/p>\n<h3 style=\"text-align: center;\"><span style=\"text-decoration: underline;\"><span style=\"color: #008080;\"><a style=\"color: #008080; text-decoration: underline;\" href=\"https:\/\/disfrutemosba.buenosaires.gob.ar\/\" target=\"_blank\" rel=\"noopener noreferrer\">Todas las actividades en Disfrutemos BA<\/a><\/span><\/span><\/h3>\n<p>Y el Ministerio de Cultura de la Ciudad prepar\u00f3\u00a0<strong>m\u00faltiples actividades, gratuitas o a muy bajo costo<\/strong>, para todas las edades y gustos. As\u00ed, teatros, museos, cines, ferias, centros y espacios culturales se constituyen en escenarios privilegiados para disfrutar de m\u00fasica, espect\u00e1culos teatrales, charlas, talleres, bailes y actividades culturales y recreativas para grandes y chicos.<\/p>\n<blockquote>\n<h3>Actividades destacadas:<\/h3>\n<\/blockquote>\n<h4><span style=\"color: #008080;\">\u201cFestival de Primavera\u201d en Parque Centenario<\/span><\/h4>\n<p><strong>Estudio Urbano<\/strong>\u00a0presenta un festival de primavera en Parque Centenario, con un recorrido que va desde el afrobeat hasta la cumbia, la salsa y una variedad de ritmos latinoamericanos, las protagonistas de la tarde ser\u00e1n tres bandas ascendentes con propuestas bailables, virtuosismo y despliegue esc\u00e9nico:\u00a0<strong>LaQueTeCumbi\u00f3, Hijos del Monte y El Gran Capit\u00e1n<\/strong>.<\/p>\n<p>El festival forma parte del ciclo\u00a0<em>Discos Nuevos<\/em>, en el que artistas emergentes presentan su material m\u00e1s reciente. Las tres bandas grabaron sus canciones en Estudio Urbano a trav\u00e9s de\u00a0<em>Proyecto Disco<\/em>, la convocatoria de trabajo conjunto que ofrece anualmente este espacio de la Direcci\u00f3n General de M\u00fasica de la Ciudad de Buenos Aires.<\/p>\n<p>La entrada es gratuita, hasta colmar la capacidad del anfiteatro. Se ingresa por Av Lillo y Leopoldo Marechal. A partir de las 16.\u00a0<strong>Actividad gratuita<\/strong>.<\/p>\n<p><img loading=\"lazy\" decoding=\"async\" src=\"https:\/\/www.buenosaires.gob.ar\/sites\/gcaba\/files\/field\/image\/unnamed_-_2019-09-18t111256.jpg\" alt=\"\" width=\"960\" height=\"640\" \/><\/p>\n<hr \/>\n<h4><span style=\"color: #008080;\">\u201cFem Power Hip Hop\u201d<\/span><\/h4>\n<p>Llega a la\u00a0<strong>Usina del Arte<\/strong>\u00a0un encuentro protagonizado por mujeres para vivir lo mejor del g\u00e9nero. El Bajo Autopista ser\u00e1 escenario de un encuentro con todo el power femenino que celebrar\u00e1 lo mejor de la cultura Hip Hop con artistas nacionales.<\/p>\n<p>Arte en Barrios y Usina del Arte, junto a Superpoderosas Crew, pondr\u00e1n en escena a artistas emergentes de la cultura hip hop nacional. Habr\u00e1 shows musicales, exhibiciones de breaking y freestyle, stand de make-up y peluquer\u00eda, una sesi\u00f3n de DJ\u2019s Scratching, una intervenci\u00f3n de graffiti y una host de lujo:\u00a0<strong>Karen Pastrana<\/strong>, la voz femenina referente del g\u00e9nero desde hace m\u00e1s de dos d\u00e9cadas.<\/p>\n<p>Entre las 15 y las 20, en Agust\u00edn R. Caffarena 1.\u00a0<strong>Entrada gratuita<\/strong>.<\/p>\n<p><img loading=\"lazy\" decoding=\"async\" src=\"https:\/\/www.buenosaires.gob.ar\/sites\/gcaba\/files\/field\/image\/unnamed_-_2019-09-18t111330.jpg\" alt=\"\" width=\"960\" height=\"640\" \/><\/p>\n<hr \/>\n<h4><span style=\"color: #008080;\">Festejos en Parque Indoamericano<\/span><\/h4>\n<p>La propuesta incluir\u00e1 actividades dirigidas a j\u00f3venes y familias para que puedan festejar el d\u00eda al aire libre. Entre las actividades habr\u00e1 plaza seca con un taller de dibujo para chicos; talleres de pinta caritas; Reciclab: el trailer de Ciudad Verde; el Simulador de planta de reciclaje; Reciclaton: juego interactivo de pantalla led; Vending de semillas: carrito para sampling de semillas; juegos con contenido de higiene urbana; talleres de huertas urbana y compostaje; artistas itinerantes, mimos, malabaristas; un patio gastron\u00f3mico con foodtrucks; clases de Hip Hop.<\/p>\n<p>Entre los espect\u00e1culos que habr\u00e1 durante la jornada estar\u00e1n en vivo:\u00a0<strong>Tito y Coloso, Libroyasos, Desenchufados, Les Ivans<\/strong>, y dos shows de trap:\u00a0<strong>Dakilah, y Ecko<\/strong>. De 10 a 18 horas en el Parque Indoamericano (Av. Escalada, Jos\u00e9 P. Torcuato Batile y Ordo\u00f1ez -Paseo islas Malvinas-).\u00a0<strong>Entrada libre y gratuita<\/strong>.<\/p>\n<hr \/>\n<h4><span style=\"color: #008080;\">Bailemos en el hall: Edici\u00f3n K-POP4<\/span><\/h4>\n<p>Clases de coreograf\u00edas, proyecci\u00f3n de videoclips de las agrupaciones m\u00e1s populares de Corea, shows de grupos argentinos y secci\u00f3n de Random Dance, en una nueva edici\u00f3n del ciclo que invita a bailar en el Hall del San Mart\u00edn.\u00a0<strong>Teatro San Mart\u00edn<\/strong>, en Av. Corrientes 1530.\u00a0<strong>Entrada gratuita<\/strong>\u00a0(sujeta a la capacidad del Hall). No se requiere experiencia previa ni inscripci\u00f3n.<\/p>\n<p><img loading=\"lazy\" decoding=\"async\" src=\"https:\/\/www.buenosaires.gob.ar\/sites\/gcaba\/files\/double_k_1.jpg\" alt=\"\" width=\"960\" height=\"640\" \/><\/p>\n<h4><span style=\"color: #008080;\"><strong>M\u00e1s actividades:<\/strong><\/span><\/h4>\n<p><strong>\u201cCortar, coser, unir, dibujar\u201d. D\u00eda de la primavera con M\u00f3nica Mill\u00e1n<\/strong>: dibujo con la tijera unas ra\u00edces de tela, las envuelvo en hilos, sigo cortando el tallo, las hojas. Las voy cosiendo. Empieza a levantarse una flor. Un gusanito se acerca. \u00a1La primavera lleg\u00f3! Para ni\u00f1os de entre 5 y 12 a\u00f1os. A las 16, en Museo de Arte Moderno de Buenos Aires, Av. San Juan 350.\u00a0<strong>Entrada gratuita<\/strong>.<\/p>\n<p><strong>Ciclo cine al aire libre en el Cultural San Mart\u00edn<\/strong>: \u201cNueve Reinas\u201d, de Fabi\u00e1n Bielinsky (2000). Reparto: Ricardo Dar\u00edn, Gast\u00f3n Pauls, Leticia Br\u00e9dice. A las 20 en la plaza seca del CCGSM (Sarmiento 1551).\u00a0<strong>Entrada libre y gratuita<\/strong>.<\/p>\n<p><strong>\u00abBienvenida Primavera Rock\u00bb<\/strong>: musicalizadores y profesores de baile, que han generado un circuito en plazas y parques, para bailar rock cl\u00e1sico y tradicional. Desde las 16 en el Espacio Cultural Chacra de los Remedios, Av. Directorio y Lacarra.\u00a0<strong>Entrada gratuita<\/strong>.<\/p>\n<h4><span style=\"color: #008080;\"><strong>M\u00fasica<\/strong><\/span><\/h4>\n<p><strong>\u201c20 A\u00f1os del coro Trilce\u201d<\/strong>: en su aniversario, el coro dirigido por N\u00e9stor Andrenacci, ofrece este concierto en el que recorrer\u00e1 su historia a trav\u00e9s de lo mejor de su repertorio. A las 17 en la Biblioteca Casa de la Lectura, Lavalleja 924.\u00a0<strong>Entrada gratuita<\/strong>.<\/p>\n<p><strong>\u00abConcierto de \u00f3pera\u00bb<\/strong>: concierto de m\u00fasica acad\u00e9mica. Desde las 19 en el Espacio Cultural del Sur, Av. Caseros 1750.\u00a0<strong>Entrada gratuita<\/strong>.<\/p>\n<p><strong>\u00abCiclo de m\u00fasica en movimiento\u00bb<\/strong>: Agrupaci\u00f3n coral porte\u00f1a. Direcci\u00f3n: Pablo Quinteros. Artistas invitados. Desde las 20 en Espacio Cultural Juli\u00e1n Centeya, Av. San Juan 3255.\u00a0<strong>Entrada gratuita<\/strong>.<\/p>\n<p><strong>\u201cD\u00fao Di Leone &#8211; Zabala\u201d<\/strong>: m\u00fasica popular argentina. D\u00fao formado por Juan Pablo Dileone y Sergio Zabala, desanda los caminos de la m\u00fasica popular argentina y latinoamericana. A las 21 en El S\u00edmbolo (Av. Corrientes 3783).\u00a0<strong>Entrada gratuita<\/strong>.<\/p>\n<h4><strong><span style=\"color: #008080;\">Artes esc\u00e9nicas<\/span><\/strong><\/h4>\n<p><strong>\u201cAqu\u00ed cant\u00f3 Gardel\u201d<\/strong>: un musical tanguero sobre la \u00faltima vez que Gardel cant\u00f3 en Buenos Aires. Con la participaci\u00f3n de la Orquesta del Tango de la Ciudad de Buenos Aires protagonizada por Roberto Carnaghi. A las 20.30. En el CC 25 de Mayo, Av. Triunvirato 4444. Entrada: entre 300 y 350 pesos.<\/p>\n<p><strong>\u201cAcr\u00f3stico\u201d<\/strong>: la obra que Diego Rosental se inventa cuando despliega el papel con las letras de su nombre que, desde 1984, guarda en el caj\u00f3n de su mesa de luz. A las 21. En el CC 25 de Mayo, Av. Triunvirato 4444. Entrada: 200 pesos.<\/p>\n<p><strong>\u00abOd\u00edn, el artista invitado\u00bb<\/strong>: malabares, acrobacias, humor y m\u00fasica que invitan a la diversi\u00f3n de la mano de Od\u00edn. A las 16, en el Espacio Cultural Ad\u00e1n Buenosayres, Av. Eva Per\u00f3n 1400.\u00a0<strong>Entrada gratuita<\/strong>.<\/p>\n<p><strong>\u00abLazos eternos, historia de tres amores\u00bb<\/strong>: una actriz, un actor, la m\u00fasica, la poes\u00eda y algunos disfraces para contar estas tres historias. A las 19, en el Espacio Cultural Marc\u00f3 del Pont, Artigas 202.\u00a0<strong>Entrada gratuita<\/strong>.<\/p>\n<p><strong>\u201cUna Noche en el Museo\u201d<\/strong>: una gu\u00eda muy poco convencional lleva a los chicos al detr\u00e1s de escena de los museos, donde los personajes cobran vida. Una experiencia interactiva y divertida para hacer volar la imaginaci\u00f3n. A las 17 y a las 18. En el Museo del Cine Pablo Ducr\u00f3s Hicken, Agust\u00edn Caffarena 51. Valor de la entrada: $100 pesos por grupo familiar. No requiere inscripci\u00f3n previa. Cupo limitado: 30 chicos acompa\u00f1ados preferentemente cada uno con un s\u00f3lo adulto. Los adultos acompa\u00f1an en la visita, pero no participan.<\/p>\n<p><strong>\u00abUlises y Pen\u00e9lope\u00bb<\/strong>: Grupo de Titiriteros del Teatro San Mart\u00edn. Es tiempo de preguntas, porque navegar es preciso. Versi\u00f3n libre para teatro de t\u00edteres de la \u00f3pera \u00abEl regreso de Ulises a la patria\u00bb, con m\u00fasica de Claudio Monteverdi. Dirige Gabriela Marges. A las 11.30, en el Teatro de la Ribera, Av. Don Pedro de Mendoza 1821. Valor de la entrada: 120 pesos.<\/p>\n<p><strong>\u00abEl adulador\u00bb<\/strong>: Carlos Goldoni nos revela aspectos de la actividad pol\u00edtica presente, en esta pieza nunca representada en nuestro pa\u00eds. Con Alejandro Awada, Guillermo Arengo y elenco. Dirigida por Luciano Suardi.A las 16, en el Teatro Regio, Av. C\u00f3rdoba 6056. Valor de la entrada: entre 125 y 250 pesos.<\/p>\n<p><strong>\u00abEl hiperv\u00ednculo\u00bb (Prueba 7)<\/strong>: volvi\u00f3 a la Sala Mart\u00edn Coronado la s\u00e9ptima entrega del Proyecto Pruebas, dirigido por Mat\u00edas Feldman, que indaga en los nuevos modos de percepci\u00f3n propiciados por las nuevas tecnolog\u00edas. A las 20, en el Teatro San Mart\u00edn, Sala Mart\u00edn Coronado, en Av. Corrientes 1530. Valor de la entrada entre 140 y 280 pesos.<\/p>\n<p><strong>Ciclo De Otro Modo<\/strong>: Una entrevista a\u00a0<strong>Kris Alaniz<\/strong>, con canciones con Corina Gonz\u00e1lez Tejedor. A las 20.30, en la Sala de C\u00e1mara de la Usina del Arte. En Agust\u00edn R. Caffarena 1.\u00a0<strong>Entrada gratuita<\/strong>.<\/p>\n<p><strong>\u201cEl placer\u201d<\/strong>: tres hermanos deciden viajar a la casa de veraneo familiar en la costa meses despu\u00e9s de la muerte de su madre. Casa donde ella decidi\u00f3 pasar su \u00faltimo tiempo antes de morir. A las 17. Sala B. Entrada: entre 200 y 250 pesos. Centro Cultural San Mart\u00edn (Sarmiento 1551).<\/p>\n<p><strong>\u201cConcierto para la Batalla de El Tala\u201d<\/strong>: una obra con m\u00fasica original de Gabriel Chwojnik, escrita por Mariano Llin\u00e1s, con montaje esc\u00e9nico de Alejo Moguillansky e interpretada por cuatro m\u00fasicos. A las 20.30. Sala Alberdi. Centro Cultural San Mart\u00edn (Sarmiento 1551). Entrada: entre 200 y 250 pesos.<\/p>\n<p><strong>\u201cJoey, el monstruo Moreno\u201d<\/strong>: una historia contada desde la perspectiva de la ni\u00f1ez, con la intenci\u00f3n de desnaturalizar los mecanismos sociales con los que miramos la muerte y nos defendemos de ella. A las 21. Sala 3. Centro Cultural San Mart\u00edn (Sarmiento 1551). Entrada: entre 200 y 250 pesos.<\/p>\n<p><img loading=\"lazy\" decoding=\"async\" src=\"https:\/\/www.buenosaires.gob.ar\/sites\/gcaba\/files\/field\/image\/zv8uyztvqjnrsdajr3xh_0.jpg\" alt=\"\" width=\"1000\" height=\"500\" \/><\/p>\n<h4><span style=\"color: #008080;\"><strong>Artes visuales<\/strong><\/span><\/h4>\n<p><strong>Inauguraci\u00f3n mural en el barrio de Belgrano<\/strong>: con el prop\u00f3sito de descentralizar la oferta cultural tur\u00edstica, se presentan 15 murales en distintos barrios. La t\u00e9cnica es fotomosaicos, conformados por fotos de vecinos, dise\u00f1ados por Mart\u00edn Ron.Desde las 15 en Av. del Libertador y Virrey del Pino.\u00a0<strong>Entrada libre y gratuita<\/strong>.<\/p>\n<h4><span style=\"color: #008080;\"><strong>Cine y audiovisual<\/strong><\/span><\/h4>\n<p><strong>\u201cPerros de la Calle\u201d<\/strong>, de Quentin Tarantino (1992), a las 20.\u00a0<strong>\u201cA Prueba de Muerte\u201d<\/strong>, de Quentin Tarantino (2007), a las 22. En el Centro Cultural San Mart\u00edn (Sarmiento 1551). Sala 1. Entrada: entre 50 y 70 pesos.<\/p>\n<p><strong>\u201cFrida\u201d<\/strong>. Biopic sobre la famosa pintora mexicana Frida Kahlo, centrada en su tormentosa relaci\u00f3n con Diego Rivera.A las 16, en el Espacio Cultural Chacra de los Remedios, Av. Directorio y Lacarra.\u00a0<strong>Entrada gratuita<\/strong>.<\/p>\n<p><strong>\u00abZonda, folklore argentino\u00bb<\/strong>, dirigida por Carlos Saura, con vestuario de Marcela Villari\u00f1o. El ciclo acompa\u00f1a la exposici\u00f3n transitoria \u00abRetazos. Homenaje a Eduardo Lerchundi\u00bb, entre julio y septiembre. A las 16, en el Museo del Cine Pablo Ducr\u00f3s Hicken, Agust\u00edn Caffarena 51.\u00a0<strong>Entrada gratuita<\/strong>.<\/p>\n<h4><span style=\"color: #008080;\">Visitas y recorridos<\/span><\/h4>\n<p><strong>Casa Fern\u00e1ndez Blanco<\/strong>: los gu\u00edas introducen a los visitantes en la historia de la casa y de Isaac Fern\u00e1ndez Blanco, quien la fund\u00f3 y habit\u00f3. Tambi\u00e9n, de las distintas salas existentes en el Museo y las que se proyectan. A las 15. En Hip\u00f3lito Irigoyen 1420. Entrada: 50 pesos (precio de la entrada al Museo).<\/p>\n<p><strong>Museo de Arte Espa\u00f1ol Enrique Larreta<\/strong>: visitas a la casa y el jard\u00edn. Recorridos participativos para disfrutar en grupo y descubrir juntos el museo, el Jard\u00edn Andaluz y su historia. A las 16 y a las 18. Entrada: 50 pesos.<\/p>\n<p><strong>Museo de Arte Hispanoamericano Isaac Fern\u00e1ndez Blanco<\/strong>: visitas Guiadas en el Palacio Noel. Los gu\u00edas introducen al visitante en el universo cultural del per\u00edodo colonial en hispanoam\u00e9rica: los modos de producci\u00f3n y circulaci\u00f3n de las piezas y su contexto social e hist\u00f3rico. A las 16 en Suipacha 1422. Entrada: 50 pesos.<\/p>\n<p><strong>Museo de Arte Moderno de Buenos Aires<\/strong>: Club de lectura.\u00a0<em>\u201cSeis maneras de decir yo\u201d<\/em>. En los encuentros, se invitar\u00e1n a los autores de las obras le\u00eddas para conversar con ellos. A las 11, en Av. San Juan 350.\u00a0<strong>Entrada gratuita<\/strong>.<\/p>\n<p><strong>\u00abRecorridos Tem\u00e1ticos\u00bb<\/strong>:\u00a0<em>Pasajes de la Av. de Mayo<\/em>. Se podr\u00e1 conocer los diferentes pasajes de la la Av. de Mayo que la conectan con la calles Rivadavia e Hip\u00f3lito Yrigoyen y otros del entorno como La Piedad y Rivarola. A las 10 en el Pasaje Roverano, Av. de Mayo 560.\u00a0<strong>Entrada gratuita<\/strong>\u00a0(cupo 200 personas).<\/p>\n<p><strong>Feria de Septiembre<\/strong>: organizada por el Museo de la Ciudad, en ella se podr\u00e1n encontrar todo tipo de antig\u00fcedades, art\u00edculos coleccionables, libros, textiles y mucho m\u00e1s. De 10 a 17, en Plaza Dorrego, Humberto 1\u00b0 y Defensa.\u00a0<strong>Entrada libre y gratuita<\/strong>.<\/p>\n<h4><span style=\"color: #008080;\"><strong>Dise\u00f1o<\/strong><\/span><\/h4>\n<p><strong>Hablemos del corset<\/strong>. Charla: un recorrido te\u00f3rico hist\u00f3rico desde los or\u00edgenes del corset hasta la actualidad, con im\u00e1genes y exhibici\u00f3n de r\u00e9plicas de corseter\u00eda de \u00e9poca. Disertante: Silvia Haritchabalet. A las 12, en Av. Libertador 2373, Museo de Arte Popular Jos\u00e9 Hern\u00e1ndez.\u00a0<strong>Entrada gratuita<\/strong>.<\/p>\n<h4><strong><span style=\"color: #008080;\">Talleres<\/span><\/strong><\/h4>\n<p><strong>Taller de origami<\/strong>: construcci\u00f3n de diversas flores utilizando la t\u00e9cnica de origami y papiroflexia. A las 16 en el Espacio Cultural Chacra de los Remedios, Av. Directorio y Lacarra.\u00a0<strong>Entrada gratuita<\/strong>.<\/p>\n<p><strong>Experimentaciones en cuero<\/strong>. Taller: se desarrollar\u00e1n las posibilidades del cuero como material de descarte y residuo, optimizaci\u00f3n de recursos, posibilidades y alcances. A las 13, en Av. Libertador 2373, Museo de Arte Popular Jos\u00e9 Hern\u00e1ndez.\u00a0<strong>Entrada gratuita<\/strong>.<\/p>\n<p><strong>Dise\u00f1o de accesorios con t\u00e9cnicas de reciclaje<\/strong>. Taller: presentaci\u00f3n de puntos b\u00e1sicos para el proceso de reciclaje. Deconstrucci\u00f3n de prendas, selecci\u00f3n de tejidos, molder\u00eda, producci\u00f3n seriada, terminaciones y origami de tela. Por Anabel Picciotti. A las 15.30, en Av. Libertador 2373, Museo de Arte Popular Jos\u00e9 Hern\u00e1ndez.\u00a0<strong>Entrada gratuita<\/strong>.<\/p>\n<p><img loading=\"lazy\" decoding=\"async\" src=\"https:\/\/www.buenosaires.gob.ar\/sites\/gcaba\/files\/field\/image\/2015_afs_aeb_encuentro_20190526_img_4416.jpg\" alt=\"\" width=\"960\" height=\"640\" \/><\/p>\n<p>&nbsp;<\/p>\n","protected":false},"excerpt":{"rendered":"<div class=\"mh-excerpt\">El s\u00e1bado 21 de septiembre habr\u00e1 m\u00e1s de 60 actividades programadas para este d\u00eda en los parques, bibliotecas, teatros, cines y centros culturales para que todos los vecinos puedan disfrutarla. <a class=\"mh-excerpt-more\" href=\"https:\/\/www.comuna13online.com.ar\/?p=6894\" title=\"D\u00eda de la Primavera en la Ciudad\">[&#8230;]<\/a><\/div>\n","protected":false},"author":1,"featured_media":6895,"comment_status":"closed","ping_status":"closed","sticky":false,"template":"","format":"standard","meta":{"_uag_custom_page_level_css":"","_jetpack_memberships_contains_paid_content":false,"footnotes":"","jetpack_publicize_message":"D\u00eda de la Primavera en la Ciudad","jetpack_publicize_feature_enabled":true,"jetpack_social_post_already_shared":true,"jetpack_social_options":{"image_generator_settings":{"template":"highway","default_image_id":0,"font":"","enabled":false},"version":2}},"categories":[9],"tags":[250],"class_list":{"0":"post-6894","1":"post","2":"type-post","3":"status-publish","4":"format-standard","5":"has-post-thumbnail","7":"category-ciudad","8":"tag-h2"},"jetpack_publicize_connections":[],"jetpack_featured_media_url":"https:\/\/www.comuna13online.com.ar\/wp-content\/uploads\/2019\/09\/20190920a.jpg","uagb_featured_image_src":{"full":["https:\/\/www.comuna13online.com.ar\/wp-content\/uploads\/2019\/09\/20190920a.jpg",1030,438,false],"thumbnail":["https:\/\/www.comuna13online.com.ar\/wp-content\/uploads\/2019\/09\/20190920a-150x150.jpg",96,96,true],"medium":["https:\/\/www.comuna13online.com.ar\/wp-content\/uploads\/2019\/09\/20190920a-678x288.jpg",678,288,true],"medium_large":["https:\/\/www.comuna13online.com.ar\/wp-content\/uploads\/2019\/09\/20190920a-768x327.jpg",768,327,true],"large":["https:\/\/www.comuna13online.com.ar\/wp-content\/uploads\/2019\/09\/20190920a.jpg",1030,438,false],"1536x1536":["https:\/\/www.comuna13online.com.ar\/wp-content\/uploads\/2019\/09\/20190920a.jpg",1030,438,false],"2048x2048":["https:\/\/www.comuna13online.com.ar\/wp-content\/uploads\/2019\/09\/20190920a.jpg",1030,438,false],"mh-magazine-slider":["https:\/\/www.comuna13online.com.ar\/wp-content\/uploads\/2019\/09\/20190920a.jpg",1030,438,false],"mh-magazine-content":["https:\/\/www.comuna13online.com.ar\/wp-content\/uploads\/2019\/09\/20190920a-678x381.jpg",678,381,true],"mh-magazine-large":["https:\/\/www.comuna13online.com.ar\/wp-content\/uploads\/2019\/09\/20190920a-678x438.jpg",678,438,true],"mh-magazine-medium":["https:\/\/www.comuna13online.com.ar\/wp-content\/uploads\/2019\/09\/20190920a-326x245.jpg",326,245,true],"mh-magazine-small":["https:\/\/www.comuna13online.com.ar\/wp-content\/uploads\/2019\/09\/20190920a-80x60.jpg",80,60,true],"sow-carousel-default":["https:\/\/www.comuna13online.com.ar\/wp-content\/uploads\/2019\/09\/20190920a-272x182.jpg",272,182,true]},"uagb_author_info":{"display_name":"Comuna13","author_link":"https:\/\/www.comuna13online.com.ar\/?author=1"},"uagb_comment_info":0,"uagb_excerpt":"El s\u00e1bado 21 de septiembre habr\u00e1 m\u00e1s de 60 actividades programadas para este d\u00eda en los parques, bibliotecas, teatros, cines y centros culturales para que todos los vecinos puedan disfrutarla. [...]","jetpack_sharing_enabled":true,"_links":{"self":[{"href":"https:\/\/www.comuna13online.com.ar\/index.php?rest_route=\/wp\/v2\/posts\/6894","targetHints":{"allow":["GET"]}}],"collection":[{"href":"https:\/\/www.comuna13online.com.ar\/index.php?rest_route=\/wp\/v2\/posts"}],"about":[{"href":"https:\/\/www.comuna13online.com.ar\/index.php?rest_route=\/wp\/v2\/types\/post"}],"author":[{"embeddable":true,"href":"https:\/\/www.comuna13online.com.ar\/index.php?rest_route=\/wp\/v2\/users\/1"}],"replies":[{"embeddable":true,"href":"https:\/\/www.comuna13online.com.ar\/index.php?rest_route=%2Fwp%2Fv2%2Fcomments&post=6894"}],"version-history":[{"count":0,"href":"https:\/\/www.comuna13online.com.ar\/index.php?rest_route=\/wp\/v2\/posts\/6894\/revisions"}],"wp:featuredmedia":[{"embeddable":true,"href":"https:\/\/www.comuna13online.com.ar\/index.php?rest_route=\/wp\/v2\/media\/6895"}],"wp:attachment":[{"href":"https:\/\/www.comuna13online.com.ar\/index.php?rest_route=%2Fwp%2Fv2%2Fmedia&parent=6894"}],"wp:term":[{"taxonomy":"category","embeddable":true,"href":"https:\/\/www.comuna13online.com.ar\/index.php?rest_route=%2Fwp%2Fv2%2Fcategories&post=6894"},{"taxonomy":"post_tag","embeddable":true,"href":"https:\/\/www.comuna13online.com.ar\/index.php?rest_route=%2Fwp%2Fv2%2Ftags&post=6894"}],"curies":[{"name":"wp","href":"https:\/\/api.w.org\/{rel}","templated":true}]}}