{"id":6870,"date":"2019-09-18T10:17:18","date_gmt":"2019-09-18T13:17:18","guid":{"rendered":"http:\/\/www.comuna13online.com.ar\/?p=6870"},"modified":"2019-09-18T10:17:18","modified_gmt":"2019-09-18T13:17:18","slug":"fernandez-y-lammens-relanzaron-en-la-uba-la-campana-en-la-ciudad","status":"publish","type":"post","link":"https:\/\/www.comuna13online.com.ar\/?p=6870","title":{"rendered":"Fern\u00e1ndez y Lammens relanzaron en la UBA la campa\u00f1a en la Ciudad"},"content":{"rendered":"<p><strong>En busca de ampliar el apoyo de los porte\u00f1os hacia Fern\u00e1ndez y Lammens, los candidatos realizaron un acto en la UBA con discursos focalizados en la Ciencia y Tecnolog\u00eda. \u201cLas sociedades ricas son las que desarrollan la inteligencia\u201d asegur\u00f3 Alberto.<\/strong><\/p>\n<p><img loading=\"lazy\" decoding=\"async\" data-attachment-id=\"6873\" data-permalink=\"https:\/\/www.comuna13online.com.ar\/?attachment_id=6873\" data-orig-file=\"https:\/\/www.comuna13online.com.ar\/wp-content\/uploads\/2019\/09\/20190918a2.jpg\" data-orig-size=\"678,452\" data-comments-opened=\"0\" data-image-meta=\"{&quot;aperture&quot;:&quot;0&quot;,&quot;credit&quot;:&quot;&quot;,&quot;camera&quot;:&quot;&quot;,&quot;caption&quot;:&quot;&quot;,&quot;created_timestamp&quot;:&quot;0&quot;,&quot;copyright&quot;:&quot;&quot;,&quot;focal_length&quot;:&quot;0&quot;,&quot;iso&quot;:&quot;0&quot;,&quot;shutter_speed&quot;:&quot;0&quot;,&quot;title&quot;:&quot;&quot;,&quot;orientation&quot;:&quot;0&quot;}\" data-image-title=\"20190918a2\" data-image-description=\"\" data-image-caption=\"\" data-large-file=\"https:\/\/www.comuna13online.com.ar\/wp-content\/uploads\/2019\/09\/20190918a2-657x438.jpg\" class=\"alignnone size-full wp-image-6873\" src=\"http:\/\/www.comuna13online.com.ar\/wp-content\/uploads\/2019\/09\/20190918a2.jpg\" alt=\"\" width=\"678\" height=\"452\" srcset=\"https:\/\/www.comuna13online.com.ar\/wp-content\/uploads\/2019\/09\/20190918a2.jpg 678w, https:\/\/www.comuna13online.com.ar\/wp-content\/uploads\/2019\/09\/20190918a2-657x438.jpg 657w, https:\/\/www.comuna13online.com.ar\/wp-content\/uploads\/2019\/09\/20190918a2-272x182.jpg 272w\" sizes=\"auto, (max-width: 678px) 100vw, 678px\" \/><\/p>\n<p>Desde el Frente de Todos buscan mejorar la performance de las elecciones Primarias en la Ciudad de Buenos Aires y forzar un balotage entre Mat\u00edas Lammens y Rodr\u00edguez Larreta para la Jefatura de Gobierno de la Ciudad.<\/p>\n<p>Es por ello que el candidato presidencial por el Frente de Todos, Alberto Fern\u00e1ndez, desembarc\u00f3 en la Ciudad y encabez\u00f3 junto al candidato a Jefe de Gobierno Mat\u00edas Lammens un acto en la sede de la Universidad de Buenos Aires de Lugano donde en el que sostuvo que buscar\u00e1n convencer a todos los vecinos de que se puede mejor en una Argentina federal.<\/p>\n<p><em>\u201cEmpezamos una segunda etapa con Mat\u00edas. En la primera, dediqu\u00e9 menos tiempo a mi querida Buenos Aires. Ahora vamos a convencer a todos los porte\u00f1os de que tenemos la posibilidad vivir en una ciudad que se integre al resto pa\u00eds, en una Argentina federal que todos y todas nos merecemos\u201d<\/em>, expres\u00f3\u00a0 Fern\u00e1ndez al presentar la propuesta \u201cBuenos Aires, ciudad del conocimiento\u201d en el Aula Magna de la Facultad de Ciencias Exactas y Naturales de la UBA.<\/p>\n<div align=\"center\">\n<blockquote class=\"twitter-tweet\">\n<p dir=\"ltr\" lang=\"es\">Presentaci\u00f3n de <a href=\"https:\/\/twitter.com\/hashtag\/CiudadDelConocimiento?src=hash&amp;ref_src=twsrc%5Etfw\">#CiudadDelConocimiento<\/a> en la Facultad de Ciencias Exactas de la UBA junto a <a href=\"https:\/\/twitter.com\/MatiasLammens?ref_src=twsrc%5Etfw\">@MatiasLammens<\/a> <a href=\"https:\/\/t.co\/UUzxJOjWWw\">https:\/\/t.co\/UUzxJOjWWw<\/a><\/p>\n<p>\u2014 Alberto Fern\u00e1ndez (@alferdez) <a href=\"https:\/\/twitter.com\/alferdez\/status\/1174075142105980928?ref_src=twsrc%5Etfw\">September 17, 2019<\/a><\/p><\/blockquote>\n<p><script async src=\"https:\/\/platform.twitter.com\/widgets.js\" charset=\"utf-8\"><\/script><\/p>\n<\/div>\n<p>Por su parte, Lammens cont\u00f3 <em>\u201cCon Alberto coincidimos en crear la Agencia de Ciencia, Tecnolog\u00eda e Innovaci\u00f3n. Para eso se necesitan voluntad pol\u00edtica y un marco institucional que contenga y estimule a los cient\u00edficos y a los investigadores\u201d.<\/em><\/p>\n<p>Adem\u00e1s el candidato a Jefe de Gobierno advirti\u00f3 la obligaci\u00f3n de <em>\u201caprovechar la capacidad y los recursos humanos que tiene la Ciudad, con el objetivo de generar pol\u00edticas p\u00fablicas, brindar soluciones urbanas y construir un modelo de desarrollo que permita trasladar el mundo del conocimiento al de la industria y la producci\u00f3n\u201d. La soci\u00f3loga e historiadora feminista Dora Barrancos, muy aplaudida, dijo que \u201cla ciencia, el arte y la tecnolog\u00eda deben estar al servicio de dignificar la vida humana\u201d<\/em>.<\/p>\n<p>En sinton\u00eda, Fern\u00e1ndez asegur\u00f3 que las sociedades ricas <em>\u201cson las que desarrollan la inteligencia\u201d<\/em>, y le sugiri\u00f3 a Larreta que <em>\u201cser\u00eda bueno dejar de gastar tantas horas en publicidad para mostrar el Metrobus y las obras que se hacen, que est\u00e1n bien, para usar esos recursos en ciencia y tecnolog\u00eda\u201d<\/em>.<\/p>\n<p><img loading=\"lazy\" decoding=\"async\" data-attachment-id=\"6872\" data-permalink=\"https:\/\/www.comuna13online.com.ar\/?attachment_id=6872\" data-orig-file=\"https:\/\/www.comuna13online.com.ar\/wp-content\/uploads\/2019\/09\/20190918a1.jpg\" data-orig-size=\"678,452\" data-comments-opened=\"0\" data-image-meta=\"{&quot;aperture&quot;:&quot;0&quot;,&quot;credit&quot;:&quot;&quot;,&quot;camera&quot;:&quot;&quot;,&quot;caption&quot;:&quot;&quot;,&quot;created_timestamp&quot;:&quot;0&quot;,&quot;copyright&quot;:&quot;&quot;,&quot;focal_length&quot;:&quot;0&quot;,&quot;iso&quot;:&quot;0&quot;,&quot;shutter_speed&quot;:&quot;0&quot;,&quot;title&quot;:&quot;&quot;,&quot;orientation&quot;:&quot;0&quot;}\" data-image-title=\"20190918a1\" data-image-description=\"\" data-image-caption=\"\" data-large-file=\"https:\/\/www.comuna13online.com.ar\/wp-content\/uploads\/2019\/09\/20190918a1-657x438.jpg\" class=\"alignnone size-full wp-image-6872\" src=\"http:\/\/www.comuna13online.com.ar\/wp-content\/uploads\/2019\/09\/20190918a1.jpg\" alt=\"\" width=\"678\" height=\"452\" srcset=\"https:\/\/www.comuna13online.com.ar\/wp-content\/uploads\/2019\/09\/20190918a1.jpg 678w, https:\/\/www.comuna13online.com.ar\/wp-content\/uploads\/2019\/09\/20190918a1-657x438.jpg 657w, https:\/\/www.comuna13online.com.ar\/wp-content\/uploads\/2019\/09\/20190918a1-272x182.jpg 272w\" sizes=\"auto, (max-width: 678px) 100vw, 678px\" \/><\/p>\n<p>Por \u00faltimo, se firm\u00f3 un documento que, en caso de que Alberto Fern\u00e1ndez gan\u00e9 la elecci\u00f3n nacional y Mat\u00edas Lammens replique en la Ciudad, ambos candidatos se comprometen realizar \u201c<span style=\"text-decoration: underline;\">acciones estrat\u00e9gicas para que el Estado Nacional y el Gobierno de la Ciudad generen un escenario propicio para que las instituciones cient\u00edficas participen de la resoluci\u00f3n de problemas urbanos, poner en marcha programas de cooperaci\u00f3n entre el estado nacional, el Gobierno de la Ciudad de Buenos Aires y cualquier otra ciudad de la Argentina que desee sumarse a la iniciativa para impulsar la investigaci\u00f3n y el desarrollo para mejorar el h\u00e1bitat urbano y propiciar la suscripci\u00f3n de convenios estrat\u00e9gicos de cooperaci\u00f3n entre la Agencia de Ciencia y Tecnolog\u00eda de la Ciudad Aut\u00f3noma de Buenos Aires y el Ministerio de Educaci\u00f3n Nacional<\/span>\u201d.<\/p>\n<p><img loading=\"lazy\" decoding=\"async\" data-attachment-id=\"6874\" data-permalink=\"https:\/\/www.comuna13online.com.ar\/?attachment_id=6874\" data-orig-file=\"https:\/\/www.comuna13online.com.ar\/wp-content\/uploads\/2019\/09\/20190918a3.jpg\" data-orig-size=\"678,452\" data-comments-opened=\"0\" data-image-meta=\"{&quot;aperture&quot;:&quot;0&quot;,&quot;credit&quot;:&quot;&quot;,&quot;camera&quot;:&quot;&quot;,&quot;caption&quot;:&quot;&quot;,&quot;created_timestamp&quot;:&quot;0&quot;,&quot;copyright&quot;:&quot;&quot;,&quot;focal_length&quot;:&quot;0&quot;,&quot;iso&quot;:&quot;0&quot;,&quot;shutter_speed&quot;:&quot;0&quot;,&quot;title&quot;:&quot;&quot;,&quot;orientation&quot;:&quot;0&quot;}\" data-image-title=\"20190918a3\" data-image-description=\"\" data-image-caption=\"\" data-large-file=\"https:\/\/www.comuna13online.com.ar\/wp-content\/uploads\/2019\/09\/20190918a3-657x438.jpg\" class=\"alignnone size-full wp-image-6874\" src=\"http:\/\/www.comuna13online.com.ar\/wp-content\/uploads\/2019\/09\/20190918a3.jpg\" alt=\"\" width=\"678\" height=\"452\" srcset=\"https:\/\/www.comuna13online.com.ar\/wp-content\/uploads\/2019\/09\/20190918a3.jpg 678w, https:\/\/www.comuna13online.com.ar\/wp-content\/uploads\/2019\/09\/20190918a3-657x438.jpg 657w, https:\/\/www.comuna13online.com.ar\/wp-content\/uploads\/2019\/09\/20190918a3-272x182.jpg 272w\" sizes=\"auto, (max-width: 678px) 100vw, 678px\" \/><\/p>\n<p>El acto fue conducido por los periodistas Claudio Mart\u00ednez y Angela Llerena, entre los presentes estuvieron, el rector de la UBA, Alberto Babieri,\u00a0 el diputado y ex titular del Conicet Roberto Salvarezza, Mariano Recalde, Daniel Filmus, Gabriela Cerruti, \u201cPino\u201d Solanas, Paula Penacca, Itai Hagman y Victoria Donda entre otros.<\/p>\n","protected":false},"excerpt":{"rendered":"<div class=\"mh-excerpt\">En busca de ampliar el apoyo de los porte\u00f1os hacia Fern\u00e1ndez y Lammens, los candidatos realizaron un acto en la UBA con discursos focalizados en la Ciencia y Tecnolog\u00eda. \u201cLas <a class=\"mh-excerpt-more\" href=\"https:\/\/www.comuna13online.com.ar\/?p=6870\" title=\"Fern\u00e1ndez y Lammens relanzaron en la UBA la campa\u00f1a en la Ciudad\">[&#8230;]<\/a><\/div>\n","protected":false},"author":1,"featured_media":6871,"comment_status":"closed","ping_status":"closed","sticky":false,"template":"","format":"standard","meta":{"_uag_custom_page_level_css":"","_jetpack_memberships_contains_paid_content":false,"footnotes":"","jetpack_publicize_message":"@alferdez y  \r\n@MatiasLammens relanzaron en la UBA la campa\u00f1a en la Ciudad #CiudadDelConocimiento #VienenAiresBuenos","jetpack_publicize_feature_enabled":true,"jetpack_social_post_already_shared":true,"jetpack_social_options":{"image_generator_settings":{"template":"highway","default_image_id":0,"font":"","enabled":false},"version":2}},"categories":[232],"tags":[190,246,250],"class_list":{"0":"post-6870","1":"post","2":"type-post","3":"status-publish","4":"format-standard","5":"has-post-thumbnail","7":"category-elecciones","8":"tag-elecciones","9":"tag-h1","10":"tag-h2"},"jetpack_publicize_connections":[],"jetpack_featured_media_url":"https:\/\/www.comuna13online.com.ar\/wp-content\/uploads\/2019\/09\/20190918a.jpg","uagb_featured_image_src":{"full":["https:\/\/www.comuna13online.com.ar\/wp-content\/uploads\/2019\/09\/20190918a.jpg",1030,438,false],"thumbnail":["https:\/\/www.comuna13online.com.ar\/wp-content\/uploads\/2019\/09\/20190918a-150x150.jpg",96,96,true],"medium":["https:\/\/www.comuna13online.com.ar\/wp-content\/uploads\/2019\/09\/20190918a-678x288.jpg",678,288,true],"medium_large":["https:\/\/www.comuna13online.com.ar\/wp-content\/uploads\/2019\/09\/20190918a-768x327.jpg",768,327,true],"large":["https:\/\/www.comuna13online.com.ar\/wp-content\/uploads\/2019\/09\/20190918a.jpg",1030,438,false],"1536x1536":["https:\/\/www.comuna13online.com.ar\/wp-content\/uploads\/2019\/09\/20190918a.jpg",1030,438,false],"2048x2048":["https:\/\/www.comuna13online.com.ar\/wp-content\/uploads\/2019\/09\/20190918a.jpg",1030,438,false],"mh-magazine-slider":["https:\/\/www.comuna13online.com.ar\/wp-content\/uploads\/2019\/09\/20190918a.jpg",1030,438,false],"mh-magazine-content":["https:\/\/www.comuna13online.com.ar\/wp-content\/uploads\/2019\/09\/20190918a-678x381.jpg",678,381,true],"mh-magazine-large":["https:\/\/www.comuna13online.com.ar\/wp-content\/uploads\/2019\/09\/20190918a-678x438.jpg",678,438,true],"mh-magazine-medium":["https:\/\/www.comuna13online.com.ar\/wp-content\/uploads\/2019\/09\/20190918a-326x245.jpg",326,245,true],"mh-magazine-small":["https:\/\/www.comuna13online.com.ar\/wp-content\/uploads\/2019\/09\/20190918a-80x60.jpg",80,60,true],"sow-carousel-default":["https:\/\/www.comuna13online.com.ar\/wp-content\/uploads\/2019\/09\/20190918a-272x182.jpg",272,182,true]},"uagb_author_info":{"display_name":"Comuna13","author_link":"https:\/\/www.comuna13online.com.ar\/?author=1"},"uagb_comment_info":0,"uagb_excerpt":"En busca de ampliar el apoyo de los porte\u00f1os hacia Fern\u00e1ndez y Lammens, los candidatos realizaron un acto en la UBA con discursos focalizados en la Ciencia y Tecnolog\u00eda. \u201cLas [...]","jetpack_sharing_enabled":true,"_links":{"self":[{"href":"https:\/\/www.comuna13online.com.ar\/index.php?rest_route=\/wp\/v2\/posts\/6870","targetHints":{"allow":["GET"]}}],"collection":[{"href":"https:\/\/www.comuna13online.com.ar\/index.php?rest_route=\/wp\/v2\/posts"}],"about":[{"href":"https:\/\/www.comuna13online.com.ar\/index.php?rest_route=\/wp\/v2\/types\/post"}],"author":[{"embeddable":true,"href":"https:\/\/www.comuna13online.com.ar\/index.php?rest_route=\/wp\/v2\/users\/1"}],"replies":[{"embeddable":true,"href":"https:\/\/www.comuna13online.com.ar\/index.php?rest_route=%2Fwp%2Fv2%2Fcomments&post=6870"}],"version-history":[{"count":0,"href":"https:\/\/www.comuna13online.com.ar\/index.php?rest_route=\/wp\/v2\/posts\/6870\/revisions"}],"wp:featuredmedia":[{"embeddable":true,"href":"https:\/\/www.comuna13online.com.ar\/index.php?rest_route=\/wp\/v2\/media\/6871"}],"wp:attachment":[{"href":"https:\/\/www.comuna13online.com.ar\/index.php?rest_route=%2Fwp%2Fv2%2Fmedia&parent=6870"}],"wp:term":[{"taxonomy":"category","embeddable":true,"href":"https:\/\/www.comuna13online.com.ar\/index.php?rest_route=%2Fwp%2Fv2%2Fcategories&post=6870"},{"taxonomy":"post_tag","embeddable":true,"href":"https:\/\/www.comuna13online.com.ar\/index.php?rest_route=%2Fwp%2Fv2%2Ftags&post=6870"}],"curies":[{"name":"wp","href":"https:\/\/api.w.org\/{rel}","templated":true}]}}