{"id":6752,"date":"2019-09-06T13:36:20","date_gmt":"2019-09-06T16:36:20","guid":{"rendered":"http:\/\/www.comuna13online.com.ar\/?p=6752"},"modified":"2019-09-06T18:43:56","modified_gmt":"2019-09-06T21:43:56","slug":"hay-paro-en-todas-las-lineas-de-subte-hasta-las-17-horas","status":"publish","type":"post","link":"https:\/\/www.comuna13online.com.ar\/?p=6752","title":{"rendered":"Finaliz\u00f3 el paro de 4 horas en los subte y el premetro y se normaliza el servicio"},"content":{"rendered":"<p><strong>Finaliz\u00f3 la medida de fuerza adoptada por los trabajadores del subte y el premetro tras el fracaso en la reuni\u00f3n de esta ma\u00f1ana entre gremialistas y representantes de Metrov\u00edas y Sbase.<\/strong><\/p>\n<p><img loading=\"lazy\" decoding=\"async\" data-attachment-id=\"6755\" data-permalink=\"https:\/\/www.comuna13online.com.ar\/?attachment_id=6755\" data-orig-file=\"https:\/\/www.comuna13online.com.ar\/wp-content\/uploads\/2019\/09\/20190906d1.jpg\" data-orig-size=\"678,381\" data-comments-opened=\"0\" data-image-meta=\"{&quot;aperture&quot;:&quot;0&quot;,&quot;credit&quot;:&quot;&quot;,&quot;camera&quot;:&quot;&quot;,&quot;caption&quot;:&quot;&quot;,&quot;created_timestamp&quot;:&quot;0&quot;,&quot;copyright&quot;:&quot;&quot;,&quot;focal_length&quot;:&quot;0&quot;,&quot;iso&quot;:&quot;0&quot;,&quot;shutter_speed&quot;:&quot;0&quot;,&quot;title&quot;:&quot;&quot;,&quot;orientation&quot;:&quot;0&quot;}\" data-image-title=\"20190906d1\" data-image-description=\"\" data-image-caption=\"\" data-large-file=\"https:\/\/www.comuna13online.com.ar\/wp-content\/uploads\/2019\/09\/20190906d1.jpg\" class=\"alignnone size-full wp-image-6755\" src=\"http:\/\/www.comuna13online.com.ar\/wp-content\/uploads\/2019\/09\/20190906d1.jpg\" alt=\"\" width=\"678\" height=\"381\" \/><\/p>\n<p>Pasado el mediod\u00eda, la Asociaci\u00f3n Gremial de Trabajadores del Subte y Premetro (AGTSyP) comenz\u00f3 un pro de 4 horas en reclamo del nombramiento del personal correspondiente para trabajar en las boleter\u00edas de las nuevas estaciones de la L\u00ednea E, Catalinas y Correo Central Norte.<\/p>\n<p>La medida de fuerza fue adoptada luego del encuentro que mantuvieron por la ma\u00f1ana dirigentes gremiales con los representantes de Metrov\u00edas y Subterr\u00e1neos de buenos Aires S.E. en las oficinas de la Subsecretar\u00eda de Trabajo,<\/p>\n<p>Se paralizarron por completo las 6 l\u00edneas de subterr\u00e1neos y el premetro entre las 13 y 17 horas. Al momento el servicio ya se encuentre normalizado.<\/p>\n<p>&nbsp;<\/p>\n","protected":false},"excerpt":{"rendered":"<div class=\"mh-excerpt\">Finaliz\u00f3 la medida de fuerza adoptada por los trabajadores del subte y el premetro tras el fracaso en la reuni\u00f3n de esta ma\u00f1ana entre gremialistas y representantes de Metrov\u00edas y <a class=\"mh-excerpt-more\" href=\"https:\/\/www.comuna13online.com.ar\/?p=6752\" title=\"Finaliz\u00f3 el paro de 4 horas en los subte y el premetro y se normaliza el servicio\">[&#8230;]<\/a><\/div>\n","protected":false},"author":1,"featured_media":6758,"comment_status":"closed","ping_status":"closed","sticky":false,"template":"","format":"standard","meta":{"_uag_custom_page_level_css":"","_jetpack_memberships_contains_paid_content":false,"footnotes":"","jetpack_publicize_message":"Hay paro en todas las l\u00edneas de subte hasta las 17 horas #Subte #AGTSyP","jetpack_publicize_feature_enabled":true,"jetpack_social_post_already_shared":true,"jetpack_social_options":{"image_generator_settings":{"template":"highway","default_image_id":0,"font":"","enabled":false},"version":2}},"categories":[14],"tags":[123,16],"class_list":{"0":"post-6752","1":"post","2":"type-post","3":"status-publish","4":"format-standard","5":"has-post-thumbnail","7":"category-subte","8":"tag-paro","9":"tag-subte"},"jetpack_publicize_connections":[],"jetpack_featured_media_url":"https:\/\/www.comuna13online.com.ar\/wp-content\/uploads\/2019\/09\/20190906d-1.jpg","uagb_featured_image_src":{"full":["https:\/\/www.comuna13online.com.ar\/wp-content\/uploads\/2019\/09\/20190906d-1.jpg",1030,438,false],"thumbnail":["https:\/\/www.comuna13online.com.ar\/wp-content\/uploads\/2019\/09\/20190906d-1-150x150.jpg",96,96,true],"medium":["https:\/\/www.comuna13online.com.ar\/wp-content\/uploads\/2019\/09\/20190906d-1-678x288.jpg",678,288,true],"medium_large":["https:\/\/www.comuna13online.com.ar\/wp-content\/uploads\/2019\/09\/20190906d-1-768x327.jpg",768,327,true],"large":["https:\/\/www.comuna13online.com.ar\/wp-content\/uploads\/2019\/09\/20190906d-1.jpg",1030,438,false],"1536x1536":["https:\/\/www.comuna13online.com.ar\/wp-content\/uploads\/2019\/09\/20190906d-1.jpg",1030,438,false],"2048x2048":["https:\/\/www.comuna13online.com.ar\/wp-content\/uploads\/2019\/09\/20190906d-1.jpg",1030,438,false],"mh-magazine-slider":["https:\/\/www.comuna13online.com.ar\/wp-content\/uploads\/2019\/09\/20190906d-1.jpg",1030,438,false],"mh-magazine-content":["https:\/\/www.comuna13online.com.ar\/wp-content\/uploads\/2019\/09\/20190906d-1-678x381.jpg",678,381,true],"mh-magazine-large":["https:\/\/www.comuna13online.com.ar\/wp-content\/uploads\/2019\/09\/20190906d-1-678x438.jpg",678,438,true],"mh-magazine-medium":["https:\/\/www.comuna13online.com.ar\/wp-content\/uploads\/2019\/09\/20190906d-1-326x245.jpg",326,245,true],"mh-magazine-small":["https:\/\/www.comuna13online.com.ar\/wp-content\/uploads\/2019\/09\/20190906d-1-80x60.jpg",80,60,true],"sow-carousel-default":["https:\/\/www.comuna13online.com.ar\/wp-content\/uploads\/2019\/09\/20190906d-1-272x182.jpg",272,182,true]},"uagb_author_info":{"display_name":"Comuna13","author_link":"https:\/\/www.comuna13online.com.ar\/?author=1"},"uagb_comment_info":0,"uagb_excerpt":"Finaliz\u00f3 la medida de fuerza adoptada por los trabajadores del subte y el premetro tras el fracaso en la reuni\u00f3n de esta ma\u00f1ana entre gremialistas y representantes de Metrov\u00edas y [...]","jetpack_sharing_enabled":true,"_links":{"self":[{"href":"https:\/\/www.comuna13online.com.ar\/index.php?rest_route=\/wp\/v2\/posts\/6752","targetHints":{"allow":["GET"]}}],"collection":[{"href":"https:\/\/www.comuna13online.com.ar\/index.php?rest_route=\/wp\/v2\/posts"}],"about":[{"href":"https:\/\/www.comuna13online.com.ar\/index.php?rest_route=\/wp\/v2\/types\/post"}],"author":[{"embeddable":true,"href":"https:\/\/www.comuna13online.com.ar\/index.php?rest_route=\/wp\/v2\/users\/1"}],"replies":[{"embeddable":true,"href":"https:\/\/www.comuna13online.com.ar\/index.php?rest_route=%2Fwp%2Fv2%2Fcomments&post=6752"}],"version-history":[{"count":0,"href":"https:\/\/www.comuna13online.com.ar\/index.php?rest_route=\/wp\/v2\/posts\/6752\/revisions"}],"wp:featuredmedia":[{"embeddable":true,"href":"https:\/\/www.comuna13online.com.ar\/index.php?rest_route=\/wp\/v2\/media\/6758"}],"wp:attachment":[{"href":"https:\/\/www.comuna13online.com.ar\/index.php?rest_route=%2Fwp%2Fv2%2Fmedia&parent=6752"}],"wp:term":[{"taxonomy":"category","embeddable":true,"href":"https:\/\/www.comuna13online.com.ar\/index.php?rest_route=%2Fwp%2Fv2%2Fcategories&post=6752"},{"taxonomy":"post_tag","embeddable":true,"href":"https:\/\/www.comuna13online.com.ar\/index.php?rest_route=%2Fwp%2Fv2%2Ftags&post=6752"}],"curies":[{"name":"wp","href":"https:\/\/api.w.org\/{rel}","templated":true}]}}