{"id":6747,"date":"2019-09-06T12:00:21","date_gmt":"2019-09-06T15:00:21","guid":{"rendered":"http:\/\/www.comuna13online.com.ar\/?p=6747"},"modified":"2019-09-06T13:15:23","modified_gmt":"2019-09-06T16:15:23","slug":"reapertura-del-teatro-auditorio-del-museo-larreta","status":"publish","type":"post","link":"https:\/\/www.comuna13online.com.ar\/?p=6747","title":{"rendered":"Reapertura del Teatro Auditorio del Museo Larreta"},"content":{"rendered":"<p><strong>El auditorio del museo ha sido puesto en valor y reacondicionado, su inauguraci\u00f3n est\u00e1 prevista para hoy a las 18.30 horas con una funci\u00f3n de Jazz. Entrada libre y gratuita.<\/strong><\/p>\n<p><img loading=\"lazy\" decoding=\"async\" data-attachment-id=\"6750\" data-permalink=\"https:\/\/www.comuna13online.com.ar\/?attachment_id=6750\" data-orig-file=\"https:\/\/www.comuna13online.com.ar\/wp-content\/uploads\/2019\/09\/20190906c1.jpg\" data-orig-size=\"677,445\" data-comments-opened=\"0\" data-image-meta=\"{&quot;aperture&quot;:&quot;0&quot;,&quot;credit&quot;:&quot;&quot;,&quot;camera&quot;:&quot;&quot;,&quot;caption&quot;:&quot;&quot;,&quot;created_timestamp&quot;:&quot;0&quot;,&quot;copyright&quot;:&quot;&quot;,&quot;focal_length&quot;:&quot;0&quot;,&quot;iso&quot;:&quot;0&quot;,&quot;shutter_speed&quot;:&quot;0&quot;,&quot;title&quot;:&quot;&quot;,&quot;orientation&quot;:&quot;0&quot;}\" data-image-title=\"20190906c1\" data-image-description=\"\" data-image-caption=\"\" data-large-file=\"https:\/\/www.comuna13online.com.ar\/wp-content\/uploads\/2019\/09\/20190906c1-666x438.jpg\" class=\"alignnone size-full wp-image-6750\" src=\"http:\/\/www.comuna13online.com.ar\/wp-content\/uploads\/2019\/09\/20190906c1.jpg\" alt=\"\" width=\"677\" height=\"445\" srcset=\"https:\/\/www.comuna13online.com.ar\/wp-content\/uploads\/2019\/09\/20190906c1.jpg 677w, https:\/\/www.comuna13online.com.ar\/wp-content\/uploads\/2019\/09\/20190906c1-666x438.jpg 666w\" sizes=\"auto, (max-width: 677px) 100vw, 677px\" \/><\/p>\n<p>El auditorio se presenta como un amplio espacio multidisciplinario donde el espectador y el visitante formar\u00e1n parte de la obra y de los distintos talleres y cursos que all\u00ed se dictar\u00e1n. Su puesta en valor y reacondicionamiento fueron posible gracias al Mecenazgo Cultural y a la Asociaci\u00f3n de Amigos del Museo Larreta.<\/p>\n<p>El reestreno contar\u00e1 con la presentaci\u00f3n en vivo dos bandas de Jazz local, Ver\u00f3nica Sala y grupo, y Moxa, que propone una mezcla el rock nacional, el jazz, y lo popular contempor\u00e1neo. Entrada libre y gratuita hasta completar la capacidad de la sala.<\/p>\n<div align=\"center\">\n<blockquote class=\"twitter-tweet\">\n<p dir=\"ltr\" lang=\"es\">Alguna vez viniste al TEATRO LARRETA? El cl\u00e1sico del barrio de Belgrano, este viernes 6\/9 a las 18:30 regresa totalmente renovado.<\/p>\n<p>El nuevo auditorio viene a reforzar la oferta cultural.<\/p>\n<p>Mendoza 2250. Haremos una gran celebraci\u00f3n para inaugurar el nuevo espacio. <a href=\"https:\/\/t.co\/jThxyppFkG\">pic.twitter.com\/jThxyppFkG<\/a><\/p>\n<p>\u2014 Museo Larreta (@MuseoLarreta) <a href=\"https:\/\/twitter.com\/MuseoLarreta\/status\/1169444187454005250?ref_src=twsrc%5Etfw\">September 5, 2019<\/a><\/p><\/blockquote>\n<p><script async src=\"https:\/\/platform.twitter.com\/widgets.js\" charset=\"utf-8\"><\/script><\/p>\n<\/div>\n<p><em>La obra de renovaci\u00f3n viene a reforzar la oferta cultural del museo para el p\u00fablico de la Ciudad de Buenos Aires.<\/em><\/p>\n<div style=\"width: 678px;\" class=\"wp-video\"><video class=\"wp-video-shortcode\" id=\"video-6747-1\" width=\"678\" height=\"448\" preload=\"metadata\" controls=\"controls\"><source type=\"video\/mp4\" src=\"http:\/\/www.comuna13online.com.ar\/wp-content\/uploads\/2019\/09\/teatro.larreta.mp4?_=1\" \/><a href=\"http:\/\/www.comuna13online.com.ar\/wp-content\/uploads\/2019\/09\/teatro.larreta.mp4\">http:\/\/www.comuna13online.com.ar\/wp-content\/uploads\/2019\/09\/teatro.larreta.mp4<\/a><\/video><\/div>\n<p><img loading=\"lazy\" decoding=\"async\" data-attachment-id=\"2965\" data-permalink=\"https:\/\/www.comuna13online.com.ar\/?attachment_id=2965\" data-orig-file=\"https:\/\/www.comuna13online.com.ar\/wp-content\/uploads\/2018\/10\/line.gif\" data-orig-size=\"678,2\" data-comments-opened=\"0\" data-image-meta=\"{&quot;aperture&quot;:&quot;0&quot;,&quot;credit&quot;:&quot;&quot;,&quot;camera&quot;:&quot;&quot;,&quot;caption&quot;:&quot;&quot;,&quot;created_timestamp&quot;:&quot;0&quot;,&quot;copyright&quot;:&quot;&quot;,&quot;focal_length&quot;:&quot;0&quot;,&quot;iso&quot;:&quot;0&quot;,&quot;shutter_speed&quot;:&quot;0&quot;,&quot;title&quot;:&quot;&quot;,&quot;orientation&quot;:&quot;0&quot;}\" data-image-title=\"line\" data-image-description=\"\" data-image-caption=\"\" data-large-file=\"https:\/\/www.comuna13online.com.ar\/wp-content\/uploads\/2018\/10\/line.gif\" class=\"alignnone size-full wp-image-2965\" src=\"http:\/\/www.comuna13online.com.ar\/wp-content\/uploads\/2018\/10\/line.gif\" alt=\"\" width=\"678\" height=\"2\" \/><\/p>\n<p><strong>Teatro Auditorio Museo de Arte Espa\u00f1ol Enrique Larreta<br \/>\n<\/strong>Mendoza 2250, Belgrano<\/p>\n<p><iframe loading=\"lazy\" style=\"border: 0;\" src=\"https:\/\/www.google.com\/maps\/embed?pb=!1m18!1m12!1m3!1d3285.692963597937!2d-58.4578286850968!3d-34.56132856276278!2m3!1f0!2f0!3f0!3m2!1i1024!2i768!4f13.1!3m3!1m2!1s0x95bcb5d3a0a211b3%3A0xedd3483149685e17!2sMuseo+de+Arte+Espa%C3%B1ol+Enrique+Larreta!5e0!3m2!1ses!2sar!4v1515582783930\" width=\"678\" height=\"450\" frameborder=\"0\" allowfullscreen=\"allowfullscreen\" data-mce-fragment=\"1\"><span data-mce-type=\"bookmark\" style=\"display: inline-block; width: 0px; overflow: hidden; line-height: 0;\" class=\"mce_SELRES_start\">\ufeff<\/span><\/iframe><\/p>\n<p><strong>Transportes Cercanos:<\/strong><\/p>\n<p><strong>Colectivos<\/strong>:\u00a015, 29, 41, 42, 44, 57, 59, 60, 63, 65, 67, 68, 80, 107, 113, 114, 133, 152, 161, 168, 184 y 194.<br \/>\n<strong>Subte<\/strong>: Estaci\u00f3n Juramento de la L\u00ednea D<\/p>\n","protected":false},"excerpt":{"rendered":"<div class=\"mh-excerpt\">El auditorio del museo ha sido puesto en valor y reacondicionado, su inauguraci\u00f3n est\u00e1 prevista para hoy a las 18.30 horas con una funci\u00f3n de Jazz. Entrada libre y gratuita. <a class=\"mh-excerpt-more\" href=\"https:\/\/www.comuna13online.com.ar\/?p=6747\" title=\"Reapertura del Teatro Auditorio del Museo Larreta\">[&#8230;]<\/a><\/div>\n","protected":false},"author":1,"featured_media":6749,"comment_status":"closed","ping_status":"closed","sticky":false,"template":"","format":"standard","meta":{"_uag_custom_page_level_css":"","_jetpack_memberships_contains_paid_content":false,"footnotes":"","jetpack_publicize_message":"Reapertura del Teatro Auditorio del @MuseoLarreta","jetpack_publicize_feature_enabled":true,"jetpack_social_post_already_shared":true,"jetpack_social_options":{"image_generator_settings":{"template":"highway","default_image_id":0,"font":"","enabled":false},"version":2}},"categories":[89],"tags":[77,98,71],"class_list":{"0":"post-6747","1":"post","2":"type-post","3":"status-publish","4":"format-standard","5":"has-post-thumbnail","7":"category-musica","8":"tag-museo-larreta","9":"tag-musica","10":"tag-tiempo-libre"},"jetpack_publicize_connections":[],"jetpack_featured_media_url":"https:\/\/www.comuna13online.com.ar\/wp-content\/uploads\/2019\/09\/20190906c.jpg","uagb_featured_image_src":{"full":["https:\/\/www.comuna13online.com.ar\/wp-content\/uploads\/2019\/09\/20190906c.jpg",1030,438,false],"thumbnail":["https:\/\/www.comuna13online.com.ar\/wp-content\/uploads\/2019\/09\/20190906c-150x150.jpg",96,96,true],"medium":["https:\/\/www.comuna13online.com.ar\/wp-content\/uploads\/2019\/09\/20190906c-678x288.jpg",678,288,true],"medium_large":["https:\/\/www.comuna13online.com.ar\/wp-content\/uploads\/2019\/09\/20190906c-768x327.jpg",768,327,true],"large":["https:\/\/www.comuna13online.com.ar\/wp-content\/uploads\/2019\/09\/20190906c.jpg",1030,438,false],"1536x1536":["https:\/\/www.comuna13online.com.ar\/wp-content\/uploads\/2019\/09\/20190906c.jpg",1030,438,false],"2048x2048":["https:\/\/www.comuna13online.com.ar\/wp-content\/uploads\/2019\/09\/20190906c.jpg",1030,438,false],"mh-magazine-slider":["https:\/\/www.comuna13online.com.ar\/wp-content\/uploads\/2019\/09\/20190906c.jpg",1030,438,false],"mh-magazine-content":["https:\/\/www.comuna13online.com.ar\/wp-content\/uploads\/2019\/09\/20190906c-678x381.jpg",678,381,true],"mh-magazine-large":["https:\/\/www.comuna13online.com.ar\/wp-content\/uploads\/2019\/09\/20190906c-678x438.jpg",678,438,true],"mh-magazine-medium":["https:\/\/www.comuna13online.com.ar\/wp-content\/uploads\/2019\/09\/20190906c-326x245.jpg",326,245,true],"mh-magazine-small":["https:\/\/www.comuna13online.com.ar\/wp-content\/uploads\/2019\/09\/20190906c-80x60.jpg",80,60,true],"sow-carousel-default":["https:\/\/www.comuna13online.com.ar\/wp-content\/uploads\/2019\/09\/20190906c-272x182.jpg",272,182,true]},"uagb_author_info":{"display_name":"Comuna13","author_link":"https:\/\/www.comuna13online.com.ar\/?author=1"},"uagb_comment_info":0,"uagb_excerpt":"El auditorio del museo ha sido puesto en valor y reacondicionado, su inauguraci\u00f3n est\u00e1 prevista para hoy a las 18.30 horas con una funci\u00f3n de Jazz. Entrada libre y gratuita. [...]","jetpack_sharing_enabled":true,"_links":{"self":[{"href":"https:\/\/www.comuna13online.com.ar\/index.php?rest_route=\/wp\/v2\/posts\/6747","targetHints":{"allow":["GET"]}}],"collection":[{"href":"https:\/\/www.comuna13online.com.ar\/index.php?rest_route=\/wp\/v2\/posts"}],"about":[{"href":"https:\/\/www.comuna13online.com.ar\/index.php?rest_route=\/wp\/v2\/types\/post"}],"author":[{"embeddable":true,"href":"https:\/\/www.comuna13online.com.ar\/index.php?rest_route=\/wp\/v2\/users\/1"}],"replies":[{"embeddable":true,"href":"https:\/\/www.comuna13online.com.ar\/index.php?rest_route=%2Fwp%2Fv2%2Fcomments&post=6747"}],"version-history":[{"count":0,"href":"https:\/\/www.comuna13online.com.ar\/index.php?rest_route=\/wp\/v2\/posts\/6747\/revisions"}],"wp:featuredmedia":[{"embeddable":true,"href":"https:\/\/www.comuna13online.com.ar\/index.php?rest_route=\/wp\/v2\/media\/6749"}],"wp:attachment":[{"href":"https:\/\/www.comuna13online.com.ar\/index.php?rest_route=%2Fwp%2Fv2%2Fmedia&parent=6747"}],"wp:term":[{"taxonomy":"category","embeddable":true,"href":"https:\/\/www.comuna13online.com.ar\/index.php?rest_route=%2Fwp%2Fv2%2Fcategories&post=6747"},{"taxonomy":"post_tag","embeddable":true,"href":"https:\/\/www.comuna13online.com.ar\/index.php?rest_route=%2Fwp%2Fv2%2Ftags&post=6747"}],"curies":[{"name":"wp","href":"https:\/\/api.w.org\/{rel}","templated":true}]}}