{"id":6644,"date":"2019-08-30T08:30:29","date_gmt":"2019-08-30T11:30:29","guid":{"rendered":"http:\/\/www.comuna13online.com.ar\/?p=6644"},"modified":"2019-08-30T12:53:33","modified_gmt":"2019-08-30T15:53:33","slug":"se-creo-en-la-legislatura-la-comision-especial-de-personas-con-discapacidad","status":"publish","type":"post","link":"https:\/\/www.comuna13online.com.ar\/?p=6644","title":{"rendered":"Se cre\u00f3 en la Legislatura la Comisi\u00f3n Especial de Personas con Discapacidad"},"content":{"rendered":"<p><strong>La Legislatura aprob\u00f3 la creaci\u00f3n la \u00abComisi\u00f3n Especial de Personas con Discapacidad\u00bb que tiene como objetivo el estudio y propuesta de proyectos en defensa y protecci\u00f3n de personas con discapacidad.<\/strong><\/p>\n<p><img loading=\"lazy\" decoding=\"async\" data-attachment-id=\"6646\" data-permalink=\"https:\/\/www.comuna13online.com.ar\/?attachment_id=6646\" data-orig-file=\"https:\/\/www.comuna13online.com.ar\/wp-content\/uploads\/2019\/08\/20190830c1.jpg\" data-orig-size=\"678,542\" data-comments-opened=\"0\" data-image-meta=\"{&quot;aperture&quot;:&quot;0&quot;,&quot;credit&quot;:&quot;&quot;,&quot;camera&quot;:&quot;&quot;,&quot;caption&quot;:&quot;&quot;,&quot;created_timestamp&quot;:&quot;0&quot;,&quot;copyright&quot;:&quot;&quot;,&quot;focal_length&quot;:&quot;0&quot;,&quot;iso&quot;:&quot;0&quot;,&quot;shutter_speed&quot;:&quot;0&quot;,&quot;title&quot;:&quot;&quot;,&quot;orientation&quot;:&quot;0&quot;}\" data-image-title=\"20190830c1\" data-image-description=\"\" data-image-caption=\"\" data-large-file=\"https:\/\/www.comuna13online.com.ar\/wp-content\/uploads\/2019\/08\/20190830c1-548x438.jpg\" class=\"alignnone size-full wp-image-6646\" src=\"http:\/\/www.comuna13online.com.ar\/wp-content\/uploads\/2019\/08\/20190830c1.jpg\" alt=\"\" width=\"678\" height=\"542\" srcset=\"https:\/\/www.comuna13online.com.ar\/wp-content\/uploads\/2019\/08\/20190830c1.jpg 678w, https:\/\/www.comuna13online.com.ar\/wp-content\/uploads\/2019\/08\/20190830c1-565x452.jpg 565w, https:\/\/www.comuna13online.com.ar\/wp-content\/uploads\/2019\/08\/20190830c1-548x438.jpg 548w\" sizes=\"auto, (max-width: 678px) 100vw, 678px\" \/><\/p>\n<p>La misma tendr\u00e1 como objetivo promover la inclusi\u00f3n y fomentar la igualdad de oportunidades, el acceso al trabajo, la educaci\u00f3n y la vida independiente de las personas con discapacidad en el \u00e1mbito de la Ciudad; proponer iniciativas legislativas que propendan a la equiparaci\u00f3n de oportunidades de las personas con discapacidad, y profundizar los principios y valores de Buenos Aires como ciudad plural y solidaria.<\/p>\n<p>La comisi\u00f3n estar\u00e1 integrada por siete miembros, los que ser\u00e1n designados por la Vicepresidencia I del Cuerpo, respetando la proporcionalidad de los bloques.<\/p>\n<blockquote><p><span style=\"color: #008080;\"><strong><em>\u00abA partir de este espacio vamos a poder construir una Ciudad m\u00e1s justa y preparada para todos\u00bb<\/em><\/strong><\/span>, afirm\u00f3 la legisladora Victoria Montenegro de Unidad Ciudadana durante la sesi\u00f3n de hoy.<\/p><\/blockquote>\n<p>Las personas en situaci\u00f3n de discapacidad son personas que, en relaci\u00f3n a sus condiciones de salud f\u00edsica, ps\u00edquica, intelectual, sensorial u otras, al interactuar con diversas barreras contextuales, actitudinales y ambientales, presentan restricciones en su participaci\u00f3n plena y activa en la sociedad.<\/p>\n<p>El proyecto fue impulsado por los diputados\u00a0Victoria Montenegro, Javier Andrade, Andrea Conde, Paula Penacca, Lorena Pokoik, Mariano Recalde, Leandro Santoro, Carlos Tomada\u00a0(UC),\u00a0Silvia Gottero, Leandro Halper\u00edn, Mar\u00eda Rosa Mui\u00f1os, Santiago Roberto\u00a0(BP),\u00a0Francisco Quintana, Agust\u00edn Forchieri\u00a0(VJ),\u00a0Sergio Abrevaya\u00a0(GEN) y\u00a0Patricia Vischi\u00a0(Ev).<\/p>\n<div align=\"center\">\n<blockquote class=\"twitter-tweet\">\n<p dir=\"ltr\" lang=\"es\">Hoy tenemos una Ciudad m\u00e1s inclusiva. Aprobamos la Comisi\u00f3n de Discapacidad en la Legislarura. Vamos a seguir trabajando por una Ciudad sin barreras. <a href=\"https:\/\/t.co\/odrwrfmHRW\">pic.twitter.com\/odrwrfmHRW<\/a><\/p>\n<p>\u2014 Victoria Montenegro (@MontenegroViki) <a href=\"https:\/\/twitter.com\/MontenegroViki\/status\/1167108447936090114?ref_src=twsrc%5Etfw\">August 29, 2019<\/a><\/p><\/blockquote>\n<p><script async src=\"https:\/\/platform.twitter.com\/widgets.js\" charset=\"utf-8\"><\/script><\/p>\n<\/div>\n","protected":false},"excerpt":{"rendered":"<div class=\"mh-excerpt\">La Legislatura aprob\u00f3 la creaci\u00f3n la \u00abComisi\u00f3n Especial de Personas con Discapacidad\u00bb que tiene como objetivo el estudio y propuesta de proyectos en defensa y protecci\u00f3n de personas con discapacidad. <a class=\"mh-excerpt-more\" href=\"https:\/\/www.comuna13online.com.ar\/?p=6644\" title=\"Se cre\u00f3 en la Legislatura la Comisi\u00f3n Especial de Personas con Discapacidad\">[&#8230;]<\/a><\/div>\n","protected":false},"author":1,"featured_media":6645,"comment_status":"closed","ping_status":"closed","sticky":false,"template":"","format":"standard","meta":{"_uag_custom_page_level_css":"","_jetpack_memberships_contains_paid_content":false,"footnotes":"","jetpack_publicize_message":"","jetpack_publicize_feature_enabled":true,"jetpack_social_post_already_shared":true,"jetpack_social_options":{"image_generator_settings":{"template":"highway","default_image_id":0,"font":"","enabled":false},"version":2}},"categories":[207],"tags":[131,243,246,7],"class_list":{"0":"post-6644","1":"post","2":"type-post","3":"status-publish","4":"format-standard","5":"has-post-thumbnail","7":"category-derechos-humanos","8":"tag-derechos","9":"tag-discapacidad","10":"tag-h1","11":"tag-legislatura"},"jetpack_publicize_connections":[],"jetpack_featured_media_url":"https:\/\/www.comuna13online.com.ar\/wp-content\/uploads\/2019\/08\/20190830c.jpg","uagb_featured_image_src":{"full":["https:\/\/www.comuna13online.com.ar\/wp-content\/uploads\/2019\/08\/20190830c.jpg",1030,438,false],"thumbnail":["https:\/\/www.comuna13online.com.ar\/wp-content\/uploads\/2019\/08\/20190830c-150x150.jpg",96,96,true],"medium":["https:\/\/www.comuna13online.com.ar\/wp-content\/uploads\/2019\/08\/20190830c-678x288.jpg",678,288,true],"medium_large":["https:\/\/www.comuna13online.com.ar\/wp-content\/uploads\/2019\/08\/20190830c-768x327.jpg",768,327,true],"large":["https:\/\/www.comuna13online.com.ar\/wp-content\/uploads\/2019\/08\/20190830c.jpg",1030,438,false],"1536x1536":["https:\/\/www.comuna13online.com.ar\/wp-content\/uploads\/2019\/08\/20190830c.jpg",1030,438,false],"2048x2048":["https:\/\/www.comuna13online.com.ar\/wp-content\/uploads\/2019\/08\/20190830c.jpg",1030,438,false],"mh-magazine-slider":["https:\/\/www.comuna13online.com.ar\/wp-content\/uploads\/2019\/08\/20190830c.jpg",1030,438,false],"mh-magazine-content":["https:\/\/www.comuna13online.com.ar\/wp-content\/uploads\/2019\/08\/20190830c-678x381.jpg",678,381,true],"mh-magazine-large":["https:\/\/www.comuna13online.com.ar\/wp-content\/uploads\/2019\/08\/20190830c-678x438.jpg",678,438,true],"mh-magazine-medium":["https:\/\/www.comuna13online.com.ar\/wp-content\/uploads\/2019\/08\/20190830c-326x245.jpg",326,245,true],"mh-magazine-small":["https:\/\/www.comuna13online.com.ar\/wp-content\/uploads\/2019\/08\/20190830c-80x60.jpg",80,60,true],"sow-carousel-default":["https:\/\/www.comuna13online.com.ar\/wp-content\/uploads\/2019\/08\/20190830c-272x182.jpg",272,182,true]},"uagb_author_info":{"display_name":"Comuna13","author_link":"https:\/\/www.comuna13online.com.ar\/?author=1"},"uagb_comment_info":0,"uagb_excerpt":"La Legislatura aprob\u00f3 la creaci\u00f3n la \u00abComisi\u00f3n Especial de Personas con Discapacidad\u00bb que tiene como objetivo el estudio y propuesta de proyectos en defensa y protecci\u00f3n de personas con discapacidad. [...]","jetpack_sharing_enabled":true,"_links":{"self":[{"href":"https:\/\/www.comuna13online.com.ar\/index.php?rest_route=\/wp\/v2\/posts\/6644","targetHints":{"allow":["GET"]}}],"collection":[{"href":"https:\/\/www.comuna13online.com.ar\/index.php?rest_route=\/wp\/v2\/posts"}],"about":[{"href":"https:\/\/www.comuna13online.com.ar\/index.php?rest_route=\/wp\/v2\/types\/post"}],"author":[{"embeddable":true,"href":"https:\/\/www.comuna13online.com.ar\/index.php?rest_route=\/wp\/v2\/users\/1"}],"replies":[{"embeddable":true,"href":"https:\/\/www.comuna13online.com.ar\/index.php?rest_route=%2Fwp%2Fv2%2Fcomments&post=6644"}],"version-history":[{"count":0,"href":"https:\/\/www.comuna13online.com.ar\/index.php?rest_route=\/wp\/v2\/posts\/6644\/revisions"}],"wp:featuredmedia":[{"embeddable":true,"href":"https:\/\/www.comuna13online.com.ar\/index.php?rest_route=\/wp\/v2\/media\/6645"}],"wp:attachment":[{"href":"https:\/\/www.comuna13online.com.ar\/index.php?rest_route=%2Fwp%2Fv2%2Fmedia&parent=6644"}],"wp:term":[{"taxonomy":"category","embeddable":true,"href":"https:\/\/www.comuna13online.com.ar\/index.php?rest_route=%2Fwp%2Fv2%2Fcategories&post=6644"},{"taxonomy":"post_tag","embeddable":true,"href":"https:\/\/www.comuna13online.com.ar\/index.php?rest_route=%2Fwp%2Fv2%2Ftags&post=6644"}],"curies":[{"name":"wp","href":"https:\/\/api.w.org\/{rel}","templated":true}]}}