{"id":6616,"date":"2019-08-28T13:23:46","date_gmt":"2019-08-28T16:23:46","guid":{"rendered":"http:\/\/www.comuna13online.com.ar\/?p=6616"},"modified":"2019-08-28T13:23:46","modified_gmt":"2019-08-28T16:23:46","slug":"viaducto-mitre-habilitaron-al-transito-la-calle-olleros-y-son-ocho-las-barreras-eliminadas","status":"publish","type":"post","link":"https:\/\/www.comuna13online.com.ar\/?p=6616","title":{"rendered":"Viaducto Mitre: Habilitaron al tr\u00e1nsito la calle Olleros y son ocho las barreras eliminadas"},"content":{"rendered":"<p><strong>La apertura cont\u00f3 con la participaci\u00f3n del Jefe de Gobierno, adem\u00e1s de Olleros, se eliminaron las barreras en las calles La Pampa, Sucre, Juramento, Mendoza, Olaz\u00e1bal, Blanco Encalada y Monroe.<\/strong><\/p>\n<p><img loading=\"lazy\" decoding=\"async\" data-attachment-id=\"6622\" data-permalink=\"https:\/\/www.comuna13online.com.ar\/?attachment_id=6622\" data-orig-file=\"https:\/\/www.comuna13online.com.ar\/wp-content\/uploads\/2019\/08\/20190828b1.jpg\" data-orig-size=\"678,381\" data-comments-opened=\"0\" data-image-meta=\"{&quot;aperture&quot;:&quot;0&quot;,&quot;credit&quot;:&quot;&quot;,&quot;camera&quot;:&quot;&quot;,&quot;caption&quot;:&quot;&quot;,&quot;created_timestamp&quot;:&quot;0&quot;,&quot;copyright&quot;:&quot;&quot;,&quot;focal_length&quot;:&quot;0&quot;,&quot;iso&quot;:&quot;0&quot;,&quot;shutter_speed&quot;:&quot;0&quot;,&quot;title&quot;:&quot;&quot;,&quot;orientation&quot;:&quot;0&quot;}\" data-image-title=\"20190828b1\" data-image-description=\"\" data-image-caption=\"\" data-large-file=\"https:\/\/www.comuna13online.com.ar\/wp-content\/uploads\/2019\/08\/20190828b1.jpg\" class=\"alignnone size-full wp-image-6622\" src=\"http:\/\/www.comuna13online.com.ar\/wp-content\/uploads\/2019\/08\/20190828b1.jpg\" alt=\"\" width=\"678\" height=\"381\" \/><\/p>\n<p>El jefe de Gobierno porte\u00f1o,\u00a0Horacio Rodr\u00edguez Larreta, habilit\u00f3 al tr\u00e1nsito la calle\u00a0Olleros\u00a0y con esta son ocho las barreras eliminadas gracias al\u00a0Viaducto Mitre, la obra que elev\u00f3 3,9 kil\u00f3metros la traza del Ferrocarril Mitre ramal Tigre.<\/p>\n<p><em>\u201cCon todo esto se liber\u00f3 el cruce de esta zona de Belgrano. En una barrera como \u00e9sta pod\u00edas pasar hasta 20 minutos esperando\u201d<\/em>, explic\u00f3 el Jefe de Gobierno, acompa\u00f1ado por el vicejefe, Diego Santilli; el ministro de Desarrollo Urbano y Transporte porte\u00f1o, Franco Moccia; el secretario de Transporte, Juan Jos\u00e9 Mendez, y el presidente de Autopistas Urbanas (AUSA), Carlos Frugoni.<\/p>\n<div align=\"center\">\n<blockquote class=\"twitter-tweet\">\n<p dir=\"ltr\" lang=\"es\">Con <a href=\"https:\/\/twitter.com\/diegosantilli?ref_src=twsrc%5Etfw\">@diegosantilli<\/a>, <a href=\"https:\/\/twitter.com\/francomoccia?ref_src=twsrc%5Etfw\">@francomoccia<\/a>, <a href=\"https:\/\/twitter.com\/juanjom?ref_src=twsrc%5Etfw\">@juanjom<\/a> y <a href=\"https:\/\/twitter.com\/carlosmfrugoni?ref_src=twsrc%5Etfw\">@carlosmfrugoni<\/a> queremos contarles que abrimos la calle Olleros: la \u00faltima y octava barrera que eliminamos gracias al <a href=\"https:\/\/twitter.com\/hashtag\/ViaductoMitre?src=hash&amp;ref_src=twsrc%5Etfw\">#ViaductoMitre<\/a>. Y esto significa que tenemos un nuevo cruce en la Ciudad para movernos mejor y ganar m\u00e1s tiempo. <a href=\"https:\/\/t.co\/Nr7bFAeXeb\">pic.twitter.com\/Nr7bFAeXeb<\/a><\/p>\n<p>\u2014 Horacio Rodr\u00edguez Larreta (@horaciorlarreta) <a href=\"https:\/\/twitter.com\/horaciorlarreta\/status\/1166326687581319168?ref_src=twsrc%5Etfw\">August 27, 2019<\/a><\/p><\/blockquote>\n<p><script async src=\"https:\/\/platform.twitter.com\/widgets.js\" charset=\"utf-8\"><\/script><\/p>\n<\/div>\n<p>Rodr\u00edguez Larreta destac\u00f3 adem\u00e1s que \u201ccon esto la gente gana tiempo libre\u00bb y \u00able da m\u00e1s seguridad tambi\u00e9n, junto con la estaci\u00f3n Lisandro de la Torre, que vamos a abrir la semana que viene\u201d.<\/p>\n<p>\u201cEs un avance y muestra todo el desarrollo de la Ciudad para que la gente viva mejor. No solo para los vecinos del barrio, que obviamente son muy beneficiados, sino tambi\u00e9n para toda la gente que circula por esta zona\u201d, agreg\u00f3.<\/p>\n<p>En tanto, el ministro Moccia dijo que el Viaducto Mitre es algo \u201chist\u00f3rico\u201d ya que \u201chace casi 100 a\u00f1os que no se levantaba el tren como hicimos en esta obra\u201d.<\/p>\n<p>\u201cEsto va a permitir que los porte\u00f1os puedan disfrutar m\u00e1s tiempo libre, mejor calidad de espacio p\u00fablico, y mejor transporte p\u00fablico, tanto en los colectivos que cruzaban como los que usan el tren Mitre\u201d, se\u00f1al\u00f3.<\/p>\n<p>El resto de las\u00a0barreras eliminadas\u00a0son La Pampa, Sucre, Juramento, Mendoza, Olaz\u00e1bal, Blanco Encalada y Monroe. Al mismo tiempo, se abrieron cuatro calles: Echeverr\u00eda, Roosevelt, Virrey del Pino y Jos\u00e9 Hern\u00e1ndez.<\/p>\n<p><img loading=\"lazy\" decoding=\"async\" data-attachment-id=\"6621\" data-permalink=\"https:\/\/www.comuna13online.com.ar\/?attachment_id=6621\" data-orig-file=\"https:\/\/www.comuna13online.com.ar\/wp-content\/uploads\/2019\/08\/20190828b3.jpg\" data-orig-size=\"678,678\" data-comments-opened=\"0\" data-image-meta=\"{&quot;aperture&quot;:&quot;0&quot;,&quot;credit&quot;:&quot;&quot;,&quot;camera&quot;:&quot;&quot;,&quot;caption&quot;:&quot;&quot;,&quot;created_timestamp&quot;:&quot;0&quot;,&quot;copyright&quot;:&quot;&quot;,&quot;focal_length&quot;:&quot;0&quot;,&quot;iso&quot;:&quot;0&quot;,&quot;shutter_speed&quot;:&quot;0&quot;,&quot;title&quot;:&quot;&quot;,&quot;orientation&quot;:&quot;0&quot;}\" data-image-title=\"20190828b3\" data-image-description=\"\" data-image-caption=\"\" data-large-file=\"https:\/\/www.comuna13online.com.ar\/wp-content\/uploads\/2019\/08\/20190828b3-438x438.jpg\" class=\"alignnone size-full wp-image-6621\" src=\"http:\/\/www.comuna13online.com.ar\/wp-content\/uploads\/2019\/08\/20190828b3.jpg\" alt=\"\" width=\"678\" height=\"678\" srcset=\"https:\/\/www.comuna13online.com.ar\/wp-content\/uploads\/2019\/08\/20190828b3.jpg 678w, https:\/\/www.comuna13online.com.ar\/wp-content\/uploads\/2019\/08\/20190828b3-150x150.jpg 150w, https:\/\/www.comuna13online.com.ar\/wp-content\/uploads\/2019\/08\/20190828b3-452x452.jpg 452w, https:\/\/www.comuna13online.com.ar\/wp-content\/uploads\/2019\/08\/20190828b3-438x438.jpg 438w\" sizes=\"auto, (max-width: 678px) 100vw, 678px\" \/><\/p>\n<p>&nbsp;<\/p>\n<p>&nbsp;<\/p>\n","protected":false},"excerpt":{"rendered":"<div class=\"mh-excerpt\">La apertura cont\u00f3 con la participaci\u00f3n del Jefe de Gobierno, adem\u00e1s de Olleros, se eliminaron las barreras en las calles La Pampa, Sucre, Juramento, Mendoza, Olaz\u00e1bal, Blanco Encalada y Monroe. <a class=\"mh-excerpt-more\" href=\"https:\/\/www.comuna13online.com.ar\/?p=6616\" title=\"Viaducto Mitre: Habilitaron al tr\u00e1nsito la calle Olleros y son ocho las barreras eliminadas\">[&#8230;]<\/a><\/div>\n","protected":false},"author":1,"featured_media":6619,"comment_status":"closed","ping_status":"closed","sticky":false,"template":"","format":"standard","meta":{"_uag_custom_page_level_css":"","_jetpack_memberships_contains_paid_content":false,"footnotes":"","jetpack_publicize_message":"Viaducto Mitre: Habilitaron al tr\u00e1nsito la calle Olleros y son ocho las barreras eliminadas #ViaductoMitre","jetpack_publicize_feature_enabled":true,"jetpack_social_post_already_shared":true,"jetpack_social_options":{"image_generator_settings":{"template":"highway","default_image_id":0,"font":"","enabled":false},"version":2}},"categories":[53],"tags":[19,66,246,94,54,65],"class_list":{"0":"post-6616","1":"post","2":"type-post","3":"status-publish","4":"format-standard","5":"has-post-thumbnail","7":"category-transito","8":"tag-comuna-13","9":"tag-desarrollo-urbano","10":"tag-h1","11":"tag-obra-publica","12":"tag-transito","13":"tag-viaducto-mitre"},"jetpack_publicize_connections":[],"jetpack_featured_media_url":"https:\/\/www.comuna13online.com.ar\/wp-content\/uploads\/2019\/08\/20190828b.jpg","uagb_featured_image_src":{"full":["https:\/\/www.comuna13online.com.ar\/wp-content\/uploads\/2019\/08\/20190828b.jpg",1030,438,false],"thumbnail":["https:\/\/www.comuna13online.com.ar\/wp-content\/uploads\/2019\/08\/20190828b-150x150.jpg",96,96,true],"medium":["https:\/\/www.comuna13online.com.ar\/wp-content\/uploads\/2019\/08\/20190828b-678x288.jpg",678,288,true],"medium_large":["https:\/\/www.comuna13online.com.ar\/wp-content\/uploads\/2019\/08\/20190828b-768x327.jpg",768,327,true],"large":["https:\/\/www.comuna13online.com.ar\/wp-content\/uploads\/2019\/08\/20190828b.jpg",1030,438,false],"1536x1536":["https:\/\/www.comuna13online.com.ar\/wp-content\/uploads\/2019\/08\/20190828b.jpg",1030,438,false],"2048x2048":["https:\/\/www.comuna13online.com.ar\/wp-content\/uploads\/2019\/08\/20190828b.jpg",1030,438,false],"mh-magazine-slider":["https:\/\/www.comuna13online.com.ar\/wp-content\/uploads\/2019\/08\/20190828b.jpg",1030,438,false],"mh-magazine-content":["https:\/\/www.comuna13online.com.ar\/wp-content\/uploads\/2019\/08\/20190828b-678x381.jpg",678,381,true],"mh-magazine-large":["https:\/\/www.comuna13online.com.ar\/wp-content\/uploads\/2019\/08\/20190828b-678x438.jpg",678,438,true],"mh-magazine-medium":["https:\/\/www.comuna13online.com.ar\/wp-content\/uploads\/2019\/08\/20190828b-326x245.jpg",326,245,true],"mh-magazine-small":["https:\/\/www.comuna13online.com.ar\/wp-content\/uploads\/2019\/08\/20190828b-80x60.jpg",80,60,true],"sow-carousel-default":["https:\/\/www.comuna13online.com.ar\/wp-content\/uploads\/2019\/08\/20190828b-272x182.jpg",272,182,true]},"uagb_author_info":{"display_name":"Comuna13","author_link":"https:\/\/www.comuna13online.com.ar\/?author=1"},"uagb_comment_info":0,"uagb_excerpt":"La apertura cont\u00f3 con la participaci\u00f3n del Jefe de Gobierno, adem\u00e1s de Olleros, se eliminaron las barreras en las calles La Pampa, Sucre, Juramento, Mendoza, Olaz\u00e1bal, Blanco Encalada y Monroe. [...]","jetpack_sharing_enabled":true,"_links":{"self":[{"href":"https:\/\/www.comuna13online.com.ar\/index.php?rest_route=\/wp\/v2\/posts\/6616","targetHints":{"allow":["GET"]}}],"collection":[{"href":"https:\/\/www.comuna13online.com.ar\/index.php?rest_route=\/wp\/v2\/posts"}],"about":[{"href":"https:\/\/www.comuna13online.com.ar\/index.php?rest_route=\/wp\/v2\/types\/post"}],"author":[{"embeddable":true,"href":"https:\/\/www.comuna13online.com.ar\/index.php?rest_route=\/wp\/v2\/users\/1"}],"replies":[{"embeddable":true,"href":"https:\/\/www.comuna13online.com.ar\/index.php?rest_route=%2Fwp%2Fv2%2Fcomments&post=6616"}],"version-history":[{"count":0,"href":"https:\/\/www.comuna13online.com.ar\/index.php?rest_route=\/wp\/v2\/posts\/6616\/revisions"}],"wp:featuredmedia":[{"embeddable":true,"href":"https:\/\/www.comuna13online.com.ar\/index.php?rest_route=\/wp\/v2\/media\/6619"}],"wp:attachment":[{"href":"https:\/\/www.comuna13online.com.ar\/index.php?rest_route=%2Fwp%2Fv2%2Fmedia&parent=6616"}],"wp:term":[{"taxonomy":"category","embeddable":true,"href":"https:\/\/www.comuna13online.com.ar\/index.php?rest_route=%2Fwp%2Fv2%2Fcategories&post=6616"},{"taxonomy":"post_tag","embeddable":true,"href":"https:\/\/www.comuna13online.com.ar\/index.php?rest_route=%2Fwp%2Fv2%2Ftags&post=6616"}],"curies":[{"name":"wp","href":"https:\/\/api.w.org\/{rel}","templated":true}]}}