{"id":6595,"date":"2019-08-27T19:04:35","date_gmt":"2019-08-27T22:04:35","guid":{"rendered":"http:\/\/www.comuna13online.com.ar\/?p=6595"},"modified":"2019-08-28T12:21:44","modified_gmt":"2019-08-28T15:21:44","slug":"anunciaron-un-paro-total-del-servicio-de-subterraneos-para-manana","status":"publish","type":"post","link":"https:\/\/www.comuna13online.com.ar\/?p=6595","title":{"rendered":"Anunciaron un paro del servicio de subterr\u00e1neos para hoy por la noche"},"content":{"rendered":"<p><strong>El gremio de los trabajadores del subte anunci\u00f3 para hoy un paro total del Subte y el Premetro desde las 21 horas, reclaman por la fatla de nombramiento en boleter\u00edas.<\/strong><\/p>\n<p><img loading=\"lazy\" decoding=\"async\" data-attachment-id=\"2338\" data-permalink=\"https:\/\/www.comuna13online.com.ar\/?attachment_id=2338\" data-orig-file=\"https:\/\/www.comuna13online.com.ar\/wp-content\/uploads\/2018\/08\/2018_08_17a.jpg\" data-orig-size=\"1030,438\" data-comments-opened=\"0\" data-image-meta=\"{&quot;aperture&quot;:&quot;0&quot;,&quot;credit&quot;:&quot;&quot;,&quot;camera&quot;:&quot;&quot;,&quot;caption&quot;:&quot;&quot;,&quot;created_timestamp&quot;:&quot;0&quot;,&quot;copyright&quot;:&quot;&quot;,&quot;focal_length&quot;:&quot;0&quot;,&quot;iso&quot;:&quot;0&quot;,&quot;shutter_speed&quot;:&quot;0&quot;,&quot;title&quot;:&quot;&quot;,&quot;orientation&quot;:&quot;0&quot;}\" data-image-title=\"2018_08_17a\" data-image-description=\"\" data-image-caption=\"\" data-large-file=\"https:\/\/www.comuna13online.com.ar\/wp-content\/uploads\/2018\/08\/2018_08_17a.jpg\" class=\"alignnone wp-image-2338 size-mh-magazine-content\" src=\"http:\/\/www.comuna13online.com.ar\/wp-content\/uploads\/2018\/08\/2018_08_17a-678x381.jpg\" alt=\"\" width=\"678\" height=\"381\" \/><\/p>\n<p>Ante el fracaso de las negociaciones con la Subsecretar\u00eda de Trabajo de la Ciudad, la Asociaci\u00f3n Gremial de Trabajadores del Subte y Premetro (AGTSyP) anunci\u00f3 una medida de fuerza desde las 21:00 horas hasta el cierre del servicio que paralizar\u00e1 las 6 l\u00edneas de subte y el premetro.<\/p>\n<p>Desde el sindicato exigen el nombramiento del personal correspondiente para trabajar en las boleter\u00edas de Catalinas y Correo Central Norte, dos de las recientemente inauguradas estaciones de la l\u00ednea E.<\/p>\n<p><strong> \u00abDesde el Secretariado Ejecutivo de la Asociaci\u00f3n Gremial de Trabajadores del Subte y Premetro (AGTSyP) informamos a la opini\u00f3n p\u00fablica el fracaso de la audiencia de d\u00eda de hoy en la Subsecretar\u00eda de Trabajo donde se exigi\u00f3 una vez m\u00e1s que se designe el personal correspondientes en las boleter\u00edas Catalinas y Correo Central NOrte de la L\u00ednea E\u00bb<\/strong> afirma el texto.<\/p>\n<p><strong>\u00abAnte esta situaci\u00f3n nos vemos en la necesidad de llevar a cabo medidas de autodefensa, paralizando las seis l\u00edneas y el premetro el 28 de agosto desde las 21 horas hasta el cierre de sevicio\u00bb<\/strong> concluye. El comunicado lleva la firma de Roberto Pinelli, Secretario General del Gremio y el Secretario adjunto, N\u00e9stor Segovia.<\/p>\n<p>Es la tercera medida de fuerza que la AGTSyP lleva adelante desde que se conoci\u00f3 el conflicto, el 8 y el 14 de agosto pasados hubo medidas similares en diferentes lineas y franjas de tiempo.<\/p>\n<div align=\"center\">\n<blockquote class=\"twitter-tweet\">\n<p dir=\"ltr\" lang=\"es\">Comunicado <a href=\"https:\/\/twitter.com\/hashtag\/AGTSyP?src=hash&amp;ref_src=twsrc%5Etfw\">#AGTSyP<\/a><\/p>\n<p>Medida de fuerza en el <a href=\"https:\/\/twitter.com\/hashtag\/subte?src=hash&amp;ref_src=twsrc%5Etfw\">#subte<\/a> 28 de agosto 2019 <a href=\"https:\/\/t.co\/ydIpNsy16I\">pic.twitter.com\/ydIpNsy16I<\/a><\/p>\n<p>\u2014 Prensa AGTSyP (@prensadelsubte) <a href=\"https:\/\/twitter.com\/prensadelsubte\/status\/1166435630731149312?ref_src=twsrc%5Etfw\">August 27, 2019<\/a><\/p><\/blockquote>\n<p><script async src=\"https:\/\/platform.twitter.com\/widgets.js\" charset=\"utf-8\"><\/script><\/p>\n<\/div>\n","protected":false},"excerpt":{"rendered":"<div class=\"mh-excerpt\">El gremio de los trabajadores del subte anunci\u00f3 para hoy un paro total del Subte y el Premetro desde las 21 horas, reclaman por la fatla de nombramiento en boleter\u00edas. <a class=\"mh-excerpt-more\" href=\"https:\/\/www.comuna13online.com.ar\/?p=6595\" title=\"Anunciaron un paro del servicio de subterr\u00e1neos para hoy por la noche\">[&#8230;]<\/a><\/div>\n","protected":false},"author":1,"featured_media":6596,"comment_status":"closed","ping_status":"closed","sticky":false,"template":"","format":"standard","meta":{"_uag_custom_page_level_css":"","_jetpack_memberships_contains_paid_content":false,"footnotes":"","jetpack_publicize_message":"Anunciaron un paro total del servicio de subterr\u00e1neos para ma\u00f1ana #Paro #Trabajo #Subte","jetpack_publicize_feature_enabled":true,"jetpack_social_post_already_shared":true,"jetpack_social_options":{"image_generator_settings":{"template":"highway","default_image_id":0,"font":"","enabled":false},"version":2}},"categories":[120],"tags":[246,123,16,121,15],"class_list":{"0":"post-6595","1":"post","2":"type-post","3":"status-publish","4":"format-standard","5":"has-post-thumbnail","7":"category-trabajo","8":"tag-h1","9":"tag-paro","10":"tag-subte","11":"tag-trabajo","12":"tag-transporte"},"jetpack_publicize_connections":[],"jetpack_featured_media_url":"https:\/\/www.comuna13online.com.ar\/wp-content\/uploads\/2019\/08\/20190827d-1.jpg","uagb_featured_image_src":{"full":["https:\/\/www.comuna13online.com.ar\/wp-content\/uploads\/2019\/08\/20190827d-1.jpg",1030,438,false],"thumbnail":["https:\/\/www.comuna13online.com.ar\/wp-content\/uploads\/2019\/08\/20190827d-1-150x150.jpg",96,96,true],"medium":["https:\/\/www.comuna13online.com.ar\/wp-content\/uploads\/2019\/08\/20190827d-1-678x288.jpg",678,288,true],"medium_large":["https:\/\/www.comuna13online.com.ar\/wp-content\/uploads\/2019\/08\/20190827d-1-768x327.jpg",768,327,true],"large":["https:\/\/www.comuna13online.com.ar\/wp-content\/uploads\/2019\/08\/20190827d-1.jpg",1030,438,false],"1536x1536":["https:\/\/www.comuna13online.com.ar\/wp-content\/uploads\/2019\/08\/20190827d-1.jpg",1030,438,false],"2048x2048":["https:\/\/www.comuna13online.com.ar\/wp-content\/uploads\/2019\/08\/20190827d-1.jpg",1030,438,false],"mh-magazine-slider":["https:\/\/www.comuna13online.com.ar\/wp-content\/uploads\/2019\/08\/20190827d-1.jpg",1030,438,false],"mh-magazine-content":["https:\/\/www.comuna13online.com.ar\/wp-content\/uploads\/2019\/08\/20190827d-1-678x381.jpg",678,381,true],"mh-magazine-large":["https:\/\/www.comuna13online.com.ar\/wp-content\/uploads\/2019\/08\/20190827d-1-678x438.jpg",678,438,true],"mh-magazine-medium":["https:\/\/www.comuna13online.com.ar\/wp-content\/uploads\/2019\/08\/20190827d-1-326x245.jpg",326,245,true],"mh-magazine-small":["https:\/\/www.comuna13online.com.ar\/wp-content\/uploads\/2019\/08\/20190827d-1-80x60.jpg",80,60,true],"sow-carousel-default":["https:\/\/www.comuna13online.com.ar\/wp-content\/uploads\/2019\/08\/20190827d-1-272x182.jpg",272,182,true]},"uagb_author_info":{"display_name":"Comuna13","author_link":"https:\/\/www.comuna13online.com.ar\/?author=1"},"uagb_comment_info":0,"uagb_excerpt":"El gremio de los trabajadores del subte anunci\u00f3 para hoy un paro total del Subte y el Premetro desde las 21 horas, reclaman por la fatla de nombramiento en boleter\u00edas. [...]","jetpack_sharing_enabled":true,"_links":{"self":[{"href":"https:\/\/www.comuna13online.com.ar\/index.php?rest_route=\/wp\/v2\/posts\/6595","targetHints":{"allow":["GET"]}}],"collection":[{"href":"https:\/\/www.comuna13online.com.ar\/index.php?rest_route=\/wp\/v2\/posts"}],"about":[{"href":"https:\/\/www.comuna13online.com.ar\/index.php?rest_route=\/wp\/v2\/types\/post"}],"author":[{"embeddable":true,"href":"https:\/\/www.comuna13online.com.ar\/index.php?rest_route=\/wp\/v2\/users\/1"}],"replies":[{"embeddable":true,"href":"https:\/\/www.comuna13online.com.ar\/index.php?rest_route=%2Fwp%2Fv2%2Fcomments&post=6595"}],"version-history":[{"count":0,"href":"https:\/\/www.comuna13online.com.ar\/index.php?rest_route=\/wp\/v2\/posts\/6595\/revisions"}],"wp:featuredmedia":[{"embeddable":true,"href":"https:\/\/www.comuna13online.com.ar\/index.php?rest_route=\/wp\/v2\/media\/6596"}],"wp:attachment":[{"href":"https:\/\/www.comuna13online.com.ar\/index.php?rest_route=%2Fwp%2Fv2%2Fmedia&parent=6595"}],"wp:term":[{"taxonomy":"category","embeddable":true,"href":"https:\/\/www.comuna13online.com.ar\/index.php?rest_route=%2Fwp%2Fv2%2Fcategories&post=6595"},{"taxonomy":"post_tag","embeddable":true,"href":"https:\/\/www.comuna13online.com.ar\/index.php?rest_route=%2Fwp%2Fv2%2Ftags&post=6595"}],"curies":[{"name":"wp","href":"https:\/\/api.w.org\/{rel}","templated":true}]}}