{"id":6592,"date":"2019-08-27T11:20:15","date_gmt":"2019-08-27T14:20:15","guid":{"rendered":"http:\/\/www.comuna13online.com.ar\/?p=6592"},"modified":"2019-08-27T11:33:08","modified_gmt":"2019-08-27T14:33:08","slug":"lammens-le-pidio-a-larreta-que-no-naturalice-la-escalada-de-violencia-en-la-ciudad","status":"publish","type":"post","link":"https:\/\/www.comuna13online.com.ar\/?p=6592","title":{"rendered":"Lammens le pidi\u00f3 a Larreta que no naturalice la \u00abescalada de violencia\u00bb en la Ciudad"},"content":{"rendered":"<p><strong>El candidato del Frente de Todos se refiri\u00f3 al hombre muerto tras recibir una patada de un polic\u00eda\u00a0 y al anciano golpeado y asesinado por empleados de un supermercado COTO.<\/strong><\/p>\n<p>El candidato a jefe de Gobierno del Frente de Todos, Mat\u00edas Lammens, le pidi\u00f3 a Horacio Rodr\u00edguez Larreta que tome medidas para contener la crisis -en sinton\u00eda con el gobierno nacional- y que no naturalice la escalada de violencia, que termin\u00f3 con un anciano asesinado a golpes por los empleados de un supermercado al que encontraron robando y un hombre tambi\u00e9n muerto tras recibir una patada de un polic\u00eda.\u00a0<em> \u201cNosotros no naturalizamos la crueldad, la indiferencia ni la insensibilidad\u201d<\/em>, dijo Lammens.<\/p>\n<p>D\u00edas atr\u00e1s tambi\u00e9n un hombre con un arma blanca en la mano fue matado de una patada por un polic\u00eda que aleg\u00f3 que su intenci\u00f3n era \u201cinmovilizarlo\u201d.\u00a0 <em>\u201cDos muertes inexplicables que reflejan una escalada de violencia, trabajadores del subte con problemas de salud por el asbesto y alumnos intoxicados por ingerir comida en mal estado en una escuela de Villa Crespo\u201d<\/em>, indic\u00f3 el candidato para la Ciudad del Frente de Todos.<\/p>\n<p><em>\u201cEl Gobierno de la Ciudad deber\u00eda asumir sus responsabilidades y cuidarnos a los porte\u00f1os y las porte\u00f1as, ofreciendo respuestas claras y transmitiendo tranquilidad frente a la crisis\u201d<\/em>, sostuvo. Y agreg\u00f3: <em>\u201cEl candidato a Jefe de Gobierno por el espacio que lidera el candidato presidencial, Alberto Fern\u00e1ndez, aclar\u00f3 que durante los \u00faltimos d\u00edas decidi\u00f3 no realizar declaraciones, ya que junto a su equipo priorizaron \u201cser prudentes por la coyuntura nacional\u201d<\/em>.<\/p>\n<hr \/>\n<p style=\"text-align: right;\">Fuente www.perfil.com<\/p>\n","protected":false},"excerpt":{"rendered":"<div class=\"mh-excerpt\">El candidato del Frente de Todos se refiri\u00f3 al hombre muerto tras recibir una patada de un polic\u00eda\u00a0 y al anciano golpeado y asesinado por empleados de un supermercado COTO. <a class=\"mh-excerpt-more\" href=\"https:\/\/www.comuna13online.com.ar\/?p=6592\" title=\"Lammens le pidi\u00f3 a Larreta que no naturalice la \u00abescalada de violencia\u00bb en la Ciudad\">[&#8230;]<\/a><\/div>\n","protected":false},"author":1,"featured_media":6593,"comment_status":"closed","ping_status":"closed","sticky":false,"template":"","format":"standard","meta":{"_uag_custom_page_level_css":"","_jetpack_memberships_contains_paid_content":false,"footnotes":"","jetpack_publicize_message":"","jetpack_publicize_feature_enabled":true,"jetpack_social_post_already_shared":true,"jetpack_social_options":{"image_generator_settings":{"template":"highway","default_image_id":0,"font":"","enabled":false},"version":2}},"categories":[232],"tags":[190,246],"class_list":{"0":"post-6592","1":"post","2":"type-post","3":"status-publish","4":"format-standard","5":"has-post-thumbnail","7":"category-elecciones","8":"tag-elecciones","9":"tag-h1"},"jetpack_publicize_connections":[],"jetpack_featured_media_url":"https:\/\/www.comuna13online.com.ar\/wp-content\/uploads\/2019\/08\/20190827d.jpg","uagb_featured_image_src":{"full":["https:\/\/www.comuna13online.com.ar\/wp-content\/uploads\/2019\/08\/20190827d.jpg",1030,438,false],"thumbnail":["https:\/\/www.comuna13online.com.ar\/wp-content\/uploads\/2019\/08\/20190827d-150x150.jpg",96,96,true],"medium":["https:\/\/www.comuna13online.com.ar\/wp-content\/uploads\/2019\/08\/20190827d-678x288.jpg",678,288,true],"medium_large":["https:\/\/www.comuna13online.com.ar\/wp-content\/uploads\/2019\/08\/20190827d-768x327.jpg",768,327,true],"large":["https:\/\/www.comuna13online.com.ar\/wp-content\/uploads\/2019\/08\/20190827d.jpg",1030,438,false],"1536x1536":["https:\/\/www.comuna13online.com.ar\/wp-content\/uploads\/2019\/08\/20190827d.jpg",1030,438,false],"2048x2048":["https:\/\/www.comuna13online.com.ar\/wp-content\/uploads\/2019\/08\/20190827d.jpg",1030,438,false],"mh-magazine-slider":["https:\/\/www.comuna13online.com.ar\/wp-content\/uploads\/2019\/08\/20190827d.jpg",1030,438,false],"mh-magazine-content":["https:\/\/www.comuna13online.com.ar\/wp-content\/uploads\/2019\/08\/20190827d-678x381.jpg",678,381,true],"mh-magazine-large":["https:\/\/www.comuna13online.com.ar\/wp-content\/uploads\/2019\/08\/20190827d-678x438.jpg",678,438,true],"mh-magazine-medium":["https:\/\/www.comuna13online.com.ar\/wp-content\/uploads\/2019\/08\/20190827d-326x245.jpg",326,245,true],"mh-magazine-small":["https:\/\/www.comuna13online.com.ar\/wp-content\/uploads\/2019\/08\/20190827d-80x60.jpg",80,60,true],"sow-carousel-default":["https:\/\/www.comuna13online.com.ar\/wp-content\/uploads\/2019\/08\/20190827d-272x182.jpg",272,182,true]},"uagb_author_info":{"display_name":"Comuna13","author_link":"https:\/\/www.comuna13online.com.ar\/?author=1"},"uagb_comment_info":0,"uagb_excerpt":"El candidato del Frente de Todos se refiri\u00f3 al hombre muerto tras recibir una patada de un polic\u00eda\u00a0 y al anciano golpeado y asesinado por empleados de un supermercado COTO. [...]","jetpack_sharing_enabled":true,"_links":{"self":[{"href":"https:\/\/www.comuna13online.com.ar\/index.php?rest_route=\/wp\/v2\/posts\/6592","targetHints":{"allow":["GET"]}}],"collection":[{"href":"https:\/\/www.comuna13online.com.ar\/index.php?rest_route=\/wp\/v2\/posts"}],"about":[{"href":"https:\/\/www.comuna13online.com.ar\/index.php?rest_route=\/wp\/v2\/types\/post"}],"author":[{"embeddable":true,"href":"https:\/\/www.comuna13online.com.ar\/index.php?rest_route=\/wp\/v2\/users\/1"}],"replies":[{"embeddable":true,"href":"https:\/\/www.comuna13online.com.ar\/index.php?rest_route=%2Fwp%2Fv2%2Fcomments&post=6592"}],"version-history":[{"count":0,"href":"https:\/\/www.comuna13online.com.ar\/index.php?rest_route=\/wp\/v2\/posts\/6592\/revisions"}],"wp:featuredmedia":[{"embeddable":true,"href":"https:\/\/www.comuna13online.com.ar\/index.php?rest_route=\/wp\/v2\/media\/6593"}],"wp:attachment":[{"href":"https:\/\/www.comuna13online.com.ar\/index.php?rest_route=%2Fwp%2Fv2%2Fmedia&parent=6592"}],"wp:term":[{"taxonomy":"category","embeddable":true,"href":"https:\/\/www.comuna13online.com.ar\/index.php?rest_route=%2Fwp%2Fv2%2Fcategories&post=6592"},{"taxonomy":"post_tag","embeddable":true,"href":"https:\/\/www.comuna13online.com.ar\/index.php?rest_route=%2Fwp%2Fv2%2Ftags&post=6592"}],"curies":[{"name":"wp","href":"https:\/\/api.w.org\/{rel}","templated":true}]}}