{"id":6572,"date":"2019-08-26T12:06:08","date_gmt":"2019-08-26T15:06:08","guid":{"rendered":"http:\/\/www.comuna13online.com.ar\/?p=6572"},"modified":"2019-08-26T12:06:08","modified_gmt":"2019-08-26T15:06:08","slug":"familias-reclamaron-ante-el-ministerio-de-educacion-por-falta-de-vacantes","status":"publish","type":"post","link":"https:\/\/www.comuna13online.com.ar\/?p=6572","title":{"rendered":"Familias reclamaron ante el Ministerio de Educaci\u00f3n por falta de vacantes"},"content":{"rendered":"<p><strong>Estiman un faltante de 22 mil vacantes, sobre todo en nivel inicial, pese a que la Constituci\u00f3n porte\u00f1a consigna que el Estado debe garantizar la educaci\u00f3n desde los 45 d\u00edas.<\/strong><\/p>\n<p><img loading=\"lazy\" decoding=\"async\" data-attachment-id=\"6573\" data-permalink=\"https:\/\/www.comuna13online.com.ar\/?attachment_id=6573\" data-orig-file=\"https:\/\/www.comuna13online.com.ar\/wp-content\/uploads\/2019\/08\/20190826a1.jpg\" data-orig-size=\"678,450\" data-comments-opened=\"0\" data-image-meta=\"{&quot;aperture&quot;:&quot;0&quot;,&quot;credit&quot;:&quot;&quot;,&quot;camera&quot;:&quot;&quot;,&quot;caption&quot;:&quot;&quot;,&quot;created_timestamp&quot;:&quot;0&quot;,&quot;copyright&quot;:&quot;&quot;,&quot;focal_length&quot;:&quot;0&quot;,&quot;iso&quot;:&quot;0&quot;,&quot;shutter_speed&quot;:&quot;0&quot;,&quot;title&quot;:&quot;&quot;,&quot;orientation&quot;:&quot;0&quot;}\" data-image-title=\"20190826a1\" data-image-description=\"\" data-image-caption=\"\" data-large-file=\"https:\/\/www.comuna13online.com.ar\/wp-content\/uploads\/2019\/08\/20190826a1-660x438.jpg\" class=\"alignnone size-full wp-image-6573\" src=\"http:\/\/www.comuna13online.com.ar\/wp-content\/uploads\/2019\/08\/20190826a1.jpg\" alt=\"\" width=\"678\" height=\"450\" srcset=\"https:\/\/www.comuna13online.com.ar\/wp-content\/uploads\/2019\/08\/20190826a1.jpg 678w, https:\/\/www.comuna13online.com.ar\/wp-content\/uploads\/2019\/08\/20190826a1-660x438.jpg 660w, https:\/\/www.comuna13online.com.ar\/wp-content\/uploads\/2019\/08\/20190826a1-272x182.jpg 272w\" sizes=\"auto, (max-width: 678px) 100vw, 678px\" \/><\/p>\n<p>El problema lleva a\u00f1os, y el reclamo de las comunidades educativas no cesa. Ante la <strong>falta de vacantes en las instituciones p\u00fablicas de la Ciudad<\/strong>, familias organizadas para exigir m\u00e1s escuelas volvieron a concentrarse ante el Ministerio de Educaci\u00f3n, a cargo de <strong>Soledad Acu\u00f1a<\/strong>.<\/p>\n<p>Se estima que faltan m\u00e1s de 22 mil vacantes en la Ciudad, sobre todo en nivel inicial. Porque pese a que la Constituci\u00f3n porte\u00f1a consigna que el Estado debe garantizar la educaci\u00f3n desde los 45 d\u00edas, la gesti\u00f3n de <strong>Horacio Rodr\u00edguez Larreta<\/strong> no ampl\u00eda la oferta de jardines maternales.<\/p>\n<p>Durante la concentraci\u00f3n del viernes por la ma\u00f1ana en Avenida Paseo Col\u00f3n 255, madres, padres y docentes nucleados en el colectivo <strong>Vacantes para Todxs<\/strong> en las Escuelas P\u00fablicas <strong>reclamaron:<\/strong><\/p>\n<p>&#8211; Apertura de 40 escuelas primarias en zona sur y escuelas infantiles en toda la Ciudad de 45 d\u00edas a 5 a\u00f1os y de 7 a 19 horas para garantizar que las familias puedan trabajar.<\/p>\n<p>&#8211; Pase de los Centros de Primera Infancia, que no son escuelas, a la \u00f3rbita de educaci\u00f3n y sin p\u00e9rdida de puestos de trabajo.<\/p>\n<p>&#8211; Mejora en la cantidad y calidad de los alimentos en los comedores escolares.<\/p>\n<p>&#8211; Inauguraci\u00f3n de edificios en condiciones de seguridad. No queremos edificios sin gas, sin ascensores, sin instalaci\u00f3n el\u00e9ctrica, inseguros y poco confortables inaugurados a las apuradas para la foto de campa\u00f1a.<\/p>\n<p>&#8211; Repudiamos los recortes a los subsidios de cooperadoras y exigimos que los devuelvan.<\/p>\n<p>&#8211; Derogaci\u00f3n del Decreto obsoleto de los a\u00f1os 90 que habilita el cierre de salas, grados y cursos, que el Gobierno de la Ciudad de Buenos Aires aplica hace a\u00f1os para recortar presupuesto.<\/p>\n<p>&#8211; Aplicaci\u00f3n de la ESI en todas las escuelas, p\u00fablicas y privadas, laicas y religiosas.<\/p>\n<p>Para presentar el reclamo, s\u00f3lo algunas familias lograron entrar al Ministerio. <em>\u201cComo es habitual son tratadas como terroristas las madres con beb\u00e9s a upa. <strong>Cierran las puertas e impiden el ingreso\u201d,<\/strong><\/em> <strong>denunciaron desde el colectivo<\/strong>. Y agregaron que <em>\u201cno baj\u00f3 nadie a recibirlas.\u201d <\/em>Acompa\u00f1\u00f3 el reclamo la legisladora <strong>Laura Marrone<\/strong> -del Frente de Izquierda y los Trabajadores- quien al ser testigo de la falta de atenci\u00f3n y el destrato recibido colabor\u00f3 con las familias para realizar una presentaci\u00f3n escrita en la Legislatura en los despachos de los dem\u00e1s bloques, opositores y oficialistas.<\/p>\n<p>Las familias que se presentaron tienen, la mayor\u00eda, fallos favorables en primera instancia en la justicia ante la falta de vacantes para sus hijos e hijas. Pero <strong>el GCBA <em>\u201cincumple los fallos y los apela<\/em> <\/strong><em>estirando todo lo posible los tiempos de derecho vulnerado de los ni\u00f1os y las ni\u00f1as que dejan fuera del sistema cada a\u00f1o\u201d.<\/em><\/p>\n<p>En tanto, el Gobierno de la Ciudad convirti\u00f3 en lema de campa\u00f1a la supuesta construcci\u00f3n de 54 nuevas escuelas. Desde la oposici\u00f3n advirtieron que eran \u201cescuelas fantasma\u201d ya que muchas de ellas no estaban terminadas, o siquiera empezadas. M\u00e1s a\u00fan, un fallo judicial confirm\u00f3 que ese n\u00famero de nuevas instituciones educativas no existe. De todos modos, <strong>Rodr\u00edguez Larreta<\/strong> lo sigue usando como eslogan.<\/p>\n","protected":false},"excerpt":{"rendered":"<div class=\"mh-excerpt\">Estiman un faltante de 22 mil vacantes, sobre todo en nivel inicial, pese a que la Constituci\u00f3n porte\u00f1a consigna que el Estado debe garantizar la educaci\u00f3n desde los 45 d\u00edas. <a class=\"mh-excerpt-more\" href=\"https:\/\/www.comuna13online.com.ar\/?p=6572\" title=\"Familias reclamaron ante el Ministerio de Educaci\u00f3n por falta de vacantes\">[&#8230;]<\/a><\/div>\n","protected":false},"author":1,"featured_media":6574,"comment_status":"closed","ping_status":"closed","sticky":false,"template":"","format":"standard","meta":{"_uag_custom_page_level_css":"","_jetpack_memberships_contains_paid_content":false,"footnotes":"","jetpack_publicize_message":"","jetpack_publicize_feature_enabled":true,"jetpack_social_post_already_shared":true,"jetpack_social_options":{"image_generator_settings":{"template":"highway","default_image_id":0,"font":"","enabled":false},"version":2}},"categories":[113],"tags":[114,246],"class_list":{"0":"post-6572","1":"post","2":"type-post","3":"status-publish","4":"format-standard","5":"has-post-thumbnail","7":"category-educacion","8":"tag-educacion","9":"tag-h1"},"jetpack_publicize_connections":[],"jetpack_featured_media_url":"https:\/\/www.comuna13online.com.ar\/wp-content\/uploads\/2019\/08\/20190826a.jpg","uagb_featured_image_src":{"full":["https:\/\/www.comuna13online.com.ar\/wp-content\/uploads\/2019\/08\/20190826a.jpg",1030,438,false],"thumbnail":["https:\/\/www.comuna13online.com.ar\/wp-content\/uploads\/2019\/08\/20190826a-150x150.jpg",96,96,true],"medium":["https:\/\/www.comuna13online.com.ar\/wp-content\/uploads\/2019\/08\/20190826a-678x288.jpg",678,288,true],"medium_large":["https:\/\/www.comuna13online.com.ar\/wp-content\/uploads\/2019\/08\/20190826a-768x327.jpg",768,327,true],"large":["https:\/\/www.comuna13online.com.ar\/wp-content\/uploads\/2019\/08\/20190826a.jpg",1030,438,false],"1536x1536":["https:\/\/www.comuna13online.com.ar\/wp-content\/uploads\/2019\/08\/20190826a.jpg",1030,438,false],"2048x2048":["https:\/\/www.comuna13online.com.ar\/wp-content\/uploads\/2019\/08\/20190826a.jpg",1030,438,false],"mh-magazine-slider":["https:\/\/www.comuna13online.com.ar\/wp-content\/uploads\/2019\/08\/20190826a.jpg",1030,438,false],"mh-magazine-content":["https:\/\/www.comuna13online.com.ar\/wp-content\/uploads\/2019\/08\/20190826a-678x381.jpg",678,381,true],"mh-magazine-large":["https:\/\/www.comuna13online.com.ar\/wp-content\/uploads\/2019\/08\/20190826a-678x438.jpg",678,438,true],"mh-magazine-medium":["https:\/\/www.comuna13online.com.ar\/wp-content\/uploads\/2019\/08\/20190826a-326x245.jpg",326,245,true],"mh-magazine-small":["https:\/\/www.comuna13online.com.ar\/wp-content\/uploads\/2019\/08\/20190826a-80x60.jpg",80,60,true],"sow-carousel-default":["https:\/\/www.comuna13online.com.ar\/wp-content\/uploads\/2019\/08\/20190826a-272x182.jpg",272,182,true]},"uagb_author_info":{"display_name":"Comuna13","author_link":"https:\/\/www.comuna13online.com.ar\/?author=1"},"uagb_comment_info":0,"uagb_excerpt":"Estiman un faltante de 22 mil vacantes, sobre todo en nivel inicial, pese a que la Constituci\u00f3n porte\u00f1a consigna que el Estado debe garantizar la educaci\u00f3n desde los 45 d\u00edas. [...]","jetpack_sharing_enabled":true,"_links":{"self":[{"href":"https:\/\/www.comuna13online.com.ar\/index.php?rest_route=\/wp\/v2\/posts\/6572","targetHints":{"allow":["GET"]}}],"collection":[{"href":"https:\/\/www.comuna13online.com.ar\/index.php?rest_route=\/wp\/v2\/posts"}],"about":[{"href":"https:\/\/www.comuna13online.com.ar\/index.php?rest_route=\/wp\/v2\/types\/post"}],"author":[{"embeddable":true,"href":"https:\/\/www.comuna13online.com.ar\/index.php?rest_route=\/wp\/v2\/users\/1"}],"replies":[{"embeddable":true,"href":"https:\/\/www.comuna13online.com.ar\/index.php?rest_route=%2Fwp%2Fv2%2Fcomments&post=6572"}],"version-history":[{"count":0,"href":"https:\/\/www.comuna13online.com.ar\/index.php?rest_route=\/wp\/v2\/posts\/6572\/revisions"}],"wp:featuredmedia":[{"embeddable":true,"href":"https:\/\/www.comuna13online.com.ar\/index.php?rest_route=\/wp\/v2\/media\/6574"}],"wp:attachment":[{"href":"https:\/\/www.comuna13online.com.ar\/index.php?rest_route=%2Fwp%2Fv2%2Fmedia&parent=6572"}],"wp:term":[{"taxonomy":"category","embeddable":true,"href":"https:\/\/www.comuna13online.com.ar\/index.php?rest_route=%2Fwp%2Fv2%2Fcategories&post=6572"},{"taxonomy":"post_tag","embeddable":true,"href":"https:\/\/www.comuna13online.com.ar\/index.php?rest_route=%2Fwp%2Fv2%2Ftags&post=6572"}],"curies":[{"name":"wp","href":"https:\/\/api.w.org\/{rel}","templated":true}]}}