{"id":6548,"date":"2019-08-23T07:30:34","date_gmt":"2019-08-23T10:30:34","guid":{"rendered":"http:\/\/www.comuna13online.com.ar\/?p=6548"},"modified":"2019-08-26T11:52:10","modified_gmt":"2019-08-26T14:52:10","slug":"jugando-con-el-cine-en-el-museo-saavedra","status":"publish","type":"post","link":"https:\/\/www.comuna13online.com.ar\/?p=6548","title":{"rendered":"\u00abJugando con el Cine\u00bb en el Museo Saavedra"},"content":{"rendered":"<p><strong>Cortos animados, pel\u00edculas mudas c\u00f3micas y taller de juguetes \u00f3pticos entre otros, el taller did\u00e1ctico pretende que los chicos descubran la ilusi\u00f3n del movimiento. Domingo 25 a las 15 horas.<\/strong><\/p>\n<p><img loading=\"lazy\" decoding=\"async\" data-attachment-id=\"6550\" data-permalink=\"https:\/\/www.comuna13online.com.ar\/?attachment_id=6550\" data-orig-file=\"https:\/\/www.comuna13online.com.ar\/wp-content\/uploads\/2019\/08\/museo-saavedra2.jpg\" data-orig-size=\"678,277\" data-comments-opened=\"0\" data-image-meta=\"{&quot;aperture&quot;:&quot;0&quot;,&quot;credit&quot;:&quot;&quot;,&quot;camera&quot;:&quot;&quot;,&quot;caption&quot;:&quot;&quot;,&quot;created_timestamp&quot;:&quot;0&quot;,&quot;copyright&quot;:&quot;&quot;,&quot;focal_length&quot;:&quot;0&quot;,&quot;iso&quot;:&quot;0&quot;,&quot;shutter_speed&quot;:&quot;0&quot;,&quot;title&quot;:&quot;&quot;,&quot;orientation&quot;:&quot;0&quot;}\" data-image-title=\"museo-saavedra2\" data-image-description=\"\" data-image-caption=\"\" data-large-file=\"https:\/\/www.comuna13online.com.ar\/wp-content\/uploads\/2019\/08\/museo-saavedra2.jpg\" class=\"alignnone size-full wp-image-6550\" src=\"http:\/\/www.comuna13online.com.ar\/wp-content\/uploads\/2019\/08\/museo-saavedra2.jpg\" alt=\"\" width=\"678\" height=\"277\" \/><\/p>\n<p>Organizado por el Ministerio de Cultura de la Ciudad de Buenos Aires, el domingo 25 de agosto a las 15 horas, el Museo Hist\u00f3rico Saveedra presenta el taller did\u00e1ctico \u201cJugando con el cine\u201d.<\/p>\n<p>En el comienzo del encuentro, coordinado por la investigadora y docente del \u00e1rea de cine Alejandra Ruiz, se realizar\u00e1 una introducci\u00f3n sobre los or\u00edgenes del arte cinematogr\u00e1fico, para descubrir c\u00f3mo se produce \u00abla ilusi\u00f3n del movimiento\u00bb.<\/p>\n<p>Luego se presentar\u00e1n juguetes \u00f3pticos y se propondr\u00e1 la realizaci\u00f3n de un juguete (taumatropo) a los chicos y sus acompa\u00f1antes. Para terminar se proyectar\u00e1n cortos de animaci\u00f3n y de cine mudo c\u00f3mico (George Melies, Charles Chaplin, Buster Keaton, Laurel y Hardy, entre otros).<\/p>\n<p><strong>Actividad para todo p\u00fablico, incluida en la entrada del Museo ($ 50)<br \/>\n<\/strong><em>Los chicos deben ingresar junto a un adulto responsable.<\/em><\/p>\n<h4><img loading=\"lazy\" decoding=\"async\" data-attachment-id=\"6552\" data-permalink=\"https:\/\/www.comuna13online.com.ar\/?attachment_id=6552\" data-orig-file=\"https:\/\/www.comuna13online.com.ar\/wp-content\/uploads\/2019\/08\/juegos-e1566506285139.jpg\" data-orig-size=\"678,514\" data-comments-opened=\"0\" data-image-meta=\"{&quot;aperture&quot;:&quot;0&quot;,&quot;credit&quot;:&quot;&quot;,&quot;camera&quot;:&quot;&quot;,&quot;caption&quot;:&quot;&quot;,&quot;created_timestamp&quot;:&quot;0&quot;,&quot;copyright&quot;:&quot;&quot;,&quot;focal_length&quot;:&quot;0&quot;,&quot;iso&quot;:&quot;0&quot;,&quot;shutter_speed&quot;:&quot;0&quot;,&quot;title&quot;:&quot;&quot;,&quot;orientation&quot;:&quot;0&quot;}\" data-image-title=\"juegos\" data-image-description=\"\" data-image-caption=\"\" data-large-file=\"https:\/\/www.comuna13online.com.ar\/wp-content\/uploads\/2019\/08\/juegos-577x438.jpg\" class=\"alignnone size-full wp-image-6552\" src=\"http:\/\/www.comuna13online.com.ar\/wp-content\/uploads\/2019\/08\/juegos-e1566506285139.jpg\" alt=\"\" width=\"678\" height=\"514\" \/><\/h4>\n<h4><span style=\"color: #008080;\"><strong>La ilusi\u00f3n del movimiento<\/strong><\/span><\/h4>\n<p>La animaci\u00f3n y el cine son posibles gracias a una propiedad de nuestros ojos: la persistencia retiniana. Es un fen\u00f3meno visual descubierto por Joseph Plateau, que demuestra c\u00f3mo una imagen permanece en la retina humana una d\u00e9cima de segundo antes de desaparecer por completo.<\/p>\n<p>Las im\u00e1genes que vemos se superponen en la retina y el cerebro las \u00abenlaza\u00bb como una sola imagen visual, m\u00f3vil y continua. As\u00ed se crea la ilusi\u00f3n de movimiento. Gracias a ese efecto podemos crear muchos juguetes \u00f3pticos, hacer cine y dibujos animados.<\/p>\n<h4><span style=\"color: #008080;\"><strong>\u00bfSab\u00e9s que es un taumatropo?<\/strong><\/span><\/h4>\n<p>En 1825 el Dr. John Ayrton Paris crea el taumatropo, primer juguete \u00f3ptico que explota la persistencia de la imagen sobre la retina. Est\u00e1 compuesto de un disco con un dibujo en cada cara y de hilos vinculados a las extremidades de su di\u00e1metro. Al hacer girar sobre un eje el disco, se ven simult\u00e1neamente los dos dibujos.<\/p>\n<h3><span style=\"color: #000000;\"><strong><img loading=\"lazy\" decoding=\"async\" data-attachment-id=\"2965\" data-permalink=\"https:\/\/www.comuna13online.com.ar\/?attachment_id=2965\" data-orig-file=\"https:\/\/www.comuna13online.com.ar\/wp-content\/uploads\/2018\/10\/line.gif\" data-orig-size=\"678,2\" data-comments-opened=\"0\" data-image-meta=\"{&quot;aperture&quot;:&quot;0&quot;,&quot;credit&quot;:&quot;&quot;,&quot;camera&quot;:&quot;&quot;,&quot;caption&quot;:&quot;&quot;,&quot;created_timestamp&quot;:&quot;0&quot;,&quot;copyright&quot;:&quot;&quot;,&quot;focal_length&quot;:&quot;0&quot;,&quot;iso&quot;:&quot;0&quot;,&quot;shutter_speed&quot;:&quot;0&quot;,&quot;title&quot;:&quot;&quot;,&quot;orientation&quot;:&quot;0&quot;}\" data-image-title=\"line\" data-image-description=\"\" data-image-caption=\"\" data-large-file=\"https:\/\/www.comuna13online.com.ar\/wp-content\/uploads\/2018\/10\/line.gif\" class=\"alignnone size-full wp-image-2965\" src=\"http:\/\/www.comuna13online.com.ar\/wp-content\/uploads\/2018\/10\/line.gif\" alt=\"\" width=\"678\" height=\"2\" \/><\/strong><\/span><\/h3>\n<h3><span style=\"color: #000000;\"><strong>Programaci\u00f3n del ciclo \u201cJugando con el cine\u201d<\/strong><\/span><\/h3>\n<p><span style=\"color: #ff6600;\"><strong>Les Kiriki, de Segundo de Chom\u00f3n<br \/>\n<\/strong><\/span><\/p>\n<p style=\"padding-left: 40px;\">Espa\u00f1a. 1907. 5&#8242; &#8211; Una familia de acr\u00f3batas orientales exhibe sus dotes art\u00edsticas frente a la c\u00e1mara, con juegos de contorsionismo, equilibrismo y acrobacias.<\/p>\n<p><span style=\"color: #ff6600;\"><strong>Fuera de vista, de Ya-Ting Yu<br \/>\n<\/strong><\/span><\/p>\n<p style=\"padding-left: 40px;\">Taiwan, 2010, 5&#8242; &#8211; La historia nos lleva de la mano de una tierna ni\u00f1a invidente a conocer de nuevo algo tan com\u00fan como una calle a trav\u00e9s de otros sentidos, con mucha inocencia e imaginaci\u00f3n.<\/p>\n<p><span style=\"color: #ff6600;\"><strong>Viaje a Marte, de Juan Pablo Zaramella<br \/>\n<\/strong><\/span><\/p>\n<p style=\"padding-left: 40px;\">Argentina, 2005, 15&#8242; &#8211; Antonio es un ni\u00f1o que quiere viajar a Marte y afortunadamente su abuelo conoce el camino para llegar. Pel\u00edcula de animaci\u00f3n de mu\u00f1ecos que aborda la fantas\u00eda en la infancia desde la distancia de la adultez.<\/p>\n<p><strong><span style=\"color: #ff6600;\">La pantera prehist\u00f3rica, de Blake Edwards<\/span><\/strong><\/p>\n<p style=\"padding-left: 40px;\">Super 8, EE.UU. 1968, 6&#8242; &#8211; Una divertida historia de la Pantera Rosa en la era de los dinosaurios.<\/p>\n<p><img loading=\"lazy\" decoding=\"async\" data-attachment-id=\"99\" data-permalink=\"https:\/\/www.comuna13online.com.ar\/?attachment_id=99\" data-orig-file=\"https:\/\/www.comuna13online.com.ar\/wp-content\/uploads\/2017\/12\/line.jpg\" data-orig-size=\"678,1\" data-comments-opened=\"0\" data-image-meta=\"{&quot;aperture&quot;:&quot;0&quot;,&quot;credit&quot;:&quot;&quot;,&quot;camera&quot;:&quot;&quot;,&quot;caption&quot;:&quot;&quot;,&quot;created_timestamp&quot;:&quot;0&quot;,&quot;copyright&quot;:&quot;&quot;,&quot;focal_length&quot;:&quot;0&quot;,&quot;iso&quot;:&quot;0&quot;,&quot;shutter_speed&quot;:&quot;0&quot;,&quot;title&quot;:&quot;&quot;,&quot;orientation&quot;:&quot;0&quot;}\" data-image-title=\"line\" data-image-description=\"\" data-image-caption=\"\" data-large-file=\"https:\/\/www.comuna13online.com.ar\/wp-content\/uploads\/2017\/12\/line.jpg\" class=\"alignnone size-full wp-image-99\" src=\"http:\/\/www.comuna13online.com.ar\/wp-content\/uploads\/2017\/12\/line.jpg\" alt=\"\" width=\"678\" height=\"1\" srcset=\"https:\/\/www.comuna13online.com.ar\/wp-content\/uploads\/2017\/12\/line.jpg 678w, https:\/\/www.comuna13online.com.ar\/wp-content\/uploads\/2017\/12\/line-150x1.jpg 150w, https:\/\/www.comuna13online.com.ar\/wp-content\/uploads\/2017\/12\/line-326x1.jpg 326w, https:\/\/www.comuna13online.com.ar\/wp-content\/uploads\/2017\/12\/line-80x1.jpg 80w, https:\/\/www.comuna13online.com.ar\/wp-content\/uploads\/2017\/12\/line-272x1.jpg 272w\" sizes=\"auto, (max-width: 678px) 100vw, 678px\" \/><\/p>\n<p><strong><img loading=\"lazy\" decoding=\"async\" data-attachment-id=\"6562\" data-permalink=\"https:\/\/www.comuna13online.com.ar\/?attachment_id=6562\" data-orig-file=\"https:\/\/www.comuna13online.com.ar\/wp-content\/uploads\/2019\/08\/Google_Maps_Icon.png\" data-orig-size=\"300,300\" data-comments-opened=\"0\" data-image-meta=\"{&quot;aperture&quot;:&quot;0&quot;,&quot;credit&quot;:&quot;&quot;,&quot;camera&quot;:&quot;&quot;,&quot;caption&quot;:&quot;&quot;,&quot;created_timestamp&quot;:&quot;0&quot;,&quot;copyright&quot;:&quot;&quot;,&quot;focal_length&quot;:&quot;0&quot;,&quot;iso&quot;:&quot;0&quot;,&quot;shutter_speed&quot;:&quot;0&quot;,&quot;title&quot;:&quot;&quot;,&quot;orientation&quot;:&quot;0&quot;}\" data-image-title=\"Google_Maps_Icon\" data-image-description=\"\" data-image-caption=\"\" data-large-file=\"https:\/\/www.comuna13online.com.ar\/wp-content\/uploads\/2019\/08\/Google_Maps_Icon.png\" class=\"alignleft wp-image-6562\" src=\"http:\/\/www.comuna13online.com.ar\/wp-content\/uploads\/2019\/08\/Google_Maps_Icon.png\" alt=\"\" width=\"50\" height=\"50\" srcset=\"https:\/\/www.comuna13online.com.ar\/wp-content\/uploads\/2019\/08\/Google_Maps_Icon.png 300w, https:\/\/www.comuna13online.com.ar\/wp-content\/uploads\/2019\/08\/Google_Maps_Icon-150x150.png 150w\" sizes=\"auto, (max-width: 50px) 100vw, 50px\" \/><br \/>\nMuseo Hist\u00f3rico de Buenos Aires \u201cCornelio de Saavedra\u201d<\/strong><br \/>\nAv. Cris\u00f3logo Larralde 6309, Saavedra<\/p>\n<p style=\"padding-left: 80px;\"><strong>Informes:<\/strong><br \/>\n4572-0746 \/ 4574-1328<br \/>\n<span style=\"color: #666699;\">museosaavedra@buenosaires.gob.ar<\/span><\/p>\n<p style=\"padding-left: 80px;\"><strong>Horarios<\/strong>: lunes, mi\u00e9rcoles, jueves y viernes de 9 a 17 horas<br \/>\nS\u00e1bados domingos y feriados de 10 a 20. Martes cerrado.<\/p>\n<p><a href=\"https:\/\/www.buenosaires.gob.ar\/museos\/museo-historico-cornelio-de-saavedra\" target=\"_blank\" rel=\"noopener noreferrer\">www.museosaavedra.buenosaires. gob.ar<\/a><\/p>\n<p><iframe loading=\"lazy\" style=\"border: 0;\" src=\"https:\/\/www.google.com\/maps\/embed?pb=!1m14!1m8!1m3!1d13141.588098614468!2d-58.50750599999999!3d-34.56881933844473!3m2!1i1024!2i768!4f13.1!3m3!1m2!1s0x0%3A0xbaf03b952551a39f!2sMuseo+Hist%C3%B3rico+Cornelio+Saavedra!5e0!3m2!1ses!2sar!4v1521722838333\" width=\"678\" height=\"500\" frameborder=\"0\" allowfullscreen=\"allowfullscreen\" data-mce-fragment=\"1\"><span data-mce-type=\"bookmark\" style=\"display: inline-block; width: 0px; overflow: hidden; line-height: 0;\" class=\"mce_SELRES_start\">\ufeff<\/span><\/iframe><\/p>\n<p><strong>Transportes Cercanos:\u00a0<\/strong><br \/>\nColectivos:\u00a021, 28, 110, 111, 112, 117, 127, 140, 169, 175 y 176.<\/p>\n","protected":false},"excerpt":{"rendered":"<div class=\"mh-excerpt\">Cortos animados, pel\u00edculas mudas c\u00f3micas y taller de juguetes \u00f3pticos entre otros, el taller did\u00e1ctico pretende que los chicos descubran la ilusi\u00f3n del movimiento. Domingo 25 a las 15 horas. <a class=\"mh-excerpt-more\" href=\"https:\/\/www.comuna13online.com.ar\/?p=6548\" title=\"\u00abJugando con el Cine\u00bb en el Museo Saavedra\">[&#8230;]<\/a><\/div>\n","protected":false},"author":1,"featured_media":6549,"comment_status":"closed","ping_status":"closed","sticky":false,"template":"","format":"standard","meta":{"_uag_custom_page_level_css":"","_jetpack_memberships_contains_paid_content":false,"footnotes":"","jetpack_publicize_message":"\"Jugando con el Cine\" en el @MuseoSaavedra #Museos #BuenViernes #FelizViernes","jetpack_publicize_feature_enabled":true,"jetpack_social_post_already_shared":true,"jetpack_social_options":{"image_generator_settings":{"template":"highway","default_image_id":0,"font":"","enabled":false},"version":2}},"categories":[41],"tags":[59,71],"class_list":{"0":"post-6548","1":"post","2":"type-post","3":"status-publish","4":"format-standard","5":"has-post-thumbnail","7":"category-tiempo-libre","8":"tag-actividades","9":"tag-tiempo-libre"},"jetpack_publicize_connections":[],"jetpack_featured_media_url":"https:\/\/www.comuna13online.com.ar\/wp-content\/uploads\/2019\/08\/museo-saavedra.jpg","uagb_featured_image_src":{"full":["https:\/\/www.comuna13online.com.ar\/wp-content\/uploads\/2019\/08\/museo-saavedra.jpg",1030,438,false],"thumbnail":["https:\/\/www.comuna13online.com.ar\/wp-content\/uploads\/2019\/08\/museo-saavedra-150x150.jpg",96,96,true],"medium":["https:\/\/www.comuna13online.com.ar\/wp-content\/uploads\/2019\/08\/museo-saavedra-678x288.jpg",678,288,true],"medium_large":["https:\/\/www.comuna13online.com.ar\/wp-content\/uploads\/2019\/08\/museo-saavedra-768x327.jpg",768,327,true],"large":["https:\/\/www.comuna13online.com.ar\/wp-content\/uploads\/2019\/08\/museo-saavedra.jpg",1030,438,false],"1536x1536":["https:\/\/www.comuna13online.com.ar\/wp-content\/uploads\/2019\/08\/museo-saavedra.jpg",1030,438,false],"2048x2048":["https:\/\/www.comuna13online.com.ar\/wp-content\/uploads\/2019\/08\/museo-saavedra.jpg",1030,438,false],"mh-magazine-slider":["https:\/\/www.comuna13online.com.ar\/wp-content\/uploads\/2019\/08\/museo-saavedra.jpg",1030,438,false],"mh-magazine-content":["https:\/\/www.comuna13online.com.ar\/wp-content\/uploads\/2019\/08\/museo-saavedra-678x381.jpg",678,381,true],"mh-magazine-large":["https:\/\/www.comuna13online.com.ar\/wp-content\/uploads\/2019\/08\/museo-saavedra-678x438.jpg",678,438,true],"mh-magazine-medium":["https:\/\/www.comuna13online.com.ar\/wp-content\/uploads\/2019\/08\/museo-saavedra-326x245.jpg",326,245,true],"mh-magazine-small":["https:\/\/www.comuna13online.com.ar\/wp-content\/uploads\/2019\/08\/museo-saavedra-80x60.jpg",80,60,true],"sow-carousel-default":["https:\/\/www.comuna13online.com.ar\/wp-content\/uploads\/2019\/08\/museo-saavedra-272x182.jpg",272,182,true]},"uagb_author_info":{"display_name":"Comuna13","author_link":"https:\/\/www.comuna13online.com.ar\/?author=1"},"uagb_comment_info":0,"uagb_excerpt":"Cortos animados, pel\u00edculas mudas c\u00f3micas y taller de juguetes \u00f3pticos entre otros, el taller did\u00e1ctico pretende que los chicos descubran la ilusi\u00f3n del movimiento. Domingo 25 a las 15 horas. [...]","jetpack_sharing_enabled":true,"_links":{"self":[{"href":"https:\/\/www.comuna13online.com.ar\/index.php?rest_route=\/wp\/v2\/posts\/6548","targetHints":{"allow":["GET"]}}],"collection":[{"href":"https:\/\/www.comuna13online.com.ar\/index.php?rest_route=\/wp\/v2\/posts"}],"about":[{"href":"https:\/\/www.comuna13online.com.ar\/index.php?rest_route=\/wp\/v2\/types\/post"}],"author":[{"embeddable":true,"href":"https:\/\/www.comuna13online.com.ar\/index.php?rest_route=\/wp\/v2\/users\/1"}],"replies":[{"embeddable":true,"href":"https:\/\/www.comuna13online.com.ar\/index.php?rest_route=%2Fwp%2Fv2%2Fcomments&post=6548"}],"version-history":[{"count":0,"href":"https:\/\/www.comuna13online.com.ar\/index.php?rest_route=\/wp\/v2\/posts\/6548\/revisions"}],"wp:featuredmedia":[{"embeddable":true,"href":"https:\/\/www.comuna13online.com.ar\/index.php?rest_route=\/wp\/v2\/media\/6549"}],"wp:attachment":[{"href":"https:\/\/www.comuna13online.com.ar\/index.php?rest_route=%2Fwp%2Fv2%2Fmedia&parent=6548"}],"wp:term":[{"taxonomy":"category","embeddable":true,"href":"https:\/\/www.comuna13online.com.ar\/index.php?rest_route=%2Fwp%2Fv2%2Fcategories&post=6548"},{"taxonomy":"post_tag","embeddable":true,"href":"https:\/\/www.comuna13online.com.ar\/index.php?rest_route=%2Fwp%2Fv2%2Ftags&post=6548"}],"curies":[{"name":"wp","href":"https:\/\/api.w.org\/{rel}","templated":true}]}}