{"id":6543,"date":"2019-08-23T07:00:17","date_gmt":"2019-08-23T10:00:17","guid":{"rendered":"http:\/\/www.comuna13online.com.ar\/?p=6543"},"modified":"2019-08-23T07:22:44","modified_gmt":"2019-08-23T10:22:44","slug":"se-podra-estacionar-en-forma-paralela-a-algunas-ciclovias","status":"publish","type":"post","link":"https:\/\/www.comuna13online.com.ar\/?p=6543","title":{"rendered":"Se podr\u00e1 estacionar en forma paralela a algunas ciclov\u00edas"},"content":{"rendered":"<p><strong>S\u00f3lo ser\u00e1 posible en ciertas calles de la Ciudad que cumplan con determinadas caracter\u00edsticas, se estima que se sumar\u00e1 hasta el 60% de espacio de estacionamiento dependiendo de la cuadra.<\/strong><\/p>\n<p><img loading=\"lazy\" decoding=\"async\" data-attachment-id=\"6545\" data-permalink=\"https:\/\/www.comuna13online.com.ar\/?attachment_id=6545\" data-orig-file=\"https:\/\/www.comuna13online.com.ar\/wp-content\/uploads\/2019\/08\/20190823a1.jpg\" data-orig-size=\"678,437\" data-comments-opened=\"0\" data-image-meta=\"{&quot;aperture&quot;:&quot;0&quot;,&quot;credit&quot;:&quot;&quot;,&quot;camera&quot;:&quot;&quot;,&quot;caption&quot;:&quot;&quot;,&quot;created_timestamp&quot;:&quot;0&quot;,&quot;copyright&quot;:&quot;&quot;,&quot;focal_length&quot;:&quot;0&quot;,&quot;iso&quot;:&quot;0&quot;,&quot;shutter_speed&quot;:&quot;0&quot;,&quot;title&quot;:&quot;&quot;,&quot;orientation&quot;:&quot;0&quot;}\" data-image-title=\"20190823a1\" data-image-description=\"\" data-image-caption=\"\" data-large-file=\"https:\/\/www.comuna13online.com.ar\/wp-content\/uploads\/2019\/08\/20190823a1.jpg\" class=\"alignnone size-full wp-image-6545\" src=\"http:\/\/www.comuna13online.com.ar\/wp-content\/uploads\/2019\/08\/20190823a1.jpg\" alt=\"\" width=\"678\" height=\"437\" \/><\/p>\n<p>A partir de reuniones y talleres realizados con los vecinos en distintos barrios de la Ciudad y luego de analizar sus pedidos, la\u00a0<strong>Secretar\u00eda de Transporte<\/strong>\u00a0realizar\u00e1 una prueba piloto para determinar la posibilidad de habilitar estacionamiento paralelo a algunas ciclov\u00edas en calles de CABA que cumplan determinadas caracter\u00edsticas: que sean mano \u00fanica, que no posean circulaci\u00f3n de colectivos, y que cuenten con un ancho mayor a 10,40 metros. La calle General C\u00e9sar D\u00edaz ser\u00e1 la primera traza en contar con estacionamiento paralelo a la ciclov\u00eda.<\/p>\n<blockquote><p><span style=\"color: #008080;\"><strong>\u201cTrabajamos en conjunto con los vecinos de los distintos barrios con la intenci\u00f3n de delinear soluciones de movilidad en conjunto y estudiamos continuamente nuevas posibilidades de mejora. En esta oportunidad avanzamos con una propuesta que busca optimizar el espacio de estacionamiento en algunas calles de la Ciudad en l\u00ednea con la experiencia de otras ciudades del mundo.\u201d<\/strong><\/span> Juan Jos\u00e9 Mendez, secretario de Transporte de la Ciudad de Buenos Aires.<\/p><\/blockquote>\n<p>La ciclov\u00eda de prueba se construir\u00e1 en\u00a0<strong>General C\u00e9sar D\u00edaz entre Chivilcoy y Artigas (1,87 km)<\/strong>, traza que se extiende sobre los barrios Floresta, Villa Santa Rita y Villa General Mitre; mientras que el tramo donde se podr\u00e1 estacionar en forma paralela a la ciclov\u00eda ser\u00e1 en General C\u00e9sar D\u00edaz entre Chivilcoy y av. Nazca (1,31 km), ya que entre av. Nazca y Artigas circulan colectivos.<\/p>\n<div class=\"panel-pane pane-entity-field pane-node-body\">\n<div class=\"pane-content\">\n<div class=\"field field-name-body field-type-text-with-summary field-label-hidden\">\n<div class=\"field-items\">\n<div class=\"field-item even\">\n<p>Con el objetivo de preservar la seguridad vial de peatones, ciclistas y conductores, cuando el conductor estacione el auto va a contar con un espacio de un metro de distancia de la ciclov\u00eda (fuelle) para poder descender en forma segura. Luego deber\u00e1 caminar por este espacio hasta la esquina m\u00e1s pr\u00f3xima.<\/p>\n<p><strong>Caracter\u00edsticas de las calles a implementar:<\/strong><\/p>\n<ul>\n<li>Deber\u00e1n contar con un ancho de m\u00e1s de 10,40 mts.<\/li>\n<li>Ser\u00e1n trazas en donde no circulan colectivos.<\/li>\n<li>En general, se implementar\u00e1 en calles que tengan un \u00fanico sentido de circulaci\u00f3n.<\/li>\n<\/ul>\n<p><em>No todas las calles que posean estas caracter\u00edsticas son aptas, siempre est\u00e1n sujetas a previo an\u00e1lisis del equipo t\u00e9cnico<\/em>.<\/p>\n<p><strong>Nueva ciclov\u00eda<\/strong><\/p>\n<p>La permisi\u00f3n de estacionamiento paralelo no ser\u00e1 aplicable a los ejes ya existentes, si no a las trazas de ciclov\u00edas a construirse y, exclusivamente, en aquellas luego de las evaluaciones t\u00e9cnicas pertinentes siempre se encuentren en calzadas que posean un ancho m\u00ednimo de 10.40 m, no posean circulaci\u00f3n de l\u00edneas de colectivos y que, en general, tengan un \u00fanico sentido de circulaci\u00f3n.<\/p>\n<ul>\n<li>Fuelle de separaci\u00f3n entre la ciclov\u00eda y el auto estacionado.<\/li>\n<li>Delineadores.<\/li>\n<li>Cord\u00f3n separador.<\/li>\n<li>Espacio para ingreso a cocheras.<\/li>\n<li>Se\u00f1al de permitido estacionar.<\/li>\n<\/ul>\n<p><strong>Nueva se\u00f1alizaci\u00f3n<\/strong><\/p>\n<p>En los lugares donde quede permitido estacionar en forma paralela a la ciclov\u00eda se dispondr\u00e1 un nuevo cartel que indicar\u00e1; por un lado, la prohibici\u00f3n de estacionamiento sobre ciclov\u00eda, y por otro, la permisi\u00f3n de estacionamiento en paralelo.<\/p>\n<p><strong>Objetivos<\/strong><\/p>\n<ul>\n<li>Optimizar el espacio disponible de estacionamiento en la v\u00eda p\u00fablica.<\/li>\n<li>Administrar de manera eficiente el uso del espacio p\u00fablico.<\/li>\n<li>Adoptar medidas que favorezcan el ordenamiento del tr\u00e1nsito y ya funcionan en otras partes del mundo.<\/li>\n<li>Promover alternativas que prioricen la seguridad vial de todos los actores del tr\u00e1nsito.<\/li>\n<li>Trabajar en conjunto con los vecinos de cada barrio de la Ciudad.<\/li>\n<\/ul>\n<p><img loading=\"lazy\" decoding=\"async\" data-attachment-id=\"2965\" data-permalink=\"https:\/\/www.comuna13online.com.ar\/?attachment_id=2965\" data-orig-file=\"https:\/\/www.comuna13online.com.ar\/wp-content\/uploads\/2018\/10\/line.gif\" data-orig-size=\"678,2\" data-comments-opened=\"0\" data-image-meta=\"{&quot;aperture&quot;:&quot;0&quot;,&quot;credit&quot;:&quot;&quot;,&quot;camera&quot;:&quot;&quot;,&quot;caption&quot;:&quot;&quot;,&quot;created_timestamp&quot;:&quot;0&quot;,&quot;copyright&quot;:&quot;&quot;,&quot;focal_length&quot;:&quot;0&quot;,&quot;iso&quot;:&quot;0&quot;,&quot;shutter_speed&quot;:&quot;0&quot;,&quot;title&quot;:&quot;&quot;,&quot;orientation&quot;:&quot;0&quot;}\" data-image-title=\"line\" data-image-description=\"\" data-image-caption=\"\" data-large-file=\"https:\/\/www.comuna13online.com.ar\/wp-content\/uploads\/2018\/10\/line.gif\" class=\"alignnone size-full wp-image-2965\" src=\"http:\/\/www.comuna13online.com.ar\/wp-content\/uploads\/2018\/10\/line.gif\" alt=\"\" width=\"678\" height=\"2\" \/><\/p>\n<p style=\"text-align: right;\"><span style=\"color: #808080;\">Fuente: G.C.B.A.<\/span><\/p>\n<\/div>\n<\/div>\n<\/div>\n<\/div>\n<\/div>\n","protected":false},"excerpt":{"rendered":"<div class=\"mh-excerpt\">S\u00f3lo ser\u00e1 posible en ciertas calles de la Ciudad que cumplan con determinadas caracter\u00edsticas, se estima que se sumar\u00e1 hasta el 60% de espacio de estacionamiento dependiendo de la cuadra. <a class=\"mh-excerpt-more\" href=\"https:\/\/www.comuna13online.com.ar\/?p=6543\" title=\"Se podr\u00e1 estacionar en forma paralela a algunas ciclov\u00edas\">[&#8230;]<\/a><\/div>\n","protected":false},"author":1,"featured_media":6544,"comment_status":"closed","ping_status":"closed","sticky":false,"template":"","format":"standard","meta":{"_uag_custom_page_level_css":"","_jetpack_memberships_contains_paid_content":false,"footnotes":"","jetpack_publicize_message":"Se podr\u00e1 estacionar en forma paralela a algunas ciclov\u00edas #Transito","jetpack_publicize_feature_enabled":true,"jetpack_social_post_already_shared":false,"jetpack_social_options":{"image_generator_settings":{"template":"highway","default_image_id":0,"font":"","enabled":false},"version":2}},"categories":[53],"tags":[246,54],"class_list":{"0":"post-6543","1":"post","2":"type-post","3":"status-publish","4":"format-standard","5":"has-post-thumbnail","7":"category-transito","8":"tag-h1","9":"tag-transito"},"jetpack_publicize_connections":[],"jetpack_featured_media_url":"https:\/\/www.comuna13online.com.ar\/wp-content\/uploads\/2019\/08\/20190823a.jpg","uagb_featured_image_src":{"full":["https:\/\/www.comuna13online.com.ar\/wp-content\/uploads\/2019\/08\/20190823a.jpg",1030,438,false],"thumbnail":["https:\/\/www.comuna13online.com.ar\/wp-content\/uploads\/2019\/08\/20190823a-150x150.jpg",96,96,true],"medium":["https:\/\/www.comuna13online.com.ar\/wp-content\/uploads\/2019\/08\/20190823a-678x288.jpg",678,288,true],"medium_large":["https:\/\/www.comuna13online.com.ar\/wp-content\/uploads\/2019\/08\/20190823a-768x327.jpg",768,327,true],"large":["https:\/\/www.comuna13online.com.ar\/wp-content\/uploads\/2019\/08\/20190823a.jpg",1030,438,false],"1536x1536":["https:\/\/www.comuna13online.com.ar\/wp-content\/uploads\/2019\/08\/20190823a.jpg",1030,438,false],"2048x2048":["https:\/\/www.comuna13online.com.ar\/wp-content\/uploads\/2019\/08\/20190823a.jpg",1030,438,false],"mh-magazine-slider":["https:\/\/www.comuna13online.com.ar\/wp-content\/uploads\/2019\/08\/20190823a.jpg",1030,438,false],"mh-magazine-content":["https:\/\/www.comuna13online.com.ar\/wp-content\/uploads\/2019\/08\/20190823a-678x381.jpg",678,381,true],"mh-magazine-large":["https:\/\/www.comuna13online.com.ar\/wp-content\/uploads\/2019\/08\/20190823a-678x438.jpg",678,438,true],"mh-magazine-medium":["https:\/\/www.comuna13online.com.ar\/wp-content\/uploads\/2019\/08\/20190823a-326x245.jpg",326,245,true],"mh-magazine-small":["https:\/\/www.comuna13online.com.ar\/wp-content\/uploads\/2019\/08\/20190823a-80x60.jpg",80,60,true],"sow-carousel-default":["https:\/\/www.comuna13online.com.ar\/wp-content\/uploads\/2019\/08\/20190823a-272x182.jpg",272,182,true]},"uagb_author_info":{"display_name":"Comuna13","author_link":"https:\/\/www.comuna13online.com.ar\/?author=1"},"uagb_comment_info":0,"uagb_excerpt":"S\u00f3lo ser\u00e1 posible en ciertas calles de la Ciudad que cumplan con determinadas caracter\u00edsticas, se estima que se sumar\u00e1 hasta el 60% de espacio de estacionamiento dependiendo de la cuadra. [...]","jetpack_sharing_enabled":true,"_links":{"self":[{"href":"https:\/\/www.comuna13online.com.ar\/index.php?rest_route=\/wp\/v2\/posts\/6543","targetHints":{"allow":["GET"]}}],"collection":[{"href":"https:\/\/www.comuna13online.com.ar\/index.php?rest_route=\/wp\/v2\/posts"}],"about":[{"href":"https:\/\/www.comuna13online.com.ar\/index.php?rest_route=\/wp\/v2\/types\/post"}],"author":[{"embeddable":true,"href":"https:\/\/www.comuna13online.com.ar\/index.php?rest_route=\/wp\/v2\/users\/1"}],"replies":[{"embeddable":true,"href":"https:\/\/www.comuna13online.com.ar\/index.php?rest_route=%2Fwp%2Fv2%2Fcomments&post=6543"}],"version-history":[{"count":0,"href":"https:\/\/www.comuna13online.com.ar\/index.php?rest_route=\/wp\/v2\/posts\/6543\/revisions"}],"wp:featuredmedia":[{"embeddable":true,"href":"https:\/\/www.comuna13online.com.ar\/index.php?rest_route=\/wp\/v2\/media\/6544"}],"wp:attachment":[{"href":"https:\/\/www.comuna13online.com.ar\/index.php?rest_route=%2Fwp%2Fv2%2Fmedia&parent=6543"}],"wp:term":[{"taxonomy":"category","embeddable":true,"href":"https:\/\/www.comuna13online.com.ar\/index.php?rest_route=%2Fwp%2Fv2%2Fcategories&post=6543"},{"taxonomy":"post_tag","embeddable":true,"href":"https:\/\/www.comuna13online.com.ar\/index.php?rest_route=%2Fwp%2Fv2%2Ftags&post=6543"}],"curies":[{"name":"wp","href":"https:\/\/api.w.org\/{rel}","templated":true}]}}