{"id":6527,"date":"2019-08-22T06:00:48","date_gmt":"2019-08-22T09:00:48","guid":{"rendered":"http:\/\/www.comuna13online.com.ar\/?p=6527"},"modified":"2019-08-22T09:29:31","modified_gmt":"2019-08-22T12:29:31","slug":"el-domingo-habra-atencion-veterinaria-gratuita-en-saavedra","status":"publish","type":"post","link":"https:\/\/www.comuna13online.com.ar\/?p=6527","title":{"rendered":"El domingo habr\u00e1 atenci\u00f3n veterinaria gratuita en Saavedra"},"content":{"rendered":"<p><strong>El Gobierno brinda un servicio de modernos m\u00f3viles veterinarios que recorren las 15 comunas realizando atenciones veterinarias gratuitas. El domingo atienden en el barrio Saveedra en la vecina Comuna 12.<\/strong><\/p>\n<p><img loading=\"lazy\" decoding=\"async\" data-attachment-id=\"5334\" data-permalink=\"https:\/\/www.comuna13online.com.ar\/?attachment_id=5334\" data-orig-file=\"https:\/\/www.comuna13online.com.ar\/wp-content\/uploads\/2019\/05\/20190523a1.jpg\" data-orig-size=\"678,411\" data-comments-opened=\"0\" data-image-meta=\"{&quot;aperture&quot;:&quot;0&quot;,&quot;credit&quot;:&quot;&quot;,&quot;camera&quot;:&quot;&quot;,&quot;caption&quot;:&quot;&quot;,&quot;created_timestamp&quot;:&quot;0&quot;,&quot;copyright&quot;:&quot;&quot;,&quot;focal_length&quot;:&quot;0&quot;,&quot;iso&quot;:&quot;0&quot;,&quot;shutter_speed&quot;:&quot;0&quot;,&quot;title&quot;:&quot;&quot;,&quot;orientation&quot;:&quot;0&quot;}\" data-image-title=\"20190523a1\" data-image-description=\"\" data-image-caption=\"\" data-large-file=\"https:\/\/www.comuna13online.com.ar\/wp-content\/uploads\/2019\/05\/20190523a1.jpg\" class=\"alignnone size-full wp-image-5334\" src=\"http:\/\/www.comuna13online.com.ar\/wp-content\/uploads\/2019\/05\/20190523a1.jpg\" alt=\"\" width=\"678\" height=\"411\" \/><\/p>\n<p>El domingo 25 de agosto los vecinos de la comuna 13 dispondremos de un m\u00f3vil de atenci\u00f3n cl\u00ednica veterinaria gratuita del Gobierno de la Ciudad en la Plaza Alberdi\u00a0 de nuestra vecina Comuna 12. (Av. Cris\u00f3logo Larralde y Gral. Mariano Acha).<\/p>\n<p>El horario de atenci\u00f3n del m\u00f3vil para ma\u00f1ana es de 10:30 a 17:30 horas. En las unidades de atenci\u00f3n veterinaria se realizan atenciones cl\u00ednicas\u00a0 y se otorgan turnos para castraciones gratuitas. Recomendamos asistir temprano ya que los cupos son limitados.<\/p>\n<p>La unidad m\u00f3vil veterinaria brinda un servicio de castraciones y atenciones cl\u00ednicas veterinarias gratuitas, para realizar la castraci\u00f3n de una mascota, los veterinarios le realizar\u00e1n un examen cl\u00ednico preoperatorio y, en caso de estar apta para la cirug\u00eda, te dar\u00e1n un turno para los pr\u00f3ximos d\u00edas en el mismo lugar.<\/p>\n<p>No olvidar informar al veterinario si la mascota recibe alguna medicaci\u00f3n y\/o tratamiento o si tiene alguna enfermedad, se recomienda llevar estudios veterinarios previos.<\/p>\n<p><strong>Requisitos para la castraci\u00f3n:<\/strong><\/p>\n<ul>\n<li>La mascota debe estar acompa\u00f1ada por un mayor de 18 a\u00f1os, el procedimiento suele demorar toda una ma\u00f1ana.<\/li>\n<li>El d\u00eda de la cirug\u00eda, la mascota debe llegar con un ayuno de 12 horas sin alimento y 3 horas sin l\u00edquidos.<\/li>\n<li>La mascota debe tener collar y correa si es un perro. En el caso de un gato, debe trasladarse en una transportadora.<\/li>\n<li>Es importante traer una manta para abrigar a la mascota luego de la cirug\u00eda.<\/li>\n<\/ul>\n<p><strong>Beneficios de la castraci\u00f3n de las mascotas:<\/strong><\/p>\n<ul>\n<li>En hembras evita la aparici\u00f3n de tumores y quistes ov\u00e1ricos, pseudopre\u00f1ez y pseudolactancia. Adem\u00e1s, previene enfermedades del \u00fatero y de transmisi\u00f3n sexual.<\/li>\n<li>Evita fugas por hembras en celo y peleas entre machos.<\/li>\n<li>Previene ciertos problemas de comportamiento y el rociado de orina en gatos.<\/li>\n<li>En machos evita tumores testiculares y previene patolog\u00edas prost\u00e1ticas, adem\u00e1s de enfermedades de transmisi\u00f3n sexual.<\/li>\n<\/ul>\n<p><img loading=\"lazy\" decoding=\"async\" data-attachment-id=\"99\" data-permalink=\"https:\/\/www.comuna13online.com.ar\/?attachment_id=99\" data-orig-file=\"https:\/\/www.comuna13online.com.ar\/wp-content\/uploads\/2017\/12\/line.jpg\" data-orig-size=\"678,1\" data-comments-opened=\"0\" data-image-meta=\"{&quot;aperture&quot;:&quot;0&quot;,&quot;credit&quot;:&quot;&quot;,&quot;camera&quot;:&quot;&quot;,&quot;caption&quot;:&quot;&quot;,&quot;created_timestamp&quot;:&quot;0&quot;,&quot;copyright&quot;:&quot;&quot;,&quot;focal_length&quot;:&quot;0&quot;,&quot;iso&quot;:&quot;0&quot;,&quot;shutter_speed&quot;:&quot;0&quot;,&quot;title&quot;:&quot;&quot;,&quot;orientation&quot;:&quot;0&quot;}\" data-image-title=\"line\" data-image-description=\"\" data-image-caption=\"\" data-large-file=\"https:\/\/www.comuna13online.com.ar\/wp-content\/uploads\/2017\/12\/line.jpg\" class=\"alignnone size-full wp-image-99\" src=\"http:\/\/www.comuna13online.com.ar\/wp-content\/uploads\/2017\/12\/line.jpg\" alt=\"\" width=\"678\" height=\"1\" srcset=\"https:\/\/www.comuna13online.com.ar\/wp-content\/uploads\/2017\/12\/line.jpg 678w, https:\/\/www.comuna13online.com.ar\/wp-content\/uploads\/2017\/12\/line-150x1.jpg 150w, https:\/\/www.comuna13online.com.ar\/wp-content\/uploads\/2017\/12\/line-326x1.jpg 326w, https:\/\/www.comuna13online.com.ar\/wp-content\/uploads\/2017\/12\/line-80x1.jpg 80w, https:\/\/www.comuna13online.com.ar\/wp-content\/uploads\/2017\/12\/line-272x1.jpg 272w\" sizes=\"auto, (max-width: 678px) 100vw, 678px\" \/><\/p>\n<p>Domingo 25 de agosto<strong><br \/>\nPlaza Alberdi<\/strong><br \/>\nAv. Crisologo Larralde y Mariano Acha<br \/>\nComuna 12<\/p>\n<p><iframe loading=\"lazy\" style=\"border: 0;\" src=\"https:\/\/www.google.com\/maps\/embed?pb=!1m18!1m12!1m3!1d3285.7194581510225!2d-58.48884480410005!3d-34.560657866063295!2m3!1f0!2f0!3f0!3m2!1i1024!2i768!4f13.1!3m3!1m2!1s0x0%3A0xeb819f989057216!2sPlaza+Alberdi!5e0!3m2!1ses!2sar!4v1566476663441!5m2!1ses!2sar\" width=\"678\" height=\"500\" frameborder=\"0\" allowfullscreen=\"allowfullscreen\"><\/iframe><\/p>\n<p><strong>Transportes Cercanos:<\/strong><br \/>\nColectivos: 41, 71, 93 y 110.<\/p>\n<p><strong>M\u00e1s informaci\u00f3n en<\/strong>:<\/p>\n<p>Mascotas de la ciudad:\u00a0<a href=\"http:\/\/www.buenosaires.gob.ar\/mascotas\" target=\"_blank\" rel=\"noopener noreferrer\">www.buenosaires.gob.ar\/mascotas<\/a><br \/>\nFacebook:\u00a0<a href=\"http:\/\/www.facebook.com\/BAmascotas\" target=\"_blank\" rel=\"noopener noreferrer\">www.facebook.com\/BAmascotas<\/a><\/p>\n","protected":false},"excerpt":{"rendered":"<div class=\"mh-excerpt\">El Gobierno brinda un servicio de modernos m\u00f3viles veterinarios que recorren las 15 comunas realizando atenciones veterinarias gratuitas. El domingo atienden en el barrio Saveedra en la vecina Comuna 12. <a class=\"mh-excerpt-more\" href=\"https:\/\/www.comuna13online.com.ar\/?p=6527\" title=\"El domingo habr\u00e1 atenci\u00f3n veterinaria gratuita en Saavedra\">[&#8230;]<\/a><\/div>\n","protected":false},"author":1,"featured_media":6378,"comment_status":"closed","ping_status":"closed","sticky":false,"template":"","format":"standard","meta":{"_uag_custom_page_level_css":"","_jetpack_memberships_contains_paid_content":false,"footnotes":"","jetpack_publicize_message":"El domingo habr\u00e1 atenci\u00f3n veterinaria gratuita en Saavedra #Mascotas","jetpack_publicize_feature_enabled":true,"jetpack_social_post_already_shared":true,"jetpack_social_options":{"image_generator_settings":{"template":"highway","default_image_id":0,"font":"","enabled":false},"version":2}},"categories":[39],"tags":[27],"class_list":{"0":"post-6527","1":"post","2":"type-post","3":"status-publish","4":"format-standard","5":"has-post-thumbnail","7":"category-mascotas","8":"tag-mascotas"},"jetpack_publicize_connections":[],"jetpack_featured_media_url":"https:\/\/www.comuna13online.com.ar\/wp-content\/uploads\/2019\/08\/20190808b.jpg","uagb_featured_image_src":{"full":["https:\/\/www.comuna13online.com.ar\/wp-content\/uploads\/2019\/08\/20190808b.jpg",1030,438,false],"thumbnail":["https:\/\/www.comuna13online.com.ar\/wp-content\/uploads\/2019\/08\/20190808b-150x150.jpg",96,96,true],"medium":["https:\/\/www.comuna13online.com.ar\/wp-content\/uploads\/2019\/08\/20190808b-678x288.jpg",678,288,true],"medium_large":["https:\/\/www.comuna13online.com.ar\/wp-content\/uploads\/2019\/08\/20190808b-768x327.jpg",768,327,true],"large":["https:\/\/www.comuna13online.com.ar\/wp-content\/uploads\/2019\/08\/20190808b.jpg",1030,438,false],"1536x1536":["https:\/\/www.comuna13online.com.ar\/wp-content\/uploads\/2019\/08\/20190808b.jpg",1030,438,false],"2048x2048":["https:\/\/www.comuna13online.com.ar\/wp-content\/uploads\/2019\/08\/20190808b.jpg",1030,438,false],"mh-magazine-slider":["https:\/\/www.comuna13online.com.ar\/wp-content\/uploads\/2019\/08\/20190808b.jpg",1030,438,false],"mh-magazine-content":["https:\/\/www.comuna13online.com.ar\/wp-content\/uploads\/2019\/08\/20190808b-678x381.jpg",678,381,true],"mh-magazine-large":["https:\/\/www.comuna13online.com.ar\/wp-content\/uploads\/2019\/08\/20190808b-678x438.jpg",678,438,true],"mh-magazine-medium":["https:\/\/www.comuna13online.com.ar\/wp-content\/uploads\/2019\/08\/20190808b-326x245.jpg",326,245,true],"mh-magazine-small":["https:\/\/www.comuna13online.com.ar\/wp-content\/uploads\/2019\/08\/20190808b-80x60.jpg",80,60,true],"sow-carousel-default":["https:\/\/www.comuna13online.com.ar\/wp-content\/uploads\/2019\/08\/20190808b-272x182.jpg",272,182,true]},"uagb_author_info":{"display_name":"Comuna13","author_link":"https:\/\/www.comuna13online.com.ar\/?author=1"},"uagb_comment_info":0,"uagb_excerpt":"El Gobierno brinda un servicio de modernos m\u00f3viles veterinarios que recorren las 15 comunas realizando atenciones veterinarias gratuitas. El domingo atienden en el barrio Saveedra en la vecina Comuna 12. [...]","jetpack_sharing_enabled":true,"_links":{"self":[{"href":"https:\/\/www.comuna13online.com.ar\/index.php?rest_route=\/wp\/v2\/posts\/6527","targetHints":{"allow":["GET"]}}],"collection":[{"href":"https:\/\/www.comuna13online.com.ar\/index.php?rest_route=\/wp\/v2\/posts"}],"about":[{"href":"https:\/\/www.comuna13online.com.ar\/index.php?rest_route=\/wp\/v2\/types\/post"}],"author":[{"embeddable":true,"href":"https:\/\/www.comuna13online.com.ar\/index.php?rest_route=\/wp\/v2\/users\/1"}],"replies":[{"embeddable":true,"href":"https:\/\/www.comuna13online.com.ar\/index.php?rest_route=%2Fwp%2Fv2%2Fcomments&post=6527"}],"version-history":[{"count":0,"href":"https:\/\/www.comuna13online.com.ar\/index.php?rest_route=\/wp\/v2\/posts\/6527\/revisions"}],"wp:featuredmedia":[{"embeddable":true,"href":"https:\/\/www.comuna13online.com.ar\/index.php?rest_route=\/wp\/v2\/media\/6378"}],"wp:attachment":[{"href":"https:\/\/www.comuna13online.com.ar\/index.php?rest_route=%2Fwp%2Fv2%2Fmedia&parent=6527"}],"wp:term":[{"taxonomy":"category","embeddable":true,"href":"https:\/\/www.comuna13online.com.ar\/index.php?rest_route=%2Fwp%2Fv2%2Fcategories&post=6527"},{"taxonomy":"post_tag","embeddable":true,"href":"https:\/\/www.comuna13online.com.ar\/index.php?rest_route=%2Fwp%2Fv2%2Ftags&post=6527"}],"curies":[{"name":"wp","href":"https:\/\/api.w.org\/{rel}","templated":true}]}}