{"id":6497,"date":"2019-08-21T13:27:20","date_gmt":"2019-08-21T16:27:20","guid":{"rendered":"http:\/\/www.comuna13online.com.ar\/?p=6497"},"modified":"2019-08-21T18:54:24","modified_gmt":"2019-08-21T21:54:24","slug":"estacionamiento-publico-para-motos-en-belgrano","status":"publish","type":"post","link":"https:\/\/www.comuna13online.com.ar\/?p=6497","title":{"rendered":"Estacionamiento p\u00fablico para motos en Belgrano"},"content":{"rendered":"<p><strong>Semanas atr\u00e1s el Gobierno porte\u00f1o inform\u00f3 que llevar\u00e1 adelante una prueba piloto de estacionamiento p\u00fablico exclusivo para motos y Belgrano fue uno de los barrios elegidos para implementar la prueba.<\/strong><\/p>\n<p><img loading=\"lazy\" decoding=\"async\" data-attachment-id=\"6499\" data-permalink=\"https:\/\/www.comuna13online.com.ar\/?attachment_id=6499\" data-orig-file=\"https:\/\/www.comuna13online.com.ar\/wp-content\/uploads\/2019\/08\/20190821b2.gif\" data-orig-size=\"678,251\" data-comments-opened=\"0\" data-image-meta=\"{&quot;aperture&quot;:&quot;0&quot;,&quot;credit&quot;:&quot;&quot;,&quot;camera&quot;:&quot;&quot;,&quot;caption&quot;:&quot;&quot;,&quot;created_timestamp&quot;:&quot;0&quot;,&quot;copyright&quot;:&quot;&quot;,&quot;focal_length&quot;:&quot;0&quot;,&quot;iso&quot;:&quot;0&quot;,&quot;shutter_speed&quot;:&quot;0&quot;,&quot;title&quot;:&quot;&quot;,&quot;orientation&quot;:&quot;0&quot;}\" data-image-title=\"20190821b2\" data-image-description=\"\" data-image-caption=\"\" data-large-file=\"https:\/\/www.comuna13online.com.ar\/wp-content\/uploads\/2019\/08\/20190821b2.gif\" class=\"alignnone size-full wp-image-6499\" src=\"http:\/\/www.comuna13online.com.ar\/wp-content\/uploads\/2019\/08\/20190821b2.gif\" alt=\"\" width=\"678\" height=\"251\" \/><\/p>\n<p>El Gobierno de la Ciudad busca busca implementar estacionamiento p\u00fablico exclusivo para motos en las calles porte\u00f1as, en ese contexto, el barrio Belgrano de nuestra comuna, junto con Monserrat, Recoleta y Villa Riachuelo fueron seleccionados para la realizar las primeras pruebas.<\/p>\n<p>Estos nuevos estacionamientos exclusivos para motos estar\u00e1n estar\u00e1n se\u00f1alizados a partir de cajones naranja instalados dentro de las zonas con gran concentraci\u00f3n de motociclistas. los \u00faltimos 5 metros de cada cuadra, ser\u00e1n destinados para estos espacios, en principio habr\u00e1 unos 200 disponibles para estacionar.\u00a0Con esta medida, el gobierno busca mejorar y ordenar el espacio p\u00fablico.<\/p>\n<p>Para la puesta en marcha de esta prueba se tuvo en cuenta las zonas m\u00e1s complejas en relaci\u00f3n con el estacionamiento indebido de motos. Adem\u00e1s, estas medidas fueron el resultado de una serie de consultas realizadas con vecinos y motociclistas. Luego de la implementaci\u00f3n de esta prueba piloto, la intenci\u00f3n es extender la experiencia a m\u00e1s barrios.<\/p>\n<p>En lo que implica a nuestra comuna, los nuevos lugares se instalar\u00e1n en la zona c\u00e9ntrica de Belgrano, se dise\u00f1\u00f3 un pol\u00edgono delimitado por las calles Mendoza, Vuelta de Obligado, Echeverr\u00eda y Amen\u00e1bar, donde se instalar\u00e1n 11 cajones naranjas de estacionamiento para un total de 44 motos.<\/p>\n<p><img loading=\"lazy\" decoding=\"async\" data-attachment-id=\"6500\" data-permalink=\"https:\/\/www.comuna13online.com.ar\/?attachment_id=6500\" data-orig-file=\"https:\/\/www.comuna13online.com.ar\/wp-content\/uploads\/2019\/08\/20190821b3.jpg\" data-orig-size=\"678,570\" data-comments-opened=\"0\" data-image-meta=\"{&quot;aperture&quot;:&quot;0&quot;,&quot;credit&quot;:&quot;&quot;,&quot;camera&quot;:&quot;&quot;,&quot;caption&quot;:&quot;&quot;,&quot;created_timestamp&quot;:&quot;0&quot;,&quot;copyright&quot;:&quot;&quot;,&quot;focal_length&quot;:&quot;0&quot;,&quot;iso&quot;:&quot;0&quot;,&quot;shutter_speed&quot;:&quot;0&quot;,&quot;title&quot;:&quot;&quot;,&quot;orientation&quot;:&quot;0&quot;}\" data-image-title=\"20190821b3\" data-image-description=\"\" data-image-caption=\"\" data-large-file=\"https:\/\/www.comuna13online.com.ar\/wp-content\/uploads\/2019\/08\/20190821b3-521x438.jpg\" class=\"alignnone size-full wp-image-6500\" src=\"http:\/\/www.comuna13online.com.ar\/wp-content\/uploads\/2019\/08\/20190821b3.jpg\" alt=\"\" width=\"678\" height=\"570\" srcset=\"https:\/\/www.comuna13online.com.ar\/wp-content\/uploads\/2019\/08\/20190821b3.jpg 678w, https:\/\/www.comuna13online.com.ar\/wp-content\/uploads\/2019\/08\/20190821b3-538x452.jpg 538w, https:\/\/www.comuna13online.com.ar\/wp-content\/uploads\/2019\/08\/20190821b3-521x438.jpg 521w\" sizes=\"auto, (max-width: 678px) 100vw, 678px\" \/><\/p>\n<p>La idea del gobierno porte\u00f1o es colocar estos estacionamientos y estudiar el comportamiento de los motociclistas. Se observar\u00e1 la adaptaci\u00f3n a esta nueva norma, y se reforzar\u00e1n los controles. Si la experiencia es positiva se sumar\u00e1n m\u00e1s sitios exclusivos en otros barrios de la ciudad.<\/p>\n<p>La ley de tr\u00e1nsito dictamina que las motos deben cumplir con las mismas normas que los autos; deben estacionarse en forma paralela al cord\u00f3n, sobre la calzada, a menos que existan sectores delimitados exclusivos (los nuevos cajones naranjas). Por supuesto, se excluye a los veh\u00edculos que hagan entregas a domicilio de mercader\u00eda; los mismos pueden acceder al lugar de destino por la acera.<\/p>\n","protected":false},"excerpt":{"rendered":"<div class=\"mh-excerpt\">Semanas atr\u00e1s el Gobierno porte\u00f1o inform\u00f3 que llevar\u00e1 adelante una prueba piloto de estacionamiento p\u00fablico exclusivo para motos y Belgrano fue uno de los barrios elegidos para implementar la prueba. <a class=\"mh-excerpt-more\" href=\"https:\/\/www.comuna13online.com.ar\/?p=6497\" title=\"Estacionamiento p\u00fablico para motos en Belgrano\">[&#8230;]<\/a><\/div>\n","protected":false},"author":1,"featured_media":6498,"comment_status":"closed","ping_status":"closed","sticky":false,"template":"","format":"standard","meta":{"_uag_custom_page_level_css":"","_jetpack_memberships_contains_paid_content":false,"footnotes":"","jetpack_publicize_message":"Estacionamiento p\u00fablico para motos en Belgrano #Transito","jetpack_publicize_feature_enabled":true,"jetpack_social_post_already_shared":true,"jetpack_social_options":{"image_generator_settings":{"template":"highway","default_image_id":0,"font":"","enabled":false},"version":2}},"categories":[53],"tags":[19,246,54],"class_list":{"0":"post-6497","1":"post","2":"type-post","3":"status-publish","4":"format-standard","5":"has-post-thumbnail","7":"category-transito","8":"tag-comuna-13","9":"tag-h1","10":"tag-transito"},"jetpack_publicize_connections":[],"jetpack_featured_media_url":"https:\/\/www.comuna13online.com.ar\/wp-content\/uploads\/2019\/08\/20190821b.jpg","uagb_featured_image_src":{"full":["https:\/\/www.comuna13online.com.ar\/wp-content\/uploads\/2019\/08\/20190821b.jpg",1030,438,false],"thumbnail":["https:\/\/www.comuna13online.com.ar\/wp-content\/uploads\/2019\/08\/20190821b-150x150.jpg",96,96,true],"medium":["https:\/\/www.comuna13online.com.ar\/wp-content\/uploads\/2019\/08\/20190821b-678x288.jpg",678,288,true],"medium_large":["https:\/\/www.comuna13online.com.ar\/wp-content\/uploads\/2019\/08\/20190821b-768x327.jpg",768,327,true],"large":["https:\/\/www.comuna13online.com.ar\/wp-content\/uploads\/2019\/08\/20190821b.jpg",1030,438,false],"1536x1536":["https:\/\/www.comuna13online.com.ar\/wp-content\/uploads\/2019\/08\/20190821b.jpg",1030,438,false],"2048x2048":["https:\/\/www.comuna13online.com.ar\/wp-content\/uploads\/2019\/08\/20190821b.jpg",1030,438,false],"mh-magazine-slider":["https:\/\/www.comuna13online.com.ar\/wp-content\/uploads\/2019\/08\/20190821b.jpg",1030,438,false],"mh-magazine-content":["https:\/\/www.comuna13online.com.ar\/wp-content\/uploads\/2019\/08\/20190821b-678x381.jpg",678,381,true],"mh-magazine-large":["https:\/\/www.comuna13online.com.ar\/wp-content\/uploads\/2019\/08\/20190821b-678x438.jpg",678,438,true],"mh-magazine-medium":["https:\/\/www.comuna13online.com.ar\/wp-content\/uploads\/2019\/08\/20190821b-326x245.jpg",326,245,true],"mh-magazine-small":["https:\/\/www.comuna13online.com.ar\/wp-content\/uploads\/2019\/08\/20190821b-80x60.jpg",80,60,true],"sow-carousel-default":["https:\/\/www.comuna13online.com.ar\/wp-content\/uploads\/2019\/08\/20190821b-272x182.jpg",272,182,true]},"uagb_author_info":{"display_name":"Comuna13","author_link":"https:\/\/www.comuna13online.com.ar\/?author=1"},"uagb_comment_info":0,"uagb_excerpt":"Semanas atr\u00e1s el Gobierno porte\u00f1o inform\u00f3 que llevar\u00e1 adelante una prueba piloto de estacionamiento p\u00fablico exclusivo para motos y Belgrano fue uno de los barrios elegidos para implementar la prueba. [...]","jetpack_sharing_enabled":true,"_links":{"self":[{"href":"https:\/\/www.comuna13online.com.ar\/index.php?rest_route=\/wp\/v2\/posts\/6497","targetHints":{"allow":["GET"]}}],"collection":[{"href":"https:\/\/www.comuna13online.com.ar\/index.php?rest_route=\/wp\/v2\/posts"}],"about":[{"href":"https:\/\/www.comuna13online.com.ar\/index.php?rest_route=\/wp\/v2\/types\/post"}],"author":[{"embeddable":true,"href":"https:\/\/www.comuna13online.com.ar\/index.php?rest_route=\/wp\/v2\/users\/1"}],"replies":[{"embeddable":true,"href":"https:\/\/www.comuna13online.com.ar\/index.php?rest_route=%2Fwp%2Fv2%2Fcomments&post=6497"}],"version-history":[{"count":0,"href":"https:\/\/www.comuna13online.com.ar\/index.php?rest_route=\/wp\/v2\/posts\/6497\/revisions"}],"wp:featuredmedia":[{"embeddable":true,"href":"https:\/\/www.comuna13online.com.ar\/index.php?rest_route=\/wp\/v2\/media\/6498"}],"wp:attachment":[{"href":"https:\/\/www.comuna13online.com.ar\/index.php?rest_route=%2Fwp%2Fv2%2Fmedia&parent=6497"}],"wp:term":[{"taxonomy":"category","embeddable":true,"href":"https:\/\/www.comuna13online.com.ar\/index.php?rest_route=%2Fwp%2Fv2%2Fcategories&post=6497"},{"taxonomy":"post_tag","embeddable":true,"href":"https:\/\/www.comuna13online.com.ar\/index.php?rest_route=%2Fwp%2Fv2%2Ftags&post=6497"}],"curies":[{"name":"wp","href":"https:\/\/api.w.org\/{rel}","templated":true}]}}