{"id":6488,"date":"2019-08-20T05:00:25","date_gmt":"2019-08-20T08:00:25","guid":{"rendered":"http:\/\/www.comuna13online.com.ar\/?p=6488"},"modified":"2019-08-20T13:04:36","modified_gmt":"2019-08-20T16:04:36","slug":"la-ciudad-adhirio-al-compromiso-global-para-la-nueva-economia-de-los-plasticos","status":"publish","type":"post","link":"https:\/\/www.comuna13online.com.ar\/?p=6488","title":{"rendered":"La Ciudad adhiri\u00f3 al Compromiso Global para la nueva econom\u00eda de los pl\u00e1sticos"},"content":{"rendered":"<p><strong>Reafirma la pol\u00edtica ambiental contra el uso de pl\u00e1sticos que lleva adelante el Gobierno porte\u00f1o que busca reducir la poluci\u00f3n, a principios de 2018 limit\u00f3 el uso de bolsas pl\u00e1sticas.<\/strong><\/p>\n<p><img loading=\"lazy\" decoding=\"async\" data-attachment-id=\"6489\" data-permalink=\"https:\/\/www.comuna13online.com.ar\/?attachment_id=6489\" data-orig-file=\"https:\/\/www.comuna13online.com.ar\/wp-content\/uploads\/2019\/08\/20190820b1.jpg\" data-orig-size=\"678,424\" data-comments-opened=\"0\" data-image-meta=\"{&quot;aperture&quot;:&quot;0&quot;,&quot;credit&quot;:&quot;&quot;,&quot;camera&quot;:&quot;&quot;,&quot;caption&quot;:&quot;&quot;,&quot;created_timestamp&quot;:&quot;0&quot;,&quot;copyright&quot;:&quot;&quot;,&quot;focal_length&quot;:&quot;0&quot;,&quot;iso&quot;:&quot;0&quot;,&quot;shutter_speed&quot;:&quot;0&quot;,&quot;title&quot;:&quot;&quot;,&quot;orientation&quot;:&quot;0&quot;}\" data-image-title=\"20190820b1\" data-image-description=\"\" data-image-caption=\"\" data-large-file=\"https:\/\/www.comuna13online.com.ar\/wp-content\/uploads\/2019\/08\/20190820b1.jpg\" class=\"alignnone size-full wp-image-6489\" src=\"http:\/\/www.comuna13online.com.ar\/wp-content\/uploads\/2019\/08\/20190820b1.jpg\" alt=\"\" width=\"678\" height=\"424\" \/><\/p>\n<p>La Ciudad de Buenos Aires se adhiri\u00f3 al Compromiso Global para la nueva Econom\u00eda de los Pl\u00e1sticos, liderado por la Fundaci\u00f3n de Econom\u00eda Circular Ellen Mac Arthur y el Programa de Naciones Unidas para el Medio Ambiente (PNUMA). Esta alianza se llev\u00f3 a cabo a trav\u00e9s de la Agencia de Protecci\u00f3n Ambiental (APrA), que depende del Ministerio de Ambiente y Espacio P\u00fablico porte\u00f1o.<\/p>\n<p><em>\u201cAsumimos este compromiso global que apunta a reducir y reciclar los materiales pl\u00e1sticos que se consumen. Esta medida se suma a otras que ya venimos implementando en la Ciudad con excelentes resultados\u201d<\/em> expres\u00f3 Eduardo Macchiavelli, Ministro de la cartera.<\/p>\n<p>El objetivo de este convenio es reducir la generaci\u00f3n de pl\u00e1sticos y combatir la poluci\u00f3n. La decisi\u00f3n de sumarse y asumir esta responsabilidad se sustenta en las acciones que la Ciudad viene llevando a cabo para reducir el impacto del pl\u00e1stico en la vida cotidiana, como la prohibici\u00f3n de entregar bolsas pl\u00e1sticas de un solo uso y sorbetes pl\u00e1sticos.<\/p>\n<p>La entrega de bolsas pl\u00e1sticas de un solo uso en supermercados, hipermercados y autoservicios entr\u00f3 en vigencia en enero de 2017. Desde entonces, se evit\u00f3 que m\u00e1s de 500 millones de bolsas por a\u00f1o terminen en rellenos sanitarios o en los desag\u00fces pluviales.<\/p>\n<p>En cuanto a los sorbetes pl\u00e1sticos, la prohibici\u00f3n entr\u00f3 en vigencia en mayo de este a\u00f1o y alcanza a comercios, locales bailables, hoteles de 4 y 5 estrellas y shoppings, entre otros. Se estima que s\u00f3lo en los patios de comidas de los shoppings se entregan 2 millones de sorbetes por mes los que -al igual que las bolsas-, terminan su vida \u00fatil en los cursos de agua, los desag\u00fces pluviales o enredados en \u00e1rboles y plantas.<\/p>\n<p>En cuanto al compromiso global asumido, consta de una serie de acciones tendientes a disminuir el uso de algunos pl\u00e1sticos \u201cde un solo uso\u201d, entre las que se cuenta aumentar la tasa de reciclado; redise\u00f1ar e innovar tanto en los productos como en los servicios -por ejemplo incorporar nuevos modelos de \u201centrega a domicilio\u201d-; fomentar el consumo de bebidas y alimentos con vajilla reutilizable y no descartable; o buscar incentivos para recuperar los pl\u00e1sticos ampliando ese mercado en Argentina.<\/p>\n","protected":false},"excerpt":{"rendered":"<div class=\"mh-excerpt\">Reafirma la pol\u00edtica ambiental contra el uso de pl\u00e1sticos que lleva adelante el Gobierno porte\u00f1o que busca reducir la poluci\u00f3n, a principios de 2018 limit\u00f3 el uso de bolsas pl\u00e1sticas. <a class=\"mh-excerpt-more\" href=\"https:\/\/www.comuna13online.com.ar\/?p=6488\" title=\"La Ciudad adhiri\u00f3 al Compromiso Global para la nueva econom\u00eda de los pl\u00e1sticos\">[&#8230;]<\/a><\/div>\n","protected":false},"author":1,"featured_media":6490,"comment_status":"closed","ping_status":"closed","sticky":false,"template":"","format":"standard","meta":{"_uag_custom_page_level_css":"","_jetpack_memberships_contains_paid_content":false,"footnotes":"","jetpack_publicize_message":"","jetpack_publicize_feature_enabled":true,"jetpack_social_post_already_shared":true,"jetpack_social_options":{"image_generator_settings":{"template":"highway","default_image_id":0,"font":"","enabled":false},"version":2}},"categories":[22],"tags":[246,37],"class_list":{"0":"post-6488","1":"post","2":"type-post","3":"status-publish","4":"format-standard","5":"has-post-thumbnail","7":"category-medio-ambiente","8":"tag-h1","9":"tag-medio-ambiente"},"jetpack_publicize_connections":[],"jetpack_featured_media_url":"https:\/\/www.comuna13online.com.ar\/wp-content\/uploads\/2019\/08\/20190820b.jpg","uagb_featured_image_src":{"full":["https:\/\/www.comuna13online.com.ar\/wp-content\/uploads\/2019\/08\/20190820b.jpg",1030,438,false],"thumbnail":["https:\/\/www.comuna13online.com.ar\/wp-content\/uploads\/2019\/08\/20190820b-150x150.jpg",96,96,true],"medium":["https:\/\/www.comuna13online.com.ar\/wp-content\/uploads\/2019\/08\/20190820b-678x288.jpg",678,288,true],"medium_large":["https:\/\/www.comuna13online.com.ar\/wp-content\/uploads\/2019\/08\/20190820b-768x327.jpg",768,327,true],"large":["https:\/\/www.comuna13online.com.ar\/wp-content\/uploads\/2019\/08\/20190820b.jpg",1030,438,false],"1536x1536":["https:\/\/www.comuna13online.com.ar\/wp-content\/uploads\/2019\/08\/20190820b.jpg",1030,438,false],"2048x2048":["https:\/\/www.comuna13online.com.ar\/wp-content\/uploads\/2019\/08\/20190820b.jpg",1030,438,false],"mh-magazine-slider":["https:\/\/www.comuna13online.com.ar\/wp-content\/uploads\/2019\/08\/20190820b.jpg",1030,438,false],"mh-magazine-content":["https:\/\/www.comuna13online.com.ar\/wp-content\/uploads\/2019\/08\/20190820b-678x381.jpg",678,381,true],"mh-magazine-large":["https:\/\/www.comuna13online.com.ar\/wp-content\/uploads\/2019\/08\/20190820b-678x438.jpg",678,438,true],"mh-magazine-medium":["https:\/\/www.comuna13online.com.ar\/wp-content\/uploads\/2019\/08\/20190820b-326x245.jpg",326,245,true],"mh-magazine-small":["https:\/\/www.comuna13online.com.ar\/wp-content\/uploads\/2019\/08\/20190820b-80x60.jpg",80,60,true],"sow-carousel-default":["https:\/\/www.comuna13online.com.ar\/wp-content\/uploads\/2019\/08\/20190820b-272x182.jpg",272,182,true]},"uagb_author_info":{"display_name":"Comuna13","author_link":"https:\/\/www.comuna13online.com.ar\/?author=1"},"uagb_comment_info":0,"uagb_excerpt":"Reafirma la pol\u00edtica ambiental contra el uso de pl\u00e1sticos que lleva adelante el Gobierno porte\u00f1o que busca reducir la poluci\u00f3n, a principios de 2018 limit\u00f3 el uso de bolsas pl\u00e1sticas. [...]","jetpack_sharing_enabled":true,"_links":{"self":[{"href":"https:\/\/www.comuna13online.com.ar\/index.php?rest_route=\/wp\/v2\/posts\/6488","targetHints":{"allow":["GET"]}}],"collection":[{"href":"https:\/\/www.comuna13online.com.ar\/index.php?rest_route=\/wp\/v2\/posts"}],"about":[{"href":"https:\/\/www.comuna13online.com.ar\/index.php?rest_route=\/wp\/v2\/types\/post"}],"author":[{"embeddable":true,"href":"https:\/\/www.comuna13online.com.ar\/index.php?rest_route=\/wp\/v2\/users\/1"}],"replies":[{"embeddable":true,"href":"https:\/\/www.comuna13online.com.ar\/index.php?rest_route=%2Fwp%2Fv2%2Fcomments&post=6488"}],"version-history":[{"count":0,"href":"https:\/\/www.comuna13online.com.ar\/index.php?rest_route=\/wp\/v2\/posts\/6488\/revisions"}],"wp:featuredmedia":[{"embeddable":true,"href":"https:\/\/www.comuna13online.com.ar\/index.php?rest_route=\/wp\/v2\/media\/6490"}],"wp:attachment":[{"href":"https:\/\/www.comuna13online.com.ar\/index.php?rest_route=%2Fwp%2Fv2%2Fmedia&parent=6488"}],"wp:term":[{"taxonomy":"category","embeddable":true,"href":"https:\/\/www.comuna13online.com.ar\/index.php?rest_route=%2Fwp%2Fv2%2Fcategories&post=6488"},{"taxonomy":"post_tag","embeddable":true,"href":"https:\/\/www.comuna13online.com.ar\/index.php?rest_route=%2Fwp%2Fv2%2Ftags&post=6488"}],"curies":[{"name":"wp","href":"https:\/\/api.w.org\/{rel}","templated":true}]}}