{"id":6477,"date":"2019-08-16T05:00:12","date_gmt":"2019-08-16T08:00:12","guid":{"rendered":"http:\/\/www.comuna13online.com.ar\/?p=6477"},"modified":"2019-08-16T12:23:01","modified_gmt":"2019-08-16T15:23:01","slug":"en-septiembre-se-podra-conocer-el-horario-de-los-colectivos","status":"publish","type":"post","link":"https:\/\/www.comuna13online.com.ar\/?p=6477","title":{"rendered":"En septiembre se podr\u00e1 conocer el horario de los colectivos"},"content":{"rendered":"<p><strong>En principio ser\u00e1 aplicar\u00e1 mediante una aplicaci\u00f3n dise\u00f1ada para los tel\u00e9fonos celulares de los usuarios y luego se sumar\u00e1 nueva carteler\u00eda en las paradas del metrobus y centros de trasbordo.<\/strong><\/p>\n<p><img loading=\"lazy\" decoding=\"async\" data-attachment-id=\"6478\" data-permalink=\"https:\/\/www.comuna13online.com.ar\/?attachment_id=6478\" data-orig-file=\"https:\/\/www.comuna13online.com.ar\/wp-content\/uploads\/2019\/08\/20190816c2.jpg\" data-orig-size=\"678,452\" data-comments-opened=\"0\" data-image-meta=\"{&quot;aperture&quot;:&quot;0&quot;,&quot;credit&quot;:&quot;&quot;,&quot;camera&quot;:&quot;&quot;,&quot;caption&quot;:&quot;&quot;,&quot;created_timestamp&quot;:&quot;0&quot;,&quot;copyright&quot;:&quot;&quot;,&quot;focal_length&quot;:&quot;0&quot;,&quot;iso&quot;:&quot;0&quot;,&quot;shutter_speed&quot;:&quot;0&quot;,&quot;title&quot;:&quot;&quot;,&quot;orientation&quot;:&quot;0&quot;}\" data-image-title=\"20190816c2\" data-image-description=\"\" data-image-caption=\"\" data-large-file=\"https:\/\/www.comuna13online.com.ar\/wp-content\/uploads\/2019\/08\/20190816c2-657x438.jpg\" class=\"alignnone size-full wp-image-6478\" src=\"http:\/\/www.comuna13online.com.ar\/wp-content\/uploads\/2019\/08\/20190816c2.jpg\" alt=\"\" width=\"678\" height=\"452\" srcset=\"https:\/\/www.comuna13online.com.ar\/wp-content\/uploads\/2019\/08\/20190816c2.jpg 678w, https:\/\/www.comuna13online.com.ar\/wp-content\/uploads\/2019\/08\/20190816c2-657x438.jpg 657w, https:\/\/www.comuna13online.com.ar\/wp-content\/uploads\/2019\/08\/20190816c2-272x182.jpg 272w\" sizes=\"auto, (max-width: 678px) 100vw, 678px\" \/><\/p>\n<p>El sistema de arribo predictivo funcionar\u00e1 en toda la flota de transporte de colectivos porte\u00f1os el mes pr\u00f3ximo, una herramienta que permite al usuario contar con informaci\u00f3n en tiempo real para planificar los viajes y que en la actualidad est\u00e1 presente en el 75% de las unidades que transitan a diario por la Ciudad de Buenos Aires.<\/p>\n<p>El anuncio lo realiz\u00f3 el Jefe de Gobierno Horacio Rodr\u00edguez Larreta e inform\u00f3 que ya se est\u00e1 trabajando en 7240 colectivos de 101 l\u00edneas, aunque el objetivo apunta a alcanzar las 9709 unidades de las 137 l\u00edneas.<\/p>\n<p><em>\u201cLos beneficios de esta herramienta son la previsibilidad del viaje del pasajero, el ahorro de tiempo y la mayor seguridad. Tambi\u00e9n les permite a las empresas de transporte tener el control de la flota para hacer un mejor uso y manejo de la frecuencia\u201d<\/em>, sostuvo el Director de Implementaci\u00f3n y Seguimiento del Sistema \u00danico de Boleto Electr\u00f3nico (SUBE), Mariano Greco.<\/p>\n<p>Adem\u00e1s de la tecnolog\u00eda necesaria que deber\u00e1n incorporar las unidades para adherirse al arribo predictivo, el sistema contempla la colocaci\u00f3n de carteler\u00eda especial en los corredores de metrob\u00fas, centros de transbordo y corredores principales. Tambi\u00e9n, la instalaci\u00f3n de paradas inteligentes con la informaci\u00f3n que los vecinos necesitan para optimizar el tiempo de viaje y disminuir la espera en las paradas.<\/p>\n<p>El objetivo es contar, al finalizar el a\u00f1o, con 900 carteles instalados en la v\u00eda p\u00fablica. <em>\u201cLa informaci\u00f3n sobre los colectivos no solo se pondr\u00e1 a disposici\u00f3n a trav\u00e9s de la carteler\u00eda, sino que estar\u00e1 abierta para cualquier aplicaci\u00f3n m\u00f3vil que los usuarios utilizan a diario para movilizarse como Cu\u00e1ndo SUBO, BA C\u00f3mo Llego, Google Maps y Transit App\u201d<\/em>, explic\u00f3 el gerente operativo de Innovaci\u00f3n y Tecnolog\u00edas de Transporte porte\u00f1o, Hern\u00e1n Gonz\u00e1lez.<\/p>\n<p><img loading=\"lazy\" decoding=\"async\" data-attachment-id=\"6480\" data-permalink=\"https:\/\/www.comuna13online.com.ar\/?attachment_id=6480\" data-orig-file=\"https:\/\/www.comuna13online.com.ar\/wp-content\/uploads\/2019\/08\/20190816c1.jpg\" data-orig-size=\"678,456\" data-comments-opened=\"0\" data-image-meta=\"{&quot;aperture&quot;:&quot;0&quot;,&quot;credit&quot;:&quot;&quot;,&quot;camera&quot;:&quot;&quot;,&quot;caption&quot;:&quot;&quot;,&quot;created_timestamp&quot;:&quot;0&quot;,&quot;copyright&quot;:&quot;&quot;,&quot;focal_length&quot;:&quot;0&quot;,&quot;iso&quot;:&quot;0&quot;,&quot;shutter_speed&quot;:&quot;0&quot;,&quot;title&quot;:&quot;&quot;,&quot;orientation&quot;:&quot;0&quot;}\" data-image-title=\"20190816c1\" data-image-description=\"\" data-image-caption=\"\" data-large-file=\"https:\/\/www.comuna13online.com.ar\/wp-content\/uploads\/2019\/08\/20190816c1-651x438.jpg\" class=\"alignnone size-full wp-image-6480\" src=\"http:\/\/www.comuna13online.com.ar\/wp-content\/uploads\/2019\/08\/20190816c1.jpg\" alt=\"\" width=\"678\" height=\"456\" srcset=\"https:\/\/www.comuna13online.com.ar\/wp-content\/uploads\/2019\/08\/20190816c1.jpg 678w, https:\/\/www.comuna13online.com.ar\/wp-content\/uploads\/2019\/08\/20190816c1-672x452.jpg 672w, https:\/\/www.comuna13online.com.ar\/wp-content\/uploads\/2019\/08\/20190816c1-651x438.jpg 651w, https:\/\/www.comuna13online.com.ar\/wp-content\/uploads\/2019\/08\/20190816c1-272x182.jpg 272w\" sizes=\"auto, (max-width: 678px) 100vw, 678px\" \/><\/p>\n<p>La red metropolitana de transporte de colectivos suma m\u00e1s de once millones de viajes por d\u00eda y, si se agregan los movimientos en trenes y subtes, se\u00a0alcanzan los 14 millones en toda el \u00e1rea. En la Ciudad todos los d\u00edas se desplazan 1.600.000 autos, 10.000 taxis y los colectivos.<\/p>\n","protected":false},"excerpt":{"rendered":"<div class=\"mh-excerpt\">En principio ser\u00e1 aplicar\u00e1 mediante una aplicaci\u00f3n dise\u00f1ada para los tel\u00e9fonos celulares de los usuarios y luego se sumar\u00e1 nueva carteler\u00eda en las paradas del metrobus y centros de trasbordo. <a class=\"mh-excerpt-more\" href=\"https:\/\/www.comuna13online.com.ar\/?p=6477\" title=\"En septiembre se podr\u00e1 conocer el horario de los colectivos\">[&#8230;]<\/a><\/div>\n","protected":false},"author":1,"featured_media":6479,"comment_status":"closed","ping_status":"closed","sticky":false,"template":"","format":"standard","meta":{"_uag_custom_page_level_css":"","_jetpack_memberships_contains_paid_content":false,"footnotes":"","jetpack_publicize_message":"","jetpack_publicize_feature_enabled":true,"jetpack_social_post_already_shared":true,"jetpack_social_options":{"image_generator_settings":{"template":"highway","default_image_id":0,"font":"","enabled":false},"version":2}},"categories":[13],"tags":[15],"class_list":{"0":"post-6477","1":"post","2":"type-post","3":"status-publish","4":"format-standard","5":"has-post-thumbnail","7":"category-transporte","8":"tag-transporte"},"jetpack_publicize_connections":[],"jetpack_featured_media_url":"https:\/\/www.comuna13online.com.ar\/wp-content\/uploads\/2019\/08\/20190816c.jpg","uagb_featured_image_src":{"full":["https:\/\/www.comuna13online.com.ar\/wp-content\/uploads\/2019\/08\/20190816c.jpg",1030,438,false],"thumbnail":["https:\/\/www.comuna13online.com.ar\/wp-content\/uploads\/2019\/08\/20190816c-150x150.jpg",96,96,true],"medium":["https:\/\/www.comuna13online.com.ar\/wp-content\/uploads\/2019\/08\/20190816c-678x288.jpg",678,288,true],"medium_large":["https:\/\/www.comuna13online.com.ar\/wp-content\/uploads\/2019\/08\/20190816c-768x327.jpg",768,327,true],"large":["https:\/\/www.comuna13online.com.ar\/wp-content\/uploads\/2019\/08\/20190816c.jpg",1030,438,false],"1536x1536":["https:\/\/www.comuna13online.com.ar\/wp-content\/uploads\/2019\/08\/20190816c.jpg",1030,438,false],"2048x2048":["https:\/\/www.comuna13online.com.ar\/wp-content\/uploads\/2019\/08\/20190816c.jpg",1030,438,false],"mh-magazine-slider":["https:\/\/www.comuna13online.com.ar\/wp-content\/uploads\/2019\/08\/20190816c.jpg",1030,438,false],"mh-magazine-content":["https:\/\/www.comuna13online.com.ar\/wp-content\/uploads\/2019\/08\/20190816c-678x381.jpg",678,381,true],"mh-magazine-large":["https:\/\/www.comuna13online.com.ar\/wp-content\/uploads\/2019\/08\/20190816c-678x438.jpg",678,438,true],"mh-magazine-medium":["https:\/\/www.comuna13online.com.ar\/wp-content\/uploads\/2019\/08\/20190816c-326x245.jpg",326,245,true],"mh-magazine-small":["https:\/\/www.comuna13online.com.ar\/wp-content\/uploads\/2019\/08\/20190816c-80x60.jpg",80,60,true],"sow-carousel-default":["https:\/\/www.comuna13online.com.ar\/wp-content\/uploads\/2019\/08\/20190816c-272x182.jpg",272,182,true]},"uagb_author_info":{"display_name":"Comuna13","author_link":"https:\/\/www.comuna13online.com.ar\/?author=1"},"uagb_comment_info":0,"uagb_excerpt":"En principio ser\u00e1 aplicar\u00e1 mediante una aplicaci\u00f3n dise\u00f1ada para los tel\u00e9fonos celulares de los usuarios y luego se sumar\u00e1 nueva carteler\u00eda en las paradas del metrobus y centros de trasbordo. [...]","jetpack_sharing_enabled":true,"_links":{"self":[{"href":"https:\/\/www.comuna13online.com.ar\/index.php?rest_route=\/wp\/v2\/posts\/6477","targetHints":{"allow":["GET"]}}],"collection":[{"href":"https:\/\/www.comuna13online.com.ar\/index.php?rest_route=\/wp\/v2\/posts"}],"about":[{"href":"https:\/\/www.comuna13online.com.ar\/index.php?rest_route=\/wp\/v2\/types\/post"}],"author":[{"embeddable":true,"href":"https:\/\/www.comuna13online.com.ar\/index.php?rest_route=\/wp\/v2\/users\/1"}],"replies":[{"embeddable":true,"href":"https:\/\/www.comuna13online.com.ar\/index.php?rest_route=%2Fwp%2Fv2%2Fcomments&post=6477"}],"version-history":[{"count":0,"href":"https:\/\/www.comuna13online.com.ar\/index.php?rest_route=\/wp\/v2\/posts\/6477\/revisions"}],"wp:featuredmedia":[{"embeddable":true,"href":"https:\/\/www.comuna13online.com.ar\/index.php?rest_route=\/wp\/v2\/media\/6479"}],"wp:attachment":[{"href":"https:\/\/www.comuna13online.com.ar\/index.php?rest_route=%2Fwp%2Fv2%2Fmedia&parent=6477"}],"wp:term":[{"taxonomy":"category","embeddable":true,"href":"https:\/\/www.comuna13online.com.ar\/index.php?rest_route=%2Fwp%2Fv2%2Fcategories&post=6477"},{"taxonomy":"post_tag","embeddable":true,"href":"https:\/\/www.comuna13online.com.ar\/index.php?rest_route=%2Fwp%2Fv2%2Ftags&post=6477"}],"curies":[{"name":"wp","href":"https:\/\/api.w.org\/{rel}","templated":true}]}}