{"id":6468,"date":"2019-08-16T09:39:48","date_gmt":"2019-08-16T12:39:48","guid":{"rendered":"http:\/\/www.comuna13online.com.ar\/?p=6468"},"modified":"2019-08-16T09:39:48","modified_gmt":"2019-08-16T12:39:48","slug":"la-inflacion-de-la-ciudad-continua-por-encima-de-los-2-pts","status":"publish","type":"post","link":"https:\/\/www.comuna13online.com.ar\/?p=6468","title":{"rendered":"La inflaci\u00f3n de la Ciudad contin\u00faa por encima de los 2 pts."},"content":{"rendered":"<p><strong>El IPC porte\u00f1o registr\u00f3 en julio un incremento en los precios de 2,2% y lleva acumulado 25,4% en siete meses del a\u00f1o, la medici\u00f3n interanual contin\u00faa por encima del 50%.<\/strong><\/p>\n<p><img loading=\"lazy\" decoding=\"async\" data-attachment-id=\"6471\" data-permalink=\"https:\/\/www.comuna13online.com.ar\/?attachment_id=6471\" data-orig-file=\"https:\/\/www.comuna13online.com.ar\/wp-content\/uploads\/2019\/08\/20190816a1.gif\" data-orig-size=\"678,284\" data-comments-opened=\"0\" data-image-meta=\"{&quot;aperture&quot;:&quot;0&quot;,&quot;credit&quot;:&quot;&quot;,&quot;camera&quot;:&quot;&quot;,&quot;caption&quot;:&quot;&quot;,&quot;created_timestamp&quot;:&quot;0&quot;,&quot;copyright&quot;:&quot;&quot;,&quot;focal_length&quot;:&quot;0&quot;,&quot;iso&quot;:&quot;0&quot;,&quot;shutter_speed&quot;:&quot;0&quot;,&quot;title&quot;:&quot;&quot;,&quot;orientation&quot;:&quot;0&quot;}\" data-image-title=\"20190816a1\" data-image-description=\"\" data-image-caption=\"\" data-large-file=\"https:\/\/www.comuna13online.com.ar\/wp-content\/uploads\/2019\/08\/20190816a1.gif\" class=\"alignnone size-full wp-image-6471\" src=\"http:\/\/www.comuna13online.com.ar\/wp-content\/uploads\/2019\/08\/20190816a1.gif\" alt=\"\" width=\"678\" height=\"284\" \/><\/p>\n<p>En julio, las cifras oficiales difundidas por el Centro de Estad\u00edsticas porte\u00f1o indican que la inflaci\u00f3n en la Ciudad volvi\u00f3 a mostrar un descenso (-0,6%) respecto a junio, la cifra contin\u00faa siendo preocupante, m\u00e1s teniendo en cuenta la fuerte depreciaci\u00f3n que sufri\u00f3 nuestra moneda luego del fracaso electoral del Gobierno Nacional en las PASO, la devaluaci\u00f3n super\u00f3 el 30% y eso se ver\u00e1 reflejado en los n\u00fameros inflacionarios de los meses siguientes.<\/p>\n<p>En cuanto a los datos brindados en t\u00e9rminos interanuales, notamos que julio acompa\u00f1o la tendencia mensual y hubo un leve descenso respecto a junio de -0,7%, pero que contin\u00faa por encima del 50% (52,6%), y en los pr\u00f3ximos meses ascender\u00e1 a valores que pueden superar el 60%, a pesar de la quita del IVA en art\u00edculos de la canasta b\u00e1sica, congelamiento de combustibles y otras medidas que el gobierno anunci\u00f3 buscando mejorar su performance electoral en octubre.<\/p>\n<p>Previo a las PASO, el Gobierno implement\u00f3 ciertas medidas ficticias que llevaron a una leve baja del \u00edndice de precios, como la estabilidad cambiar\u00eda con un d\u00f3lar barato a costa de la ca\u00edda de reservas, la incorporaci\u00f3n de productos a los precios esenciales, el desembolso de d\u00f3lares por parte del FMI y el \u00abcongelamiento\u00bb temporal de las tarifas de servicios p\u00fablicos, pero que tal como sucedi\u00f3 en 2017, si ganan las elecciones ser\u00e1n actualizadas.<\/p>\n<p>En el informe difundido por el Centro de Estad\u00edsticas de la Ciudad explica que la tasa de variaci\u00f3n mensual del \u00edndice de precios al consumidor de junio se vio afectada principalmente <span class=\"fontstyle0\">a las subas en las divisiones: Alimentos y bebidas no alcoh\u00f3licas, Restaurantes y hoteles, Salud y Tarifa de Taxis, que en conjunto aportaron 1,49 puntos porcentuales a la suba del Nivel General. <\/span><\/p>\n<p>Alimentos y bebidas no alcoh\u00f3licas promedi\u00f3 un aumento de 2,6%, los mayores aumentos se vieron en verduras, tub\u00e9rculos y legumbres, Leche y productos l\u00e1cteos y huevos y en menor medida Pan y cereales.<\/p>\n<p>Por las vacaciones de invierno se registraron fuertes incrementos en Restaurantes y hoteles que aumentaron en promedio un 4,4% y tambi\u00e9n en la comida consumida fuera del hogar.\u00a0Transporte promedi\u00f3 un alza de 2,7% al impactar principalmente el arrastre que dej\u00f3 el incremento en la tarifa del viaje en taxi. En importancia le siguieron las subas en los precios de los combustibles y lubricantes para veh\u00edculos de uso del hogar.<\/p>\n<p>Un servicio esencial para la ciudadan\u00eda como lo es la Salud, registr\u00f3 un fuerte incremento que trep\u00f3 a 4,1%, resultado de los aumentos en las cuotas de medicina prepaga, que cada vez cuenta con menos afiliados, y las subas en los precios de los productos farmac\u00e9uticos y medicamentos que afectan muy duramente a las clases m\u00e1s vulnerables.<\/p>\n<p>Analizando la evoluci\u00f3n de los precios de Bienes y Servicios,\u00a0 durante julio, durante julio los Servicios registraron un incremento del 2,4%, por encima de los Bienes, 2,0%.<\/p>\n<p>El movimiento de los Servicios se debi\u00f3 principalmente a los incrementos en el alojamiento en hoteles, en las cuotas de medicina prepaga y en la tarifa de taxi. En tanto, el comportamiento de los Bienes reflej\u00f3 en mayor medida los aumentos en los precios de los alimentos, principalmente las verduras y los l\u00e1cteos; y en los medicamentos.<\/p>\n<p>As\u00ed, en los primeros siete meses del a\u00f1o los Bienes acumularon un alza de 23,1% y los Servicios de 27,2% y en t\u00e9rminos interanuales, los Bienes se desaceleraron hasta 55,4% (-2,6% en junio), mientras que los Servicios incrementaron hasta 50,4% (+0,7p.p.).<\/p>\n<h3><span style=\"color: #ff9900;\">\u00daltimos 24 meses<\/span><\/h3>\n<p><img loading=\"lazy\" decoding=\"async\" data-attachment-id=\"6469\" data-permalink=\"https:\/\/www.comuna13online.com.ar\/?attachment_id=6469\" data-orig-file=\"https:\/\/www.comuna13online.com.ar\/wp-content\/uploads\/2019\/08\/20190816a2.gif\" data-orig-size=\"678,535\" data-comments-opened=\"0\" data-image-meta=\"{&quot;aperture&quot;:&quot;0&quot;,&quot;credit&quot;:&quot;&quot;,&quot;camera&quot;:&quot;&quot;,&quot;caption&quot;:&quot;&quot;,&quot;created_timestamp&quot;:&quot;0&quot;,&quot;copyright&quot;:&quot;&quot;,&quot;focal_length&quot;:&quot;0&quot;,&quot;iso&quot;:&quot;0&quot;,&quot;shutter_speed&quot;:&quot;0&quot;,&quot;title&quot;:&quot;&quot;,&quot;orientation&quot;:&quot;0&quot;}\" data-image-title=\"20190816a2\" data-image-description=\"\" data-image-caption=\"\" data-large-file=\"https:\/\/www.comuna13online.com.ar\/wp-content\/uploads\/2019\/08\/20190816a2-555x438.gif\" class=\"alignnone size-full wp-image-6469\" src=\"http:\/\/www.comuna13online.com.ar\/wp-content\/uploads\/2019\/08\/20190816a2.gif\" alt=\"\" width=\"678\" height=\"535\" \/><\/p>\n<p><img loading=\"lazy\" decoding=\"async\" data-attachment-id=\"4008\" data-permalink=\"https:\/\/www.comuna13online.com.ar\/?attachment_id=4008\" data-orig-file=\"https:\/\/www.comuna13online.com.ar\/wp-content\/uploads\/2019\/01\/20190116b3.gif\" data-orig-size=\"678,229\" data-comments-opened=\"0\" data-image-meta=\"{&quot;aperture&quot;:&quot;0&quot;,&quot;credit&quot;:&quot;&quot;,&quot;camera&quot;:&quot;&quot;,&quot;caption&quot;:&quot;&quot;,&quot;created_timestamp&quot;:&quot;0&quot;,&quot;copyright&quot;:&quot;&quot;,&quot;focal_length&quot;:&quot;0&quot;,&quot;iso&quot;:&quot;0&quot;,&quot;shutter_speed&quot;:&quot;0&quot;,&quot;title&quot;:&quot;&quot;,&quot;orientation&quot;:&quot;0&quot;}\" data-image-title=\"20190116b3\" data-image-description=\"\" data-image-caption=\"\" data-large-file=\"https:\/\/www.comuna13online.com.ar\/wp-content\/uploads\/2019\/01\/20190116b3.gif\" class=\"alignnone size-medium wp-image-4008\" src=\"http:\/\/www.comuna13online.com.ar\/wp-content\/uploads\/2019\/01\/20190116b3-678x229.gif\" alt=\"\" width=\"678\" height=\"229\" \/><\/p>\n","protected":false},"excerpt":{"rendered":"<div class=\"mh-excerpt\">El IPC porte\u00f1o registr\u00f3 en julio un incremento en los precios de 2,2% y lleva acumulado 25,4% en siete meses del a\u00f1o, la medici\u00f3n interanual contin\u00faa por encima del 50%. <a class=\"mh-excerpt-more\" href=\"https:\/\/www.comuna13online.com.ar\/?p=6468\" title=\"La inflaci\u00f3n de la Ciudad contin\u00faa por encima de los 2 pts.\">[&#8230;]<\/a><\/div>\n","protected":false},"author":1,"featured_media":6470,"comment_status":"closed","ping_status":"closed","sticky":false,"template":"","format":"standard","meta":{"_uag_custom_page_level_css":"","_jetpack_memberships_contains_paid_content":false,"footnotes":"","jetpack_publicize_message":"La inflaci\u00f3n de la Ciudad contin\u00faa por encima de los 2 pts. #Inflacion","jetpack_publicize_feature_enabled":true,"jetpack_social_post_already_shared":true,"jetpack_social_options":{"image_generator_settings":{"template":"highway","default_image_id":0,"font":"","enabled":false},"version":2}},"categories":[24],"tags":[246,25],"class_list":{"0":"post-6468","1":"post","2":"type-post","3":"status-publish","4":"format-standard","5":"has-post-thumbnail","7":"category-inflacion","8":"tag-h1","9":"tag-inflacion"},"jetpack_publicize_connections":[],"jetpack_featured_media_url":"https:\/\/www.comuna13online.com.ar\/wp-content\/uploads\/2019\/08\/20190816a.jpg","uagb_featured_image_src":{"full":["https:\/\/www.comuna13online.com.ar\/wp-content\/uploads\/2019\/08\/20190816a.jpg",1030,438,false],"thumbnail":["https:\/\/www.comuna13online.com.ar\/wp-content\/uploads\/2019\/08\/20190816a-150x150.jpg",96,96,true],"medium":["https:\/\/www.comuna13online.com.ar\/wp-content\/uploads\/2019\/08\/20190816a-678x288.jpg",678,288,true],"medium_large":["https:\/\/www.comuna13online.com.ar\/wp-content\/uploads\/2019\/08\/20190816a-768x327.jpg",768,327,true],"large":["https:\/\/www.comuna13online.com.ar\/wp-content\/uploads\/2019\/08\/20190816a.jpg",1030,438,false],"1536x1536":["https:\/\/www.comuna13online.com.ar\/wp-content\/uploads\/2019\/08\/20190816a.jpg",1030,438,false],"2048x2048":["https:\/\/www.comuna13online.com.ar\/wp-content\/uploads\/2019\/08\/20190816a.jpg",1030,438,false],"mh-magazine-slider":["https:\/\/www.comuna13online.com.ar\/wp-content\/uploads\/2019\/08\/20190816a.jpg",1030,438,false],"mh-magazine-content":["https:\/\/www.comuna13online.com.ar\/wp-content\/uploads\/2019\/08\/20190816a-678x381.jpg",678,381,true],"mh-magazine-large":["https:\/\/www.comuna13online.com.ar\/wp-content\/uploads\/2019\/08\/20190816a-678x438.jpg",678,438,true],"mh-magazine-medium":["https:\/\/www.comuna13online.com.ar\/wp-content\/uploads\/2019\/08\/20190816a-326x245.jpg",326,245,true],"mh-magazine-small":["https:\/\/www.comuna13online.com.ar\/wp-content\/uploads\/2019\/08\/20190816a-80x60.jpg",80,60,true],"sow-carousel-default":["https:\/\/www.comuna13online.com.ar\/wp-content\/uploads\/2019\/08\/20190816a-272x182.jpg",272,182,true]},"uagb_author_info":{"display_name":"Comuna13","author_link":"https:\/\/www.comuna13online.com.ar\/?author=1"},"uagb_comment_info":0,"uagb_excerpt":"El IPC porte\u00f1o registr\u00f3 en julio un incremento en los precios de 2,2% y lleva acumulado 25,4% en siete meses del a\u00f1o, la medici\u00f3n interanual contin\u00faa por encima del 50%. [...]","jetpack_sharing_enabled":true,"_links":{"self":[{"href":"https:\/\/www.comuna13online.com.ar\/index.php?rest_route=\/wp\/v2\/posts\/6468","targetHints":{"allow":["GET"]}}],"collection":[{"href":"https:\/\/www.comuna13online.com.ar\/index.php?rest_route=\/wp\/v2\/posts"}],"about":[{"href":"https:\/\/www.comuna13online.com.ar\/index.php?rest_route=\/wp\/v2\/types\/post"}],"author":[{"embeddable":true,"href":"https:\/\/www.comuna13online.com.ar\/index.php?rest_route=\/wp\/v2\/users\/1"}],"replies":[{"embeddable":true,"href":"https:\/\/www.comuna13online.com.ar\/index.php?rest_route=%2Fwp%2Fv2%2Fcomments&post=6468"}],"version-history":[{"count":0,"href":"https:\/\/www.comuna13online.com.ar\/index.php?rest_route=\/wp\/v2\/posts\/6468\/revisions"}],"wp:featuredmedia":[{"embeddable":true,"href":"https:\/\/www.comuna13online.com.ar\/index.php?rest_route=\/wp\/v2\/media\/6470"}],"wp:attachment":[{"href":"https:\/\/www.comuna13online.com.ar\/index.php?rest_route=%2Fwp%2Fv2%2Fmedia&parent=6468"}],"wp:term":[{"taxonomy":"category","embeddable":true,"href":"https:\/\/www.comuna13online.com.ar\/index.php?rest_route=%2Fwp%2Fv2%2Fcategories&post=6468"},{"taxonomy":"post_tag","embeddable":true,"href":"https:\/\/www.comuna13online.com.ar\/index.php?rest_route=%2Fwp%2Fv2%2Ftags&post=6468"}],"curies":[{"name":"wp","href":"https:\/\/api.w.org\/{rel}","templated":true}]}}