{"id":6451,"date":"2019-08-15T10:24:04","date_gmt":"2019-08-15T13:24:04","guid":{"rendered":"http:\/\/www.comuna13online.com.ar\/?p=6451"},"modified":"2019-08-15T10:24:04","modified_gmt":"2019-08-15T13:24:04","slug":"vecinos-de-belgrano-rechazan-la-construccion-de-comercios-en-el-bajo-viaducto-mitre","status":"publish","type":"post","link":"https:\/\/www.comuna13online.com.ar\/?p=6451","title":{"rendered":"Vecinos de Belgrano rechazan la construcci\u00f3n de comercios en el bajo viaducto Mitre"},"content":{"rendered":"<p><strong>Grupos de vecinos de Belgrano reclaman que no se instalen m\u00e1s negocios en una zona que ya est\u00e1 abarrotada de comercios y en el lugar piden que se construyan estacionamientos.<\/strong><\/p>\n<p><img loading=\"lazy\" decoding=\"async\" data-attachment-id=\"6453\" data-permalink=\"https:\/\/www.comuna13online.com.ar\/?attachment_id=6453\" data-orig-file=\"https:\/\/www.comuna13online.com.ar\/wp-content\/uploads\/2019\/08\/20190815a1.jpg\" data-orig-size=\"678,239\" data-comments-opened=\"0\" data-image-meta=\"{&quot;aperture&quot;:&quot;0&quot;,&quot;credit&quot;:&quot;&quot;,&quot;camera&quot;:&quot;&quot;,&quot;caption&quot;:&quot;&quot;,&quot;created_timestamp&quot;:&quot;0&quot;,&quot;copyright&quot;:&quot;&quot;,&quot;focal_length&quot;:&quot;0&quot;,&quot;iso&quot;:&quot;0&quot;,&quot;shutter_speed&quot;:&quot;0&quot;,&quot;title&quot;:&quot;&quot;,&quot;orientation&quot;:&quot;0&quot;}\" data-image-title=\"20190815a1\" data-image-description=\"\" data-image-caption=\"\" data-large-file=\"https:\/\/www.comuna13online.com.ar\/wp-content\/uploads\/2019\/08\/20190815a1.jpg\" class=\"alignnone size-full wp-image-6453\" src=\"http:\/\/www.comuna13online.com.ar\/wp-content\/uploads\/2019\/08\/20190815a1.jpg\" alt=\"\" width=\"678\" height=\"239\" \/><\/p>\n<p>Como publicamos con anterioridad, un activo grupo de vecinos del Barrio de Belgrano, en nuestra Comuna13, se re\u00fanen peri\u00f3dicamente porque est\u00e1n muy preocupados con el destino que el Gobierno de la Ciudad le quiere dar a los terrenos que quedaron debajo del viaducto del ferrocarril Mitre.<\/p>\n<p>El Gobierno porte\u00f1o ya llam\u00f3 a licitaci\u00f3n para concesionar esos espacios por los pr\u00f3ximos 30 a\u00f1os, y ya hay cuatro empresas interesadas en el proyecto, la construcci\u00f3n, el mantenimiento y la explotaci\u00f3n. Las tierras dependen de la Agencia de Administraci\u00f3n de Bienes del Estado (AABE).<\/p>\n<p>De acuerdo con la apertura de sobres, hubo tres propuestas para toda la traza presentadas por Viaducto Policultural SA, Dorrego-CMA y Sang Hak Choe. La restante, elaborada por Fogsa SA, realiza una propuesta parcial.<\/p>\n<p>De las reuniones vecinales participan tambi\u00e9n la Asociaci\u00f3n Civil Vecinos de Belgrano, la Asociaci\u00f3n Civil Vecinos del Bajo Belgrano, la Asociaci\u00f3n Vecinal de Fomento Barrio Parque General Belgrano y Nuevo Belgrano, la Asociaci\u00f3n Civil Patrimonio de Belgrano, la Asociaci\u00f3n Amigos del Lago de Palermo, el Plan Alerta N\u00fa\u00f1ez Saavedra Rivadavia, el Consejo Consultivo de la Comuna 13 y el Centro Comerciantes de Belgrano.<\/p>\n<p>\u201c<em>El comercio bajo el viaducto afectar\u00e1 severamente a vecinos y comerciantes de Belgrano, Palermo y N\u00fa\u00f1ez, y tambi\u00e9n al Parque 3 de Febrero\u201d<\/em>, afirman algunos de los participantes de estas reuniones. Y la amplia mayor\u00eda prefieren que se construyan estacionamientos parquizados, dotados de tratamiento paisaj\u00edstico y de seguridad durante las 24 horas.<\/p>\n<p>Por otro lado denuncian que las tierras del corredor del bajo viaducto Mitre est\u00e1n siendo ofrecidas en concesi\u00f3n por 30 a\u00f1os, a valores muy por debajo del valor de mercado, en condiciones que s\u00f3lo favorecen al concesionario.<\/p>\n<p>Contrariamente a lo que se propone en las reuniones de vecinos convocadas por la Direcci\u00f3n de Participaci\u00f3n Ciudadana, (\u00abpongan en este papel lo que quieren y lo que no quieren debajo el viaducto&#8230;\u00bb), el que decide el destino y uso del espacio es el titular de la concesi\u00f3n y\/o los sublocatarios. Los vecinos no pueden elegir. Siempre y cuando se cumpla con el Cuadro de usos vigente para la categor\u00eda de usos 3, el concesionario y\/o los locatarios pueden cambiar los usos comerciales del espacio concesionado, en cualquier momento, durante 30 a\u00f1os.<\/p>\n","protected":false},"excerpt":{"rendered":"<div class=\"mh-excerpt\">Grupos de vecinos de Belgrano reclaman que no se instalen m\u00e1s negocios en una zona que ya est\u00e1 abarrotada de comercios y en el lugar piden que se construyan estacionamientos. <a class=\"mh-excerpt-more\" href=\"https:\/\/www.comuna13online.com.ar\/?p=6451\" title=\"Vecinos de Belgrano rechazan la construcci\u00f3n de comercios en el bajo viaducto Mitre\">[&#8230;]<\/a><\/div>\n","protected":false},"author":1,"featured_media":6452,"comment_status":"closed","ping_status":"closed","sticky":false,"template":"","format":"standard","meta":{"_uag_custom_page_level_css":"","_jetpack_memberships_contains_paid_content":false,"footnotes":"","jetpack_publicize_message":"Vecinos de Belgrano rechazan la construcci\u00f3n de comercios en el bajo #ViaductoMitre","jetpack_publicize_feature_enabled":true,"jetpack_social_post_already_shared":true,"jetpack_social_options":{"image_generator_settings":{"template":"highway","default_image_id":0,"font":"","enabled":false},"version":2}},"categories":[68],"tags":[19,110,246,65],"class_list":{"0":"post-6451","1":"post","2":"type-post","3":"status-publish","4":"format-standard","5":"has-post-thumbnail","7":"category-espacio-publico","8":"tag-comuna-13","9":"tag-espacio-publico","10":"tag-h1","11":"tag-viaducto-mitre"},"jetpack_publicize_connections":[],"jetpack_featured_media_url":"https:\/\/www.comuna13online.com.ar\/wp-content\/uploads\/2019\/08\/20190815a.jpg","uagb_featured_image_src":{"full":["https:\/\/www.comuna13online.com.ar\/wp-content\/uploads\/2019\/08\/20190815a.jpg",1030,438,false],"thumbnail":["https:\/\/www.comuna13online.com.ar\/wp-content\/uploads\/2019\/08\/20190815a-150x150.jpg",96,96,true],"medium":["https:\/\/www.comuna13online.com.ar\/wp-content\/uploads\/2019\/08\/20190815a-678x288.jpg",678,288,true],"medium_large":["https:\/\/www.comuna13online.com.ar\/wp-content\/uploads\/2019\/08\/20190815a-768x327.jpg",768,327,true],"large":["https:\/\/www.comuna13online.com.ar\/wp-content\/uploads\/2019\/08\/20190815a.jpg",1030,438,false],"1536x1536":["https:\/\/www.comuna13online.com.ar\/wp-content\/uploads\/2019\/08\/20190815a.jpg",1030,438,false],"2048x2048":["https:\/\/www.comuna13online.com.ar\/wp-content\/uploads\/2019\/08\/20190815a.jpg",1030,438,false],"mh-magazine-slider":["https:\/\/www.comuna13online.com.ar\/wp-content\/uploads\/2019\/08\/20190815a.jpg",1030,438,false],"mh-magazine-content":["https:\/\/www.comuna13online.com.ar\/wp-content\/uploads\/2019\/08\/20190815a-678x381.jpg",678,381,true],"mh-magazine-large":["https:\/\/www.comuna13online.com.ar\/wp-content\/uploads\/2019\/08\/20190815a-678x438.jpg",678,438,true],"mh-magazine-medium":["https:\/\/www.comuna13online.com.ar\/wp-content\/uploads\/2019\/08\/20190815a-326x245.jpg",326,245,true],"mh-magazine-small":["https:\/\/www.comuna13online.com.ar\/wp-content\/uploads\/2019\/08\/20190815a-80x60.jpg",80,60,true],"sow-carousel-default":["https:\/\/www.comuna13online.com.ar\/wp-content\/uploads\/2019\/08\/20190815a-272x182.jpg",272,182,true]},"uagb_author_info":{"display_name":"Comuna13","author_link":"https:\/\/www.comuna13online.com.ar\/?author=1"},"uagb_comment_info":0,"uagb_excerpt":"Grupos de vecinos de Belgrano reclaman que no se instalen m\u00e1s negocios en una zona que ya est\u00e1 abarrotada de comercios y en el lugar piden que se construyan estacionamientos. [...]","jetpack_sharing_enabled":true,"_links":{"self":[{"href":"https:\/\/www.comuna13online.com.ar\/index.php?rest_route=\/wp\/v2\/posts\/6451","targetHints":{"allow":["GET"]}}],"collection":[{"href":"https:\/\/www.comuna13online.com.ar\/index.php?rest_route=\/wp\/v2\/posts"}],"about":[{"href":"https:\/\/www.comuna13online.com.ar\/index.php?rest_route=\/wp\/v2\/types\/post"}],"author":[{"embeddable":true,"href":"https:\/\/www.comuna13online.com.ar\/index.php?rest_route=\/wp\/v2\/users\/1"}],"replies":[{"embeddable":true,"href":"https:\/\/www.comuna13online.com.ar\/index.php?rest_route=%2Fwp%2Fv2%2Fcomments&post=6451"}],"version-history":[{"count":0,"href":"https:\/\/www.comuna13online.com.ar\/index.php?rest_route=\/wp\/v2\/posts\/6451\/revisions"}],"wp:featuredmedia":[{"embeddable":true,"href":"https:\/\/www.comuna13online.com.ar\/index.php?rest_route=\/wp\/v2\/media\/6452"}],"wp:attachment":[{"href":"https:\/\/www.comuna13online.com.ar\/index.php?rest_route=%2Fwp%2Fv2%2Fmedia&parent=6451"}],"wp:term":[{"taxonomy":"category","embeddable":true,"href":"https:\/\/www.comuna13online.com.ar\/index.php?rest_route=%2Fwp%2Fv2%2Fcategories&post=6451"},{"taxonomy":"post_tag","embeddable":true,"href":"https:\/\/www.comuna13online.com.ar\/index.php?rest_route=%2Fwp%2Fv2%2Ftags&post=6451"}],"curies":[{"name":"wp","href":"https:\/\/api.w.org\/{rel}","templated":true}]}}