{"id":638,"date":"2018-02-20T12:20:25","date_gmt":"2018-02-20T15:20:25","guid":{"rendered":"http:\/\/www.comuna13online.com.ar\/?p=638"},"modified":"2018-02-20T12:20:25","modified_gmt":"2018-02-20T15:20:25","slug":"nuevo-llamado-a-licitacion-por-la-concesion-del-subterraneo","status":"publish","type":"post","link":"https:\/\/www.comuna13online.com.ar\/?p=638","title":{"rendered":"Nuevo llamado a licitaci\u00f3n por la concesi\u00f3n del subterr\u00e1neo"},"content":{"rendered":"<p><strong>El mi\u00e9rcoles 21 comenzar\u00e1\u00a0 a definirse una de las licitaciones m\u00e1s importantes de la Ciudad: la operaci\u00f3n y mantenimiento del subterr\u00e1neo, que implica un negocio de m\u00e1s de $5.500 millones anuales.<\/strong><\/p>\n<p><img loading=\"lazy\" decoding=\"async\" data-attachment-id=\"461\" data-permalink=\"https:\/\/www.comuna13online.com.ar\/?attachment_id=461\" data-orig-file=\"https:\/\/www.comuna13online.com.ar\/wp-content\/uploads\/2018\/01\/subte-linea-d-04.jpg\" data-orig-size=\"678,405\" data-comments-opened=\"0\" data-image-meta=\"{&quot;aperture&quot;:&quot;0&quot;,&quot;credit&quot;:&quot;&quot;,&quot;camera&quot;:&quot;&quot;,&quot;caption&quot;:&quot;&quot;,&quot;created_timestamp&quot;:&quot;0&quot;,&quot;copyright&quot;:&quot;&quot;,&quot;focal_length&quot;:&quot;0&quot;,&quot;iso&quot;:&quot;0&quot;,&quot;shutter_speed&quot;:&quot;0&quot;,&quot;title&quot;:&quot;&quot;,&quot;orientation&quot;:&quot;0&quot;}\" data-image-title=\"subte-linea-d-04\" data-image-description=\"\" data-image-caption=\"\" data-large-file=\"https:\/\/www.comuna13online.com.ar\/wp-content\/uploads\/2018\/01\/subte-linea-d-04.jpg\" class=\"aligncenter size-full wp-image-461\" src=\"http:\/\/www.comuna13online.com.ar\/wp-content\/uploads\/2018\/01\/subte-linea-d-04.jpg\" alt=\"\" width=\"678\" height=\"405\" \/><\/p>\n<p>En efecto, en el Bolet\u00edn Oficial del Gobierno porte\u00f1o se publicar\u00e1 el llamado para darle el servicio a un nuevo operador, quien ser\u00e1 responsable desde el 1\u00b0 de enero y por un plazo m\u00ednimo de 12 a\u00f1os, de las seis l\u00edneas (m\u00e1s las pr\u00f3ximas que se construyeran a futuro) y el Premetro.<\/p>\n<p>La licitaci\u00f3n terminar\u00e1 con 25 a\u00f1os de explotaci\u00f3n por parte de Metrov\u00edas (Grupo Roggio). De los cuales los \u00faltimos cinco fueron en estado de emergencia, a partir del traspaso del subte en 2012 de Naci\u00f3n a Ciudad. Pero la empresa no piensa excluirse de la convocatoria, ya que volver\u00e1 a presentarse, puede hacerlo sola o acompa\u00f1ada de un jugador externo. Los consorcios oferentes tienen un l\u00edmite de hasta cuatro miembros.<\/p>\n<p>Hasta el momento trascendi\u00f3 que hay al menos siete empresas internacionalesque manifestaron inter\u00e9s y cumplen con los requisitos: 15 a\u00f1os como operador de subterr\u00e1neos de 30 kil\u00f3metros de extensi\u00f3n m\u00ednima; 180 millones de pasajeros transportados en forma anual desde 2015 y hasta 2017; experiencia en mantenimiento de infraestructura, material rodante, instalaciones y equipamiento; entre otros. <em>\u201cTienen un alt\u00edsimo nivel. Son de Italia, Francia, Alemania, Inglaterra, Canad\u00e1 y tal vez haya una sorpresa latinoamericana\u201d,<\/em> dijo <strong>Eduardo De Montmollin<\/strong>, Presidente de SBASE. Sobre esa posibilidad se especula con un consorcio entre Chile y Brasil.<\/p>\n<p>Las condiciones del contrato de concesi\u00f3n difieren, en especial, en el modo de pago y la extensi\u00f3n. El acuerdo actual fija una explotaci\u00f3n de veinte a\u00f1os con renovaciones sucesivas por uno o dos a\u00f1os; extensiones a las que apel\u00f3 Metrov\u00edas. A futuro, ser\u00e1n a doce a\u00f1os con posibilidad de sumarle otros tres. Y el costo para la Ciudad ya no ser\u00e1 fijo, sino variable. Se medir\u00e1 en pesos en forma mensual y por kil\u00f3metro recorrido en viajes comerciales. Adem\u00e1s, los aumentos en los costos de producci\u00f3n ya no ser\u00e1n absorbidos por SBASE, sino por el operador.<\/p>\n<p>Entre sus obligaciones tambi\u00e9n estar\u00e1 incorporar al personal en relaci\u00f3n de dependencia, con excepci\u00f3n de los cargos gerenciales. La calidad del servicio, la expansi\u00f3n de la red y la definici\u00f3n de la tarifa usuario quedar\u00e1 bajo el criterio de SBASE.<\/p>\n","protected":false},"excerpt":{"rendered":"<div class=\"mh-excerpt\">El mi\u00e9rcoles 21 comenzar\u00e1\u00a0 a definirse una de las licitaciones m\u00e1s importantes de la Ciudad: la operaci\u00f3n y mantenimiento del subterr\u00e1neo, que implica un negocio de m\u00e1s de $5.500 millones <a class=\"mh-excerpt-more\" href=\"https:\/\/www.comuna13online.com.ar\/?p=638\" title=\"Nuevo llamado a licitaci\u00f3n por la concesi\u00f3n del subterr\u00e1neo\">[&#8230;]<\/a><\/div>\n","protected":false},"author":1,"featured_media":462,"comment_status":"closed","ping_status":"closed","sticky":false,"template":"","format":"standard","meta":{"_uag_custom_page_level_css":"","_jetpack_memberships_contains_paid_content":false,"footnotes":"","jetpack_publicize_message":"","jetpack_publicize_feature_enabled":true,"jetpack_social_post_already_shared":true,"jetpack_social_options":{"image_generator_settings":{"template":"highway","default_image_id":0,"font":"","enabled":false},"version":2}},"categories":[14],"tags":[16,15],"class_list":{"0":"post-638","1":"post","2":"type-post","3":"status-publish","4":"format-standard","5":"has-post-thumbnail","7":"category-subte","8":"tag-subte","9":"tag-transporte"},"jetpack_publicize_connections":[],"jetpack_featured_media_url":"https:\/\/www.comuna13online.com.ar\/wp-content\/uploads\/2018\/01\/subte-linea-d-01.jpg","uagb_featured_image_src":{"full":["https:\/\/www.comuna13online.com.ar\/wp-content\/uploads\/2018\/01\/subte-linea-d-01.jpg",1030,438,false],"thumbnail":["https:\/\/www.comuna13online.com.ar\/wp-content\/uploads\/2018\/01\/subte-linea-d-01-150x150.jpg",96,96,true],"medium":["https:\/\/www.comuna13online.com.ar\/wp-content\/uploads\/2018\/01\/subte-linea-d-01-678x288.jpg",678,288,true],"medium_large":["https:\/\/www.comuna13online.com.ar\/wp-content\/uploads\/2018\/01\/subte-linea-d-01-768x327.jpg",768,327,true],"large":["https:\/\/www.comuna13online.com.ar\/wp-content\/uploads\/2018\/01\/subte-linea-d-01.jpg",1030,438,false],"1536x1536":["https:\/\/www.comuna13online.com.ar\/wp-content\/uploads\/2018\/01\/subte-linea-d-01.jpg",1030,438,false],"2048x2048":["https:\/\/www.comuna13online.com.ar\/wp-content\/uploads\/2018\/01\/subte-linea-d-01.jpg",1030,438,false],"mh-magazine-slider":["https:\/\/www.comuna13online.com.ar\/wp-content\/uploads\/2018\/01\/subte-linea-d-01.jpg",1030,438,false],"mh-magazine-content":["https:\/\/www.comuna13online.com.ar\/wp-content\/uploads\/2018\/01\/subte-linea-d-01-678x381.jpg",678,381,true],"mh-magazine-large":["https:\/\/www.comuna13online.com.ar\/wp-content\/uploads\/2018\/01\/subte-linea-d-01-678x438.jpg",678,438,true],"mh-magazine-medium":["https:\/\/www.comuna13online.com.ar\/wp-content\/uploads\/2018\/01\/subte-linea-d-01-326x245.jpg",326,245,true],"mh-magazine-small":["https:\/\/www.comuna13online.com.ar\/wp-content\/uploads\/2018\/01\/subte-linea-d-01-80x60.jpg",80,60,true],"sow-carousel-default":["https:\/\/www.comuna13online.com.ar\/wp-content\/uploads\/2018\/01\/subte-linea-d-01-272x182.jpg",272,182,true]},"uagb_author_info":{"display_name":"Comuna13","author_link":"https:\/\/www.comuna13online.com.ar\/?author=1"},"uagb_comment_info":0,"uagb_excerpt":"El mi\u00e9rcoles 21 comenzar\u00e1\u00a0 a definirse una de las licitaciones m\u00e1s importantes de la Ciudad: la operaci\u00f3n y mantenimiento del subterr\u00e1neo, que implica un negocio de m\u00e1s de $5.500 millones [...]","jetpack_sharing_enabled":true,"_links":{"self":[{"href":"https:\/\/www.comuna13online.com.ar\/index.php?rest_route=\/wp\/v2\/posts\/638","targetHints":{"allow":["GET"]}}],"collection":[{"href":"https:\/\/www.comuna13online.com.ar\/index.php?rest_route=\/wp\/v2\/posts"}],"about":[{"href":"https:\/\/www.comuna13online.com.ar\/index.php?rest_route=\/wp\/v2\/types\/post"}],"author":[{"embeddable":true,"href":"https:\/\/www.comuna13online.com.ar\/index.php?rest_route=\/wp\/v2\/users\/1"}],"replies":[{"embeddable":true,"href":"https:\/\/www.comuna13online.com.ar\/index.php?rest_route=%2Fwp%2Fv2%2Fcomments&post=638"}],"version-history":[{"count":0,"href":"https:\/\/www.comuna13online.com.ar\/index.php?rest_route=\/wp\/v2\/posts\/638\/revisions"}],"wp:featuredmedia":[{"embeddable":true,"href":"https:\/\/www.comuna13online.com.ar\/index.php?rest_route=\/wp\/v2\/media\/462"}],"wp:attachment":[{"href":"https:\/\/www.comuna13online.com.ar\/index.php?rest_route=%2Fwp%2Fv2%2Fmedia&parent=638"}],"wp:term":[{"taxonomy":"category","embeddable":true,"href":"https:\/\/www.comuna13online.com.ar\/index.php?rest_route=%2Fwp%2Fv2%2Fcategories&post=638"},{"taxonomy":"post_tag","embeddable":true,"href":"https:\/\/www.comuna13online.com.ar\/index.php?rest_route=%2Fwp%2Fv2%2Ftags&post=638"}],"curies":[{"name":"wp","href":"https:\/\/api.w.org\/{rel}","templated":true}]}}