{"id":6365,"date":"2019-08-12T07:00:39","date_gmt":"2019-08-12T10:00:39","guid":{"rendered":"http:\/\/www.comuna13online.com.ar\/?p=6365"},"modified":"2019-08-07T11:49:15","modified_gmt":"2019-08-07T14:49:15","slug":"que-pasa-con-el-feriado-del-17-de-agosto","status":"publish","type":"post","link":"https:\/\/www.comuna13online.com.ar\/?p=6365","title":{"rendered":"\u00bfQu\u00e9 pasa con el feriado del 17 de agosto?"},"content":{"rendered":"<p><strong>Cada 17 de agosto se conmemora el paso a la inmortalidad del General Jos\u00e9 de San Mart\u00edn, como este a\u00f1o cae s\u00e1bado, se generan dudas acerca de si se corre.<\/strong><\/p>\n<p><img loading=\"lazy\" decoding=\"async\" data-attachment-id=\"6366\" data-permalink=\"https:\/\/www.comuna13online.com.ar\/?attachment_id=6366\" data-orig-file=\"https:\/\/www.comuna13online.com.ar\/wp-content\/uploads\/2019\/08\/20190812a1.jpg\" data-orig-size=\"678,304\" data-comments-opened=\"0\" data-image-meta=\"{&quot;aperture&quot;:&quot;0&quot;,&quot;credit&quot;:&quot;&quot;,&quot;camera&quot;:&quot;&quot;,&quot;caption&quot;:&quot;&quot;,&quot;created_timestamp&quot;:&quot;0&quot;,&quot;copyright&quot;:&quot;&quot;,&quot;focal_length&quot;:&quot;0&quot;,&quot;iso&quot;:&quot;0&quot;,&quot;shutter_speed&quot;:&quot;0&quot;,&quot;title&quot;:&quot;&quot;,&quot;orientation&quot;:&quot;0&quot;}\" data-image-title=\"20190812a1\" data-image-description=\"\" data-image-caption=\"\" data-large-file=\"https:\/\/www.comuna13online.com.ar\/wp-content\/uploads\/2019\/08\/20190812a1.jpg\" class=\"alignnone size-full wp-image-6366\" src=\"http:\/\/www.comuna13online.com.ar\/wp-content\/uploads\/2019\/08\/20190812a1.jpg\" alt=\"\" width=\"678\" height=\"304\" \/><\/p>\n<p>La Ley 27399 \u00abDe establecimiento de Feriados y fines de semana largos\u00bb establece que\u00a0al 17 de agosto, fecha en la que se conmemora el Paso a la Inmortalidad del General Jos\u00e9 de San Mart\u00edn, como feriado trasladable.<\/p>\n<p>La normativa dice en su art. 6to que \u00abLos feriados nacionales trasladables establecidos por el art\u00edculo 1\u00b0 de la presente cuyas fechas coincidan con los d\u00edas martes y mi\u00e9rcoles ser\u00e1n trasladados al d\u00eda lunes anterior. Los que coincidan con los d\u00edas jueves y viernes ser\u00e1n trasladados al d\u00eda lunes siguiente\u00bb.<\/p>\n<p>Sin embargo, no se encuentra regulado los feriados cuyas fechas fechas caigan s\u00e1bado o domingo, aunque en el art. 7, le otorga al Ejecutivo Nacional \u00abfijar anualmente hasta tres (3) d\u00edas feriados o no laborables destinados a promover la actividad tur\u00edstica, que deber\u00e1n coincidir con los d\u00edas lunes o viernes\u00bb.<\/p>\n<p>Amparado por dicho art\u00edculo es que el Gobierno Nacional estableci\u00f3 que <strong>el lunes 20 de agosto ser\u00e1 d\u00eda no laborable con fines tur\u00edsticos<\/strong>. De este modo entonces, quedar\u00e1 a consideraci\u00f3n de cada empleador del sector privado si se trabaja de manera regular o no.<\/p>\n<p>En el caso de los empleados de la administraci\u00f3n p\u00fablica nacional, provincial y municipal, como aquellos empleados de bancos y seguros ser\u00e1 d\u00eda no laborable.<\/p>\n<p>Antes, los trabajadores que cumpl\u00edan funciones durante dichos d\u00edas percib\u00edan un adicional como si fuera un feriado, a partir de la modificaci\u00f3n de la legislaci\u00f3n introducida por el gobierno actual <em>\u00abaquellas personas que deban trabajar los d\u00edas no laborables, no percibir\u00e1n la remuneraci\u00f3n adicional que se suele recibir en caso de ser feriado. Por lo tanto, la jornada deber\u00e1 pagarse de manera normal y no el doble\u00bb<\/em>.<\/p>\n<p>Tras el 20 de agosto, el pr\u00f3ximo feriado es el 12 de octubre, D\u00eda del Respeto a la Diversidad Cultural, tambi\u00e9n cae s\u00e1bado y se pasa para el lunes 14, por motivos tur\u00edsticos.<\/p>\n<div class=\"row\">\n<div class=\"col-sm-12 col-xs-10\">\n<h4><span style=\"color: #333399;\">17 de agosto, paso a la inmortalidad del General San Mart\u00edn<\/span><\/h4>\n<\/div>\n<\/div>\n<p class=\"description\">El 17 de agosto de 1850 falleci\u00f3 Jos\u00e9 Francisco de San Mart\u00edn Matorras, conocido por todos como San Mart\u00edn, una de las figuras m\u00e1s relevantes de la historia argentina y latinoamericana. Su actuaci\u00f3n durante el primer tercio del siglo XIX en las luchas por la independencia en Sudam\u00e9rica transform\u00f3 su nombre en una referencia mundial de los procesos de descolonizaci\u00f3n.<\/p>\n<p><img loading=\"lazy\" decoding=\"async\" data-attachment-id=\"99\" data-permalink=\"https:\/\/www.comuna13online.com.ar\/?attachment_id=99\" data-orig-file=\"https:\/\/www.comuna13online.com.ar\/wp-content\/uploads\/2017\/12\/line.jpg\" data-orig-size=\"678,1\" data-comments-opened=\"0\" data-image-meta=\"{&quot;aperture&quot;:&quot;0&quot;,&quot;credit&quot;:&quot;&quot;,&quot;camera&quot;:&quot;&quot;,&quot;caption&quot;:&quot;&quot;,&quot;created_timestamp&quot;:&quot;0&quot;,&quot;copyright&quot;:&quot;&quot;,&quot;focal_length&quot;:&quot;0&quot;,&quot;iso&quot;:&quot;0&quot;,&quot;shutter_speed&quot;:&quot;0&quot;,&quot;title&quot;:&quot;&quot;,&quot;orientation&quot;:&quot;0&quot;}\" data-image-title=\"line\" data-image-description=\"\" data-image-caption=\"\" data-large-file=\"https:\/\/www.comuna13online.com.ar\/wp-content\/uploads\/2017\/12\/line.jpg\" class=\"alignnone size-full wp-image-99\" src=\"http:\/\/www.comuna13online.com.ar\/wp-content\/uploads\/2017\/12\/line.jpg\" alt=\"\" width=\"678\" height=\"1\" srcset=\"https:\/\/www.comuna13online.com.ar\/wp-content\/uploads\/2017\/12\/line.jpg 678w, https:\/\/www.comuna13online.com.ar\/wp-content\/uploads\/2017\/12\/line-150x1.jpg 150w, https:\/\/www.comuna13online.com.ar\/wp-content\/uploads\/2017\/12\/line-326x1.jpg 326w, https:\/\/www.comuna13online.com.ar\/wp-content\/uploads\/2017\/12\/line-80x1.jpg 80w, https:\/\/www.comuna13online.com.ar\/wp-content\/uploads\/2017\/12\/line-272x1.jpg 272w\" sizes=\"auto, (max-width: 678px) 100vw, 678px\" \/><\/p>\n<h4><span style=\"color: #800000;\"><strong>Qu\u00e9 d\u00edas no laborables quedan en lo que resta de 2019:<\/strong><\/span><\/h4>\n<h4><strong>JUNIO<\/strong><\/h4>\n<ul>\n<li>Martes 4 de junio, d\u00eda no laborable para la comunidad isl\u00e1mica por la Fiesta de la Ruptura del Ayuno del Sagrado Mes de Ramad\u00e1n.<\/li>\n<li>Lunes 17, feriado por Paso a la inmortalidad del General Mart\u00edn Miguel de G\u00fcemes.<\/li>\n<li>Jueves 20, feriado por Paso a la inmortalidad del General Manuel Belgrano.<\/li>\n<\/ul>\n<h4><strong>JULIO<\/strong><\/h4>\n<ul>\n<li>Lunes 8, feriado puente.<\/li>\n<li>Martes 9, feriado por el D\u00eda de la Independencia.<\/li>\n<\/ul>\n<h4><strong>AGOSTO<\/strong><\/h4>\n<ul>\n<li>S\u00e1bado 17, feriado por Paso a la Inmortalidad del General Jos\u00e9 de San Mart\u00edn.<\/li>\n<li>Lunes 19, feriado puente.<\/li>\n<li>S\u00e1bado 31, a\u00f1o nuevo isl\u00e1mico.<\/li>\n<\/ul>\n<h4><strong>SEPTIEMBRE<\/strong><\/h4>\n<ul>\n<li>Domingo 29 y lunes 30, A\u00f1o Nuevo Jud\u00edo.<\/li>\n<\/ul>\n<h4><strong>OCTUBRE<\/strong><\/h4>\n<ul>\n<li>Martes 1\u00b0, A\u00f1o Nuevo Jud\u00edo.<\/li>\n<li>Martes 8, Mi\u00e9rcoles 9, D\u00eda del Perd\u00f3n.<\/li>\n<li>S\u00e1bado 12, feriado por el D\u00eda del Respeto a la Diversidad Cultural.<\/li>\n<li>Lunes 14, feriado puente.<\/li>\n<\/ul>\n<h4><strong>NOVIEMBRE<\/strong><\/h4>\n<ul>\n<li>Lunes 18, feriado por el D\u00eda de la Soberan\u00eda Nacional<\/li>\n<\/ul>\n<h4><strong>DICIEMBRE<\/strong><\/h4>\n<ul>\n<li>Domingo 8, feriado por el D\u00eda de la Inmaculada Concepci\u00f3n de Mar\u00eda.<\/li>\n<li>Mi\u00e9rcoles 25, feriado por Navidad.<\/li>\n<\/ul>\n","protected":false},"excerpt":{"rendered":"<div class=\"mh-excerpt\">Cada 17 de agosto se conmemora el paso a la inmortalidad del General Jos\u00e9 de San Mart\u00edn, como este a\u00f1o cae s\u00e1bado, se generan dudas acerca de si se corre. <a class=\"mh-excerpt-more\" href=\"https:\/\/www.comuna13online.com.ar\/?p=6365\" title=\"\u00bfQu\u00e9 pasa con el feriado del 17 de agosto?\">[&#8230;]<\/a><\/div>\n","protected":false},"author":1,"featured_media":5292,"comment_status":"closed","ping_status":"closed","sticky":false,"template":"","format":"standard","meta":{"_uag_custom_page_level_css":"","_jetpack_memberships_contains_paid_content":false,"footnotes":"","jetpack_publicize_message":"\u00bfQu\u00e9 pasa con el feriado del 17 de agosto?","jetpack_publicize_feature_enabled":true,"jetpack_social_post_already_shared":true,"jetpack_social_options":{"image_generator_settings":{"template":"highway","default_image_id":0,"font":"","enabled":false},"version":2}},"categories":[26],"tags":[196,121],"class_list":{"0":"post-6365","1":"post","2":"type-post","3":"status-publish","4":"format-standard","5":"has-post-thumbnail","7":"category-interes-general","8":"tag-interes-general","9":"tag-trabajo"},"jetpack_publicize_connections":[],"jetpack_featured_media_url":"https:\/\/www.comuna13online.com.ar\/wp-content\/uploads\/2019\/05\/20190520b.jpg","uagb_featured_image_src":{"full":["https:\/\/www.comuna13online.com.ar\/wp-content\/uploads\/2019\/05\/20190520b.jpg",1030,438,false],"thumbnail":["https:\/\/www.comuna13online.com.ar\/wp-content\/uploads\/2019\/05\/20190520b-150x150.jpg",96,96,true],"medium":["https:\/\/www.comuna13online.com.ar\/wp-content\/uploads\/2019\/05\/20190520b-678x288.jpg",678,288,true],"medium_large":["https:\/\/www.comuna13online.com.ar\/wp-content\/uploads\/2019\/05\/20190520b-768x327.jpg",768,327,true],"large":["https:\/\/www.comuna13online.com.ar\/wp-content\/uploads\/2019\/05\/20190520b.jpg",1030,438,false],"1536x1536":["https:\/\/www.comuna13online.com.ar\/wp-content\/uploads\/2019\/05\/20190520b.jpg",1030,438,false],"2048x2048":["https:\/\/www.comuna13online.com.ar\/wp-content\/uploads\/2019\/05\/20190520b.jpg",1030,438,false],"mh-magazine-slider":["https:\/\/www.comuna13online.com.ar\/wp-content\/uploads\/2019\/05\/20190520b.jpg",1030,438,false],"mh-magazine-content":["https:\/\/www.comuna13online.com.ar\/wp-content\/uploads\/2019\/05\/20190520b-678x381.jpg",678,381,true],"mh-magazine-large":["https:\/\/www.comuna13online.com.ar\/wp-content\/uploads\/2019\/05\/20190520b-678x438.jpg",678,438,true],"mh-magazine-medium":["https:\/\/www.comuna13online.com.ar\/wp-content\/uploads\/2019\/05\/20190520b-326x245.jpg",326,245,true],"mh-magazine-small":["https:\/\/www.comuna13online.com.ar\/wp-content\/uploads\/2019\/05\/20190520b-80x60.jpg",80,60,true],"sow-carousel-default":["https:\/\/www.comuna13online.com.ar\/wp-content\/uploads\/2019\/05\/20190520b-272x182.jpg",272,182,true]},"uagb_author_info":{"display_name":"Comuna13","author_link":"https:\/\/www.comuna13online.com.ar\/?author=1"},"uagb_comment_info":0,"uagb_excerpt":"Cada 17 de agosto se conmemora el paso a la inmortalidad del General Jos\u00e9 de San Mart\u00edn, como este a\u00f1o cae s\u00e1bado, se generan dudas acerca de si se corre. [...]","jetpack_sharing_enabled":true,"_links":{"self":[{"href":"https:\/\/www.comuna13online.com.ar\/index.php?rest_route=\/wp\/v2\/posts\/6365","targetHints":{"allow":["GET"]}}],"collection":[{"href":"https:\/\/www.comuna13online.com.ar\/index.php?rest_route=\/wp\/v2\/posts"}],"about":[{"href":"https:\/\/www.comuna13online.com.ar\/index.php?rest_route=\/wp\/v2\/types\/post"}],"author":[{"embeddable":true,"href":"https:\/\/www.comuna13online.com.ar\/index.php?rest_route=\/wp\/v2\/users\/1"}],"replies":[{"embeddable":true,"href":"https:\/\/www.comuna13online.com.ar\/index.php?rest_route=%2Fwp%2Fv2%2Fcomments&post=6365"}],"version-history":[{"count":0,"href":"https:\/\/www.comuna13online.com.ar\/index.php?rest_route=\/wp\/v2\/posts\/6365\/revisions"}],"wp:featuredmedia":[{"embeddable":true,"href":"https:\/\/www.comuna13online.com.ar\/index.php?rest_route=\/wp\/v2\/media\/5292"}],"wp:attachment":[{"href":"https:\/\/www.comuna13online.com.ar\/index.php?rest_route=%2Fwp%2Fv2%2Fmedia&parent=6365"}],"wp:term":[{"taxonomy":"category","embeddable":true,"href":"https:\/\/www.comuna13online.com.ar\/index.php?rest_route=%2Fwp%2Fv2%2Fcategories&post=6365"},{"taxonomy":"post_tag","embeddable":true,"href":"https:\/\/www.comuna13online.com.ar\/index.php?rest_route=%2Fwp%2Fv2%2Ftags&post=6365"}],"curies":[{"name":"wp","href":"https:\/\/api.w.org\/{rel}","templated":true}]}}