{"id":6315,"date":"2019-08-06T06:00:15","date_gmt":"2019-08-06T09:00:15","guid":{"rendered":"http:\/\/www.comuna13online.com.ar\/?p=6315"},"modified":"2019-08-05T12:23:54","modified_gmt":"2019-08-05T15:23:54","slug":"actividades-complementarias-a-la-muestra-un-regalo-para-evita-en-el-larreta","status":"publish","type":"post","link":"https:\/\/www.comuna13online.com.ar\/?p=6315","title":{"rendered":"Actividades complementarias a la muestra \u201cUn regalo para Evita\u201d en el Larreta"},"content":{"rendered":"<p><strong>Durante el mes de agosto el Museo de Arte Espa\u00f1ol Enrique Larreta desarrollar\u00e1 una serie de actividades en torno a la notable muestra que se inaugur\u00f3 el 7 de junio.<\/strong><\/p>\n<p><img loading=\"lazy\" decoding=\"async\" data-attachment-id=\"6318\" data-permalink=\"https:\/\/www.comuna13online.com.ar\/?attachment_id=6318\" data-orig-file=\"https:\/\/www.comuna13online.com.ar\/wp-content\/uploads\/2019\/08\/20190806a1.jpg\" data-orig-size=\"678,452\" data-comments-opened=\"0\" data-image-meta=\"{&quot;aperture&quot;:&quot;0&quot;,&quot;credit&quot;:&quot;&quot;,&quot;camera&quot;:&quot;&quot;,&quot;caption&quot;:&quot;&quot;,&quot;created_timestamp&quot;:&quot;0&quot;,&quot;copyright&quot;:&quot;&quot;,&quot;focal_length&quot;:&quot;0&quot;,&quot;iso&quot;:&quot;0&quot;,&quot;shutter_speed&quot;:&quot;0&quot;,&quot;title&quot;:&quot;&quot;,&quot;orientation&quot;:&quot;0&quot;}\" data-image-title=\"20190806a1\" data-image-description=\"\" data-image-caption=\"\" data-large-file=\"https:\/\/www.comuna13online.com.ar\/wp-content\/uploads\/2019\/08\/20190806a1-657x438.jpg\" class=\"alignnone size-full wp-image-6318\" src=\"http:\/\/www.comuna13online.com.ar\/wp-content\/uploads\/2019\/08\/20190806a1.jpg\" alt=\"\" width=\"678\" height=\"452\" srcset=\"https:\/\/www.comuna13online.com.ar\/wp-content\/uploads\/2019\/08\/20190806a1.jpg 678w, https:\/\/www.comuna13online.com.ar\/wp-content\/uploads\/2019\/08\/20190806a1-657x438.jpg 657w, https:\/\/www.comuna13online.com.ar\/wp-content\/uploads\/2019\/08\/20190806a1-272x182.jpg 272w\" sizes=\"auto, (max-width: 678px) 100vw, 678px\" \/><\/p>\n<h3><span style=\"color: #ff0000;\"><strong>Cronograma de actividades<\/strong><\/span><\/h3>\n<h4><span style=\"color: #800000;\">Mi\u00e9rcoles 7 de agosto<\/span><\/h4>\n<p>14 horas:<\/p>\n<p><strong>Festividades del Pueblo Espa\u00f1ol<\/strong>\u00a0Charla sobre las festividades m\u00e1s caracter\u00edsticas del pueblo espa\u00f1ol. A cargo del Consejero de Turismo de la Embajada de Espa\u00f1a en Argentina, Fco. Javier Arroyo Navarro.<\/p>\n<p>Actividad gratuita.<\/p>\n<h4><span style=\"color: #800000;\">S\u00e1bado 10 de agosto<\/span><\/h4>\n<p>16 horas:<\/p>\n<p><strong>Conferencia \u00abBinomios mal entendidos: Argentina -Espa\u00f1a; Peron-Franco; Evita -\u00bfy quien?\u00bb<\/strong>. A cargo del Dr. Mariano Rodr\u00edguez Otero.<\/p>\n<p>Entrada libre (se accede con la entrada al museo) \/ Se suspende por lluvia.<\/p>\n<h4><span style=\"color: #800000;\">Mi\u00e9rcoles 14 de agosto<\/span><\/h4>\n<p>13.30 horas:<\/p>\n<p><strong>Obra en foco: Conservaci\u00f3n de textiles<\/strong>.Recorrido hist\u00f3rico sobre la conservaci\u00f3n de los trajes espa\u00f1oles de Evita. A cargo del equipo de conservaci\u00f3n y restauraci\u00f3n del museo.<\/p>\n<p>Actividad gratuita.<\/p>\n<h4><span style=\"color: #800000;\">Mi\u00e9rcoles 21 de agosto<\/span><\/h4>\n<p>17 horas:<br \/>\n<strong>Obra en foco: Historia y t\u00e9cnicas de textiles de los trajes de Evita<\/strong>. A cargo de Delia Etcheverry, especialista en la historia del traje y sus t\u00e9cnicas.<\/p>\n<p>Actividad gratuita.<\/p>\n<p><img loading=\"lazy\" decoding=\"async\" data-attachment-id=\"6317\" data-permalink=\"https:\/\/www.comuna13online.com.ar\/?attachment_id=6317\" data-orig-file=\"https:\/\/www.comuna13online.com.ar\/wp-content\/uploads\/2019\/08\/20190806a2.jpg\" data-orig-size=\"678,417\" data-comments-opened=\"0\" data-image-meta=\"{&quot;aperture&quot;:&quot;0&quot;,&quot;credit&quot;:&quot;&quot;,&quot;camera&quot;:&quot;&quot;,&quot;caption&quot;:&quot;&quot;,&quot;created_timestamp&quot;:&quot;0&quot;,&quot;copyright&quot;:&quot;&quot;,&quot;focal_length&quot;:&quot;0&quot;,&quot;iso&quot;:&quot;0&quot;,&quot;shutter_speed&quot;:&quot;0&quot;,&quot;title&quot;:&quot;&quot;,&quot;orientation&quot;:&quot;0&quot;}\" data-image-title=\"20190806a2\" data-image-description=\"\" data-image-caption=\"\" data-large-file=\"https:\/\/www.comuna13online.com.ar\/wp-content\/uploads\/2019\/08\/20190806a2.jpg\" class=\"alignnone size-full wp-image-6317\" src=\"http:\/\/www.comuna13online.com.ar\/wp-content\/uploads\/2019\/08\/20190806a2.jpg\" alt=\"\" width=\"678\" height=\"417\" \/><\/p>\n<p>&nbsp;<\/p>\n<h3><strong>Cronograma visitas a la muestra:<\/strong><\/h3>\n<h4><strong><span style=\"color: #800000;\">Lunes, jueves y viernes<\/span><\/strong><\/h4>\n<p>12.30 y 17 horas<br \/>\n<strong>Recorr\u00e9 la casa y la muestra junto al equipo de educaci\u00f3n<\/strong><\/p>\n<p>Dirigido al p\u00fablico visitante: Se realizar\u00e1 una introducci\u00f3n a la casa y a la colecci\u00f3n permanente del museo y luego una visita guiada por la muestra \u201cUn regalo para Evita\u201d.<\/p>\n<h4><span style=\"color: #800000;\">Mi\u00e9rcoles 7 y 14 a las 12.30 horas y\u00a0<\/span><span style=\"color: #800000;\">S\u00e1bado 10 y 17 de agosto<\/span><\/h4>\n<p><strong>Visitas especiales a la muestra Un regalo para Evita con Patricia Nobilia<\/strong><\/p>\n<p>Los trajes obsequiados por el Gobierno espa\u00f1ol a Eva Duarte de Per\u00f3n en 1947 acervo del museo desde 1967, tienen una particular historia que ten\u00e9s que venir a conocer con la curadora de la muestra Patricia Nobilia. Adem\u00e1s hay prendas del Museo Evita (colecci\u00f3n privada) usado durante la visita de la Primera Dama en Espa\u00f1a.<\/p>\n<p><strong>Horarios:<\/strong><\/p>\n<p>Mi\u00e9rcoles 7 y 14 de agosto a las 12.30 hs.<br \/>\nS\u00e1bado 10 de agosto de 2019, 18 hs.<br \/>\nS\u00e1bado 17 de agosto de 2019, 16 y 18 hs.<\/p>\n<p><img loading=\"lazy\" decoding=\"async\" data-attachment-id=\"6316\" data-permalink=\"https:\/\/www.comuna13online.com.ar\/?attachment_id=6316\" data-orig-file=\"https:\/\/www.comuna13online.com.ar\/wp-content\/uploads\/2019\/08\/20190806a3.jpg\" data-orig-size=\"678,452\" data-comments-opened=\"0\" data-image-meta=\"{&quot;aperture&quot;:&quot;0&quot;,&quot;credit&quot;:&quot;&quot;,&quot;camera&quot;:&quot;&quot;,&quot;caption&quot;:&quot;&quot;,&quot;created_timestamp&quot;:&quot;0&quot;,&quot;copyright&quot;:&quot;&quot;,&quot;focal_length&quot;:&quot;0&quot;,&quot;iso&quot;:&quot;0&quot;,&quot;shutter_speed&quot;:&quot;0&quot;,&quot;title&quot;:&quot;&quot;,&quot;orientation&quot;:&quot;0&quot;}\" data-image-title=\"20190806a3\" data-image-description=\"\" data-image-caption=\"\" data-large-file=\"https:\/\/www.comuna13online.com.ar\/wp-content\/uploads\/2019\/08\/20190806a3-657x438.jpg\" class=\"alignnone size-full wp-image-6316\" src=\"http:\/\/www.comuna13online.com.ar\/wp-content\/uploads\/2019\/08\/20190806a3.jpg\" alt=\"\" width=\"678\" height=\"452\" srcset=\"https:\/\/www.comuna13online.com.ar\/wp-content\/uploads\/2019\/08\/20190806a3.jpg 678w, https:\/\/www.comuna13online.com.ar\/wp-content\/uploads\/2019\/08\/20190806a3-657x438.jpg 657w, https:\/\/www.comuna13online.com.ar\/wp-content\/uploads\/2019\/08\/20190806a3-272x182.jpg 272w\" sizes=\"auto, (max-width: 678px) 100vw, 678px\" \/><\/p>\n<p><strong>Museo de Arte Espa\u00f1ol Enrique Larreta<br \/>\n<span style=\"color: #8a008c;\"><i><span style=\"color: #008080;\">\u00abUn regalo para Evita. Trajes, cultura y pol\u00edtica\u00bb<\/span><br \/>\n<\/i><\/span><\/strong>Juramento 2291, Belgrano<\/p>\n<p><span style=\"color: #3366ff;\">Entrada General $50 <\/span>\u00a0&#8211; Mi\u00e9rcoles: entrada libre y gratuita.<br \/>\nMenores de 12 a\u00f1os, jubilados, discapacitados y estudiantes con acreditaci\u00f3n, gratis.<\/p>\n<p><strong>Horario de visita a la muestra:<\/strong><br \/>\nLunes, mi\u00e9rcoles, jueves y viernes de 12 a 19<br \/>\nS\u00e1bados y domingos de 10 a 20<br \/>\nMartes cerrado al p\u00fablico<\/p>\n<p>En todos los casos las visitas se realizan sin reserva previa &#8211; incluidas en la entrada al museo.<br \/>\n<strong>Cierre de la muestra: 26 de agosto.<\/strong><\/p>\n<p><iframe loading=\"lazy\" style=\"border: 0;\" src=\"https:\/\/www.google.com\/maps\/embed?pb=!1m18!1m12!1m3!1d3285.692963597937!2d-58.4578286850968!3d-34.56132856276278!2m3!1f0!2f0!3f0!3m2!1i1024!2i768!4f13.1!3m3!1m2!1s0x95bcb5d3a0a211b3%3A0xedd3483149685e17!2sMuseo+de+Arte+Espa%C3%B1ol+Enrique+Larreta!5e0!3m2!1ses!2sar!4v1515582783930\" width=\"678\" height=\"450\" frameborder=\"0\" allowfullscreen=\"allowfullscreen\" data-mce-fragment=\"1\"><span data-mce-type=\"bookmark\" style=\"display: inline-block; width: 0px; overflow: hidden; line-height: 0;\" class=\"mce_SELRES_start\">\ufeff<\/span><\/iframe><\/p>\n<p><strong>Transportes Cercanos:<\/strong><\/p>\n<p><strong>Colectivos<\/strong>:\u00a015, 29, 41, 42, 44, 57, 59, 60, 63, 65, 67, 68, 80, 107, 113, 114, 133, 152, 161, 168, 184 y 194.<br \/>\n<strong>Subte<\/strong>: Estaci\u00f3n Juramento de la L\u00ednea D<\/p>\n","protected":false},"excerpt":{"rendered":"<div class=\"mh-excerpt\">Durante el mes de agosto el Museo de Arte Espa\u00f1ol Enrique Larreta desarrollar\u00e1 una serie de actividades en torno a la notable muestra que se inaugur\u00f3 el 7 de junio. <a class=\"mh-excerpt-more\" href=\"https:\/\/www.comuna13online.com.ar\/?p=6315\" title=\"Actividades complementarias a la muestra \u201cUn regalo para Evita\u201d en el Larreta\">[&#8230;]<\/a><\/div>\n","protected":false},"author":1,"featured_media":6319,"comment_status":"closed","ping_status":"closed","sticky":false,"template":"","format":"standard","meta":{"_uag_custom_page_level_css":"","_jetpack_memberships_contains_paid_content":false,"footnotes":"","jetpack_publicize_message":"Actividades complementarias a la muestra \u201cUn regalo para Evita\u201d en el Larreta #Museos #museosBA #BuenMartes","jetpack_publicize_feature_enabled":true,"jetpack_social_post_already_shared":true,"jetpack_social_options":{"image_generator_settings":{"template":"highway","default_image_id":0,"font":"","enabled":false},"version":2}},"categories":[242],"tags":[19,246,77,71],"class_list":{"0":"post-6315","1":"post","2":"type-post","3":"status-publish","4":"format-standard","5":"has-post-thumbnail","7":"category-muestra","8":"tag-comuna-13","9":"tag-h1","10":"tag-museo-larreta","11":"tag-tiempo-libre"},"jetpack_publicize_connections":[],"jetpack_featured_media_url":"https:\/\/www.comuna13online.com.ar\/wp-content\/uploads\/2019\/08\/20190806a.jpg","uagb_featured_image_src":{"full":["https:\/\/www.comuna13online.com.ar\/wp-content\/uploads\/2019\/08\/20190806a.jpg",1030,438,false],"thumbnail":["https:\/\/www.comuna13online.com.ar\/wp-content\/uploads\/2019\/08\/20190806a-150x150.jpg",96,96,true],"medium":["https:\/\/www.comuna13online.com.ar\/wp-content\/uploads\/2019\/08\/20190806a-678x288.jpg",678,288,true],"medium_large":["https:\/\/www.comuna13online.com.ar\/wp-content\/uploads\/2019\/08\/20190806a-768x327.jpg",768,327,true],"large":["https:\/\/www.comuna13online.com.ar\/wp-content\/uploads\/2019\/08\/20190806a.jpg",1030,438,false],"1536x1536":["https:\/\/www.comuna13online.com.ar\/wp-content\/uploads\/2019\/08\/20190806a.jpg",1030,438,false],"2048x2048":["https:\/\/www.comuna13online.com.ar\/wp-content\/uploads\/2019\/08\/20190806a.jpg",1030,438,false],"mh-magazine-slider":["https:\/\/www.comuna13online.com.ar\/wp-content\/uploads\/2019\/08\/20190806a.jpg",1030,438,false],"mh-magazine-content":["https:\/\/www.comuna13online.com.ar\/wp-content\/uploads\/2019\/08\/20190806a-678x381.jpg",678,381,true],"mh-magazine-large":["https:\/\/www.comuna13online.com.ar\/wp-content\/uploads\/2019\/08\/20190806a-678x438.jpg",678,438,true],"mh-magazine-medium":["https:\/\/www.comuna13online.com.ar\/wp-content\/uploads\/2019\/08\/20190806a-326x245.jpg",326,245,true],"mh-magazine-small":["https:\/\/www.comuna13online.com.ar\/wp-content\/uploads\/2019\/08\/20190806a-80x60.jpg",80,60,true],"sow-carousel-default":["https:\/\/www.comuna13online.com.ar\/wp-content\/uploads\/2019\/08\/20190806a-272x182.jpg",272,182,true]},"uagb_author_info":{"display_name":"Comuna13","author_link":"https:\/\/www.comuna13online.com.ar\/?author=1"},"uagb_comment_info":0,"uagb_excerpt":"Durante el mes de agosto el Museo de Arte Espa\u00f1ol Enrique Larreta desarrollar\u00e1 una serie de actividades en torno a la notable muestra que se inaugur\u00f3 el 7 de junio. [...]","jetpack_sharing_enabled":true,"_links":{"self":[{"href":"https:\/\/www.comuna13online.com.ar\/index.php?rest_route=\/wp\/v2\/posts\/6315","targetHints":{"allow":["GET"]}}],"collection":[{"href":"https:\/\/www.comuna13online.com.ar\/index.php?rest_route=\/wp\/v2\/posts"}],"about":[{"href":"https:\/\/www.comuna13online.com.ar\/index.php?rest_route=\/wp\/v2\/types\/post"}],"author":[{"embeddable":true,"href":"https:\/\/www.comuna13online.com.ar\/index.php?rest_route=\/wp\/v2\/users\/1"}],"replies":[{"embeddable":true,"href":"https:\/\/www.comuna13online.com.ar\/index.php?rest_route=%2Fwp%2Fv2%2Fcomments&post=6315"}],"version-history":[{"count":0,"href":"https:\/\/www.comuna13online.com.ar\/index.php?rest_route=\/wp\/v2\/posts\/6315\/revisions"}],"wp:featuredmedia":[{"embeddable":true,"href":"https:\/\/www.comuna13online.com.ar\/index.php?rest_route=\/wp\/v2\/media\/6319"}],"wp:attachment":[{"href":"https:\/\/www.comuna13online.com.ar\/index.php?rest_route=%2Fwp%2Fv2%2Fmedia&parent=6315"}],"wp:term":[{"taxonomy":"category","embeddable":true,"href":"https:\/\/www.comuna13online.com.ar\/index.php?rest_route=%2Fwp%2Fv2%2Fcategories&post=6315"},{"taxonomy":"post_tag","embeddable":true,"href":"https:\/\/www.comuna13online.com.ar\/index.php?rest_route=%2Fwp%2Fv2%2Ftags&post=6315"}],"curies":[{"name":"wp","href":"https:\/\/api.w.org\/{rel}","templated":true}]}}