{"id":6066,"date":"2019-07-18T17:47:20","date_gmt":"2019-07-18T20:47:20","guid":{"rendered":"http:\/\/www.comuna13online.com.ar\/?p=6066"},"modified":"2019-07-19T15:59:44","modified_gmt":"2019-07-19T18:59:44","slug":"los-partidos-politicos-se-unieron-por-una-campana-limpia-y-responsable","status":"publish","type":"post","link":"https:\/\/www.comuna13online.com.ar\/?p=6066","title":{"rendered":"Los partidos pol\u00edticos se unieron \u00abPor una campa\u00f1a limpia y responsable\u00bb"},"content":{"rendered":"<p><strong>Entre Los Partidos Pol\u00edticos, empresarios, publicistas y organizaciones varias, firmaron un documento en la Legislatura porte\u00f1a donde se comprometieron a realizar una campa\u00f1a limpia, respetando el espacio p\u00fablico y privado.<\/strong><\/p>\n<p><img loading=\"lazy\" decoding=\"async\" data-attachment-id=\"6068\" data-permalink=\"https:\/\/www.comuna13online.com.ar\/?attachment_id=6068\" data-orig-file=\"https:\/\/www.comuna13online.com.ar\/wp-content\/uploads\/2019\/07\/20190718c1.jpg\" data-orig-size=\"678,391\" data-comments-opened=\"0\" data-image-meta=\"{&quot;aperture&quot;:&quot;0&quot;,&quot;credit&quot;:&quot;&quot;,&quot;camera&quot;:&quot;&quot;,&quot;caption&quot;:&quot;&quot;,&quot;created_timestamp&quot;:&quot;0&quot;,&quot;copyright&quot;:&quot;&quot;,&quot;focal_length&quot;:&quot;0&quot;,&quot;iso&quot;:&quot;0&quot;,&quot;shutter_speed&quot;:&quot;0&quot;,&quot;title&quot;:&quot;&quot;,&quot;orientation&quot;:&quot;0&quot;}\" data-image-title=\"20190718c1\" data-image-description=\"\" data-image-caption=\"\" data-large-file=\"https:\/\/www.comuna13online.com.ar\/wp-content\/uploads\/2019\/07\/20190718c1.jpg\" class=\"alignnone size-full wp-image-6068\" src=\"http:\/\/www.comuna13online.com.ar\/wp-content\/uploads\/2019\/07\/20190718c1.jpg\" alt=\"\" width=\"678\" height=\"391\" \/><\/p>\n<p>Representantes de Juntos por el Cambio (JC) y el Frente de Todos (FT), entre otras agrupaciones pol\u00edticas; adem\u00e1s de empresas de publicidad, organizaciones de la sociedad civil y autoridades porte\u00f1as, firmaron un consenso por una \u201cciudad limpia, campa\u00f1a electoral responsable\u201d<\/p>\n<p>El documento aboga por el respeto a las fechas y lugares permitidos para la realizaci\u00f3n de campa\u00f1a, adem\u00e1s de difundir la ilegalidad de afiches y pintadas sobre contenedores de basura, buzones, columnas de alumbrado, fachadas de persianas, mobiliario urbano, entre otros elementos; tal como est\u00e1 establecido por las leyes sancionadas por la Legislatura porte\u00f1a: 268\/1999, sobre Campa\u00f1as Electorales; 2936\/2008 sobre Publicidad Exterior y 4894\/2013 que establece el r\u00e9gimen normativo de Elecciones Primarias, Abiertas, Simult\u00e1neas y Obligatorias.<\/p>\n<div align=\"center\">\n<blockquote class=\"twitter-tweet\" data-lang=\"es\">\n<p dir=\"ltr\" lang=\"es\">En representaci\u00f3n del Frente de <a href=\"https:\/\/twitter.com\/TodosCaba?ref_src=twsrc%5Etfw\">@TodosCaba<\/a> acompa\u00f1amos el Compromiso por una Ciudad Limpia en campa\u00f1a. Creemos en la importancia de construir acuerdos que permitan transitar las elecciones sin ensuciar la Ciudad y cuidando el bienestar de los vecinos y vecinas. <a href=\"https:\/\/t.co\/MgnIhMeVXX\">pic.twitter.com\/MgnIhMeVXX<\/a><\/p>\n<p>\u2014 Claudia Neira (@NeiraClaudia) <a href=\"https:\/\/twitter.com\/NeiraClaudia\/status\/1151618623359856640?ref_src=twsrc%5Etfw\">17 de julio de 2019<\/a><\/p><\/blockquote>\n<p><script async src=\"https:\/\/platform.twitter.com\/widgets.js\" charset=\"utf-8\"><\/script><\/p>\n<\/div>\n<p>Con la firma de este consenso denominado \u201cCiudad limpia, campa\u00f1a electoral responsable\u201d las distintas partes se comprometieron a:<\/p>\n<p><strong>LOS PARTIDOS POL\u00cdTICOS:<\/strong><\/p>\n<ul>\n<li>Respetar\u00e1n las fechas permitidas para la realizaci\u00f3n de las campa\u00f1as electorales, dando cumplimiento a los periodos establecidos en las leyes N\u00b0 268 y 2894.<\/li>\n<li>Priorizar\u00e1n el cuidado del ambiente y de la higiene del espacio p\u00fablico en la planificaci\u00f3n e implementaci\u00f3n de actividades de campa\u00f1a.<\/li>\n<li>Promover\u00e1n que todas las personas y contratistas que realicen actividades de campa\u00f1a en su nombre respeten la ley N\u00b0 2936 en materia de publicidad exterior, contando con los permisos vigentes.<\/li>\n<li>Generar\u00e1n acciones de concientizaci\u00f3n y respeto del espacio p\u00fablico entre los afiliados, adherentes y militantes, informando sobre la ilegalidad de realizar campa\u00f1as publicitarias sobre contenedores de basura, buzones, columnas de alumbrado, fachadas y persianas, mobiliario urbano, monumentos hist\u00f3ricos, \u00e1rboles, entre otros elementos y espacios prohibidos.<\/li>\n<li>Velar\u00e1n por la preservaci\u00f3n de la limpieza de la Ciudad de Buenos Aires, en cumplimiento de las leyes N\u00b0 260 y N\u00b0 2936. Asimismo, cooperar\u00e1n con la limpieza del espacio p\u00fablico durante las campa\u00f1as y, una vez que aquellas finalicen, participar\u00e1n de acciones voluntarias y multipartidarias de retiro de pegatinas, grafitis y\/o publicidades en espacios no autorizados.<\/li>\n<li>Incentivar\u00e1n el uso de materiales biodegradables, libres de sustancias nocivas para la salud y el ambiente. En ese marco, optar\u00e1n por la utilizaci\u00f3n de papel con el menor grado de blancura posible, procurando evitar la contaminaci\u00f3n ambiental generada por el proceso de blanqueo.<\/li>\n<li>Con el objetivo de reducir el gastos energ\u00e9tico y procurar una utilizaci\u00f3n eficiente de los recursos, optar\u00e1n por el uso de luminaria LED en los anuncios lum\u00ednicos y promover\u00e1n el uso de campa\u00f1a digitales que contemplen anuncios en l\u00ednea, la utilizaci\u00f3n de redes sociales, entre otros.<strong>EL GOBIERNO PORTE\u00d1O:<\/strong><\/li>\n<li>Procurar\u00e1 disponer de los recursos necesarios para ampliar los espacios gratuitos de publicidad en la v\u00eda p\u00fablica para los partidos pol\u00edticos y alianzas durante la segunda mitad de cada periodo de campa\u00f1a.<\/li>\n<li>Distribuir\u00e1 los espacios gratuitos en v\u00eda p\u00fablica de forma equitativa entre los partidos pol\u00edticos y alianzas.<\/li>\n<li>Facilitar\u00e1 la coordinaci\u00f3n de actividades voluntarias de capacitaci\u00f3n para equipos de campa\u00f1a y de limpieza.<\/li>\n<li>Velar\u00e1 por un uso de la publicidad oficial conforme a la normativa vigente, respetando el cumplimiento a los periodos establecidos en las leyes N\u00b0 268 y N\u00b0 4894.<\/li>\n<li>Promover\u00e1 el di\u00e1logo y la participaci\u00f3n en el cumplimiento de los consensos mediante la conformaci\u00f3n de un Consejo de Seguimiento, que incluya representantes de los partidos pol\u00edticos y alianzas, de la Defensor\u00eda del Pueblo de la Ciudad de Buenos Aires, organismos de la sociedad civil y asociaciones de publicidad exterior.<\/li>\n<li>Publicar\u00e1 de forma activa la informaci\u00f3n que se genere en el marco del consenso a fines de permitir tomar decisiones informadas a los actores y evaluar esta pol\u00edtica p\u00fablica.<\/li>\n<\/ul>\n<figure id=\"attachment_6069\" aria-describedby=\"caption-attachment-6069\" style=\"width: 678px\" class=\"wp-caption alignnone\"><img loading=\"lazy\" decoding=\"async\" data-attachment-id=\"6069\" data-permalink=\"https:\/\/www.comuna13online.com.ar\/?attachment_id=6069\" data-orig-file=\"https:\/\/www.comuna13online.com.ar\/wp-content\/uploads\/2019\/07\/20190718c2.jpg\" data-orig-size=\"678,339\" data-comments-opened=\"0\" data-image-meta=\"{&quot;aperture&quot;:&quot;0&quot;,&quot;credit&quot;:&quot;&quot;,&quot;camera&quot;:&quot;&quot;,&quot;caption&quot;:&quot;&quot;,&quot;created_timestamp&quot;:&quot;0&quot;,&quot;copyright&quot;:&quot;&quot;,&quot;focal_length&quot;:&quot;0&quot;,&quot;iso&quot;:&quot;0&quot;,&quot;shutter_speed&quot;:&quot;0&quot;,&quot;title&quot;:&quot;&quot;,&quot;orientation&quot;:&quot;0&quot;}\" data-image-title=\"20190718c2\" data-image-description=\"\" data-image-caption=\"\" data-large-file=\"https:\/\/www.comuna13online.com.ar\/wp-content\/uploads\/2019\/07\/20190718c2.jpg\" class=\"wp-image-6069 size-full\" src=\"http:\/\/www.comuna13online.com.ar\/wp-content\/uploads\/2019\/07\/20190718c2.jpg\" alt=\"\" width=\"678\" height=\"339\" \/><figcaption id=\"caption-attachment-6069\" class=\"wp-caption-text\">Alejandro Amor, titular de la Defensor\u00eda del pueblo de la Ciudad suscribe al acurdo.<\/figcaption><\/figure>\n<p>Firmaron el documento los candidatos a primeros legisladores Diego Garc\u00eda Vilas (JC), Claudia Neira, (FT) y Eugenio Casielles (Consenso Federal); los apoderados Mariano Genovesi (JC) y Mauro Riano (FT); Fernando Straface, secretario general de Gobierno; Juan Pablo Limodio, subsecretario de Administraci\u00f3n General y Espacio P\u00fablico; Cecilia Segura, presidenta de la Auditor\u00eda General de la Ciudad (AGCBA); Alejandro Amor, Defensor del Pueblo; junto a representantes de Asociaci\u00f3n Argentina de Empresas de Publicidad, C\u00e1mara Argentina de Publicidad en V\u00eda P\u00fablica, Instituto Democracia y Elecciones (IDEMOE), Centro de Implementaci\u00f3n de Pol\u00edticas P\u00fablicas para la Equidad el Crecimiento (CIPPEC), Transparencia Electoral; entre otros representantes de la sociedad civil, funcionarios, candidatos; como la legisladora Natalia Fidel y Jorge Garayalde (AGCBA).\u00a0 La iniciativa fue del ministro de Gobierno Bruno Screnci Silva, junto al subsecretario de Reforma Pol\u00edtica y Asuntos Legislativos, Hern\u00e1n Charosky.<\/p>\n","protected":false},"excerpt":{"rendered":"<div class=\"mh-excerpt\">Entre Los Partidos Pol\u00edticos, empresarios, publicistas y organizaciones varias, firmaron un documento en la Legislatura porte\u00f1a donde se comprometieron a realizar una campa\u00f1a limpia, respetando el espacio p\u00fablico y privado. <a class=\"mh-excerpt-more\" href=\"https:\/\/www.comuna13online.com.ar\/?p=6066\" title=\"Los partidos pol\u00edticos se unieron \u00abPor una campa\u00f1a limpia y responsable\u00bb\">[&#8230;]<\/a><\/div>\n","protected":false},"author":1,"featured_media":6090,"comment_status":"closed","ping_status":"closed","sticky":false,"template":"","format":"standard","meta":{"_uag_custom_page_level_css":"","_jetpack_memberships_contains_paid_content":false,"footnotes":"","jetpack_publicize_message":"","jetpack_publicize_feature_enabled":true,"jetpack_social_post_already_shared":true,"jetpack_social_options":{"image_generator_settings":{"template":"highway","default_image_id":0,"font":"","enabled":false},"version":2}},"categories":[232],"tags":[190,246,7],"class_list":{"0":"post-6066","1":"post","2":"type-post","3":"status-publish","4":"format-standard","5":"has-post-thumbnail","7":"category-elecciones","8":"tag-elecciones","9":"tag-h1","10":"tag-legislatura"},"jetpack_publicize_connections":[],"jetpack_featured_media_url":"https:\/\/www.comuna13online.com.ar\/wp-content\/uploads\/2019\/07\/20190718c_.jpg","uagb_featured_image_src":{"full":["https:\/\/www.comuna13online.com.ar\/wp-content\/uploads\/2019\/07\/20190718c_.jpg",1030,438,false],"thumbnail":["https:\/\/www.comuna13online.com.ar\/wp-content\/uploads\/2019\/07\/20190718c_-150x150.jpg",96,96,true],"medium":["https:\/\/www.comuna13online.com.ar\/wp-content\/uploads\/2019\/07\/20190718c_-678x288.jpg",678,288,true],"medium_large":["https:\/\/www.comuna13online.com.ar\/wp-content\/uploads\/2019\/07\/20190718c_-768x327.jpg",768,327,true],"large":["https:\/\/www.comuna13online.com.ar\/wp-content\/uploads\/2019\/07\/20190718c_.jpg",1030,438,false],"1536x1536":["https:\/\/www.comuna13online.com.ar\/wp-content\/uploads\/2019\/07\/20190718c_.jpg",1030,438,false],"2048x2048":["https:\/\/www.comuna13online.com.ar\/wp-content\/uploads\/2019\/07\/20190718c_.jpg",1030,438,false],"mh-magazine-slider":["https:\/\/www.comuna13online.com.ar\/wp-content\/uploads\/2019\/07\/20190718c_.jpg",1030,438,false],"mh-magazine-content":["https:\/\/www.comuna13online.com.ar\/wp-content\/uploads\/2019\/07\/20190718c_-678x381.jpg",678,381,true],"mh-magazine-large":["https:\/\/www.comuna13online.com.ar\/wp-content\/uploads\/2019\/07\/20190718c_-678x438.jpg",678,438,true],"mh-magazine-medium":["https:\/\/www.comuna13online.com.ar\/wp-content\/uploads\/2019\/07\/20190718c_-326x245.jpg",326,245,true],"mh-magazine-small":["https:\/\/www.comuna13online.com.ar\/wp-content\/uploads\/2019\/07\/20190718c_-80x60.jpg",80,60,true],"sow-carousel-default":["https:\/\/www.comuna13online.com.ar\/wp-content\/uploads\/2019\/07\/20190718c_-272x182.jpg",272,182,true]},"uagb_author_info":{"display_name":"Comuna13","author_link":"https:\/\/www.comuna13online.com.ar\/?author=1"},"uagb_comment_info":0,"uagb_excerpt":"Entre Los Partidos Pol\u00edticos, empresarios, publicistas y organizaciones varias, firmaron un documento en la Legislatura porte\u00f1a donde se comprometieron a realizar una campa\u00f1a limpia, respetando el espacio p\u00fablico y privado. [...]","jetpack_sharing_enabled":true,"_links":{"self":[{"href":"https:\/\/www.comuna13online.com.ar\/index.php?rest_route=\/wp\/v2\/posts\/6066","targetHints":{"allow":["GET"]}}],"collection":[{"href":"https:\/\/www.comuna13online.com.ar\/index.php?rest_route=\/wp\/v2\/posts"}],"about":[{"href":"https:\/\/www.comuna13online.com.ar\/index.php?rest_route=\/wp\/v2\/types\/post"}],"author":[{"embeddable":true,"href":"https:\/\/www.comuna13online.com.ar\/index.php?rest_route=\/wp\/v2\/users\/1"}],"replies":[{"embeddable":true,"href":"https:\/\/www.comuna13online.com.ar\/index.php?rest_route=%2Fwp%2Fv2%2Fcomments&post=6066"}],"version-history":[{"count":0,"href":"https:\/\/www.comuna13online.com.ar\/index.php?rest_route=\/wp\/v2\/posts\/6066\/revisions"}],"wp:featuredmedia":[{"embeddable":true,"href":"https:\/\/www.comuna13online.com.ar\/index.php?rest_route=\/wp\/v2\/media\/6090"}],"wp:attachment":[{"href":"https:\/\/www.comuna13online.com.ar\/index.php?rest_route=%2Fwp%2Fv2%2Fmedia&parent=6066"}],"wp:term":[{"taxonomy":"category","embeddable":true,"href":"https:\/\/www.comuna13online.com.ar\/index.php?rest_route=%2Fwp%2Fv2%2Fcategories&post=6066"},{"taxonomy":"post_tag","embeddable":true,"href":"https:\/\/www.comuna13online.com.ar\/index.php?rest_route=%2Fwp%2Fv2%2Ftags&post=6066"}],"curies":[{"name":"wp","href":"https:\/\/api.w.org\/{rel}","templated":true}]}}