{"id":6062,"date":"2019-08-20T06:00:26","date_gmt":"2019-08-20T09:00:26","guid":{"rendered":"http:\/\/www.comuna13online.com.ar\/?p=6062"},"modified":"2019-08-20T10:43:25","modified_gmt":"2019-08-20T13:43:25","slug":"esta-abierta-la-inscripcion-al-concurso-juguemos-juntos","status":"publish","type":"post","link":"https:\/\/www.comuna13online.com.ar\/?p=6062","title":{"rendered":"\u00daltimos d\u00edas para inscribirse al concurso \u00abJuguemos Juntos\u00bb"},"content":{"rendered":"<p><strong>Hay tiempo hasta el 31 de agosto para la inscripci\u00f3n de la 4ta edici\u00f3n del concurso de dise\u00f1o de juguetes inclusivos \u00abJuguemos juntos\u00bb declarado de \u00abInterr\u00e9s\u00a0 Social\u00bb por la Legislatura.<\/strong><\/p>\n<p><img loading=\"lazy\" decoding=\"async\" data-attachment-id=\"6060\" data-permalink=\"https:\/\/www.comuna13online.com.ar\/?attachment_id=6060\" data-orig-file=\"https:\/\/www.comuna13online.com.ar\/wp-content\/uploads\/2019\/07\/20190722a1.jpg\" data-orig-size=\"678,440\" data-comments-opened=\"0\" data-image-meta=\"{&quot;aperture&quot;:&quot;0&quot;,&quot;credit&quot;:&quot;&quot;,&quot;camera&quot;:&quot;&quot;,&quot;caption&quot;:&quot;&quot;,&quot;created_timestamp&quot;:&quot;0&quot;,&quot;copyright&quot;:&quot;&quot;,&quot;focal_length&quot;:&quot;0&quot;,&quot;iso&quot;:&quot;0&quot;,&quot;shutter_speed&quot;:&quot;0&quot;,&quot;title&quot;:&quot;&quot;,&quot;orientation&quot;:&quot;0&quot;}\" data-image-title=\"20190722a1\" data-image-description=\"\" data-image-caption=\"\" data-large-file=\"https:\/\/www.comuna13online.com.ar\/wp-content\/uploads\/2019\/07\/20190722a1-675x438.jpg\" class=\"alignnone size-full wp-image-6060\" src=\"http:\/\/www.comuna13online.com.ar\/wp-content\/uploads\/2019\/07\/20190722a1.jpg\" alt=\"\" width=\"678\" height=\"440\" srcset=\"https:\/\/www.comuna13online.com.ar\/wp-content\/uploads\/2019\/07\/20190722a1.jpg 678w, https:\/\/www.comuna13online.com.ar\/wp-content\/uploads\/2019\/07\/20190722a1-675x438.jpg 675w\" sizes=\"auto, (max-width: 678px) 100vw, 678px\" \/><\/p>\n<p>El concurso organizado por FUNDALC\u00a0 y la jugueter\u00eda Juguetes Universales tiene como objetivo es premiar y dar visibilidad al dise\u00f1o de juguetes para ni\u00f1os con discapacidad.<\/p>\n<p>Dise\u00f1o Universal es el tema global de El Concurso. Dentro de ese marco Los Aspirantes deber\u00e1n elegir el usuario del juguete a dise\u00f1ar, entre los siguientes: Ni\u00f1os con discapacidad visual, Ni\u00f1os con discapacidad auditiva, Ni\u00f1os con discapacidad cognitiva, Ni\u00f1os con discapacidad motriz, y Ni\u00f1os dentro del espectro autista.<\/p>\n<p>Hay tiempo para inscribirse hasta el 31 de agosto, d\u00eda de cierre de la recepci\u00f3n de los proyectos. Los participantes pueden ser estudiantes o egresados de las carreras de Dise\u00f1o o bien cualquier persona interesada en el mundo de los juguetes y la discapacidad, de manera individual o en equipos.<\/p>\n<div align=\"center\">\n<blockquote class=\"twitter-tweet\" data-lang=\"es\">\n<p dir=\"ltr\" lang=\"es\">Convocamos a dise\u00f1adores y creativos de todo el pa\u00eds, a participar en la cuarta edici\u00f3n del certamen <a href=\"https:\/\/twitter.com\/hashtag\/JuguemosJuntos?src=hash&amp;ref_src=twsrc%5Etfw\">#JuguemosJuntos<\/a>, el primer concurso que premia el dise\u00f1o de juguetes inclusivos.<br \/>\nHay $120.000 pesos en premios. Present\u00e1 tus ideas HOY, ingresando a <a href=\"https:\/\/t.co\/D68rdPwb3l\">https:\/\/t.co\/D68rdPwb3l<\/a> <a href=\"https:\/\/t.co\/QV8ZOwrz4p\">pic.twitter.com\/QV8ZOwrz4p<\/a><\/p>\n<p>\u2014 Fundaci\u00f3n FUNDALC (@fundalc) <a href=\"https:\/\/twitter.com\/fundalc\/status\/1148962213719433217?ref_src=twsrc%5Etfw\">10 de julio de 2019<\/a><\/p><\/blockquote>\n<p><script async src=\"https:\/\/platform.twitter.com\/widgets.js\" charset=\"utf-8\"><\/script><\/p>\n<\/div>\n<p>La participaci\u00f3n en el concurso es libre y gratuita para todos los que cumplan con los requisitos establecidos en las <a href=\"http:\/\/www.fundalc.org\/wp-content\/themes\/fundalc\/juguemosjuntos\/pdf\/bases-y-condiciones-2019.pdf\" target=\"_blank\" rel=\"noopener noreferrer\">Bases y Condiciones<\/a>. La inscripci\u00f3n de hace online ingresando a <a href=\"http:\/\/www.fundalc.org\/juguemosjuntos\/\" target=\"_blank\" rel=\"noopener noreferrer\">http:\/\/www.fundalc.org\/juguemosjuntos\/<\/a>.<\/p>\n<p>Los archivos necesarios para participar son dos \u201cl\u00e1minas\u201d en formato JPG enumerados bajo nombre del participante (ej. JuanPerez 1.jpg JuanPerez 2.jpg).<br \/>\nLa primer l\u00e1mina debe contener la presentaci\u00f3n del proyecto, comentar el usuario elegido, qu\u00e9 estimula el juguete dise\u00f1ado, y la forma de uso\/juego,\u00a0la segunda l\u00e1mina debe incluir dibujos y\/o renders del juguete con los datos t\u00e9cnicos para su fabricaci\u00f3n, se deben incluir tambi\u00e9n materiales, medidas, y forma de producci\u00f3n.<\/p>\n<p><strong>Programa de Premios:\u00a0<\/strong><\/p>\n<ul>\n<li>Primer Premio: El Ganador recibir\u00e1 como premio: $50.000 en efectivo, y Membres\u00eda por un a\u00f1o como Socio B en INICIA.<\/li>\n<li>Segundo Premio: El Segundo puesto recibir\u00e1 como premio: $40.000 en efectivo, y Membres\u00eda por un a\u00f1o como Socio A en INICIA.<\/li>\n<li>Tercer Premio: El Tercer puesto recibir\u00e1 como premio: $30.000 en efectivo, y una cuponera INICIA.<\/li>\n<\/ul>\n<p><img loading=\"lazy\" decoding=\"async\" data-attachment-id=\"99\" data-permalink=\"https:\/\/www.comuna13online.com.ar\/?attachment_id=99\" data-orig-file=\"https:\/\/www.comuna13online.com.ar\/wp-content\/uploads\/2017\/12\/line.jpg\" data-orig-size=\"678,1\" data-comments-opened=\"0\" data-image-meta=\"{&quot;aperture&quot;:&quot;0&quot;,&quot;credit&quot;:&quot;&quot;,&quot;camera&quot;:&quot;&quot;,&quot;caption&quot;:&quot;&quot;,&quot;created_timestamp&quot;:&quot;0&quot;,&quot;copyright&quot;:&quot;&quot;,&quot;focal_length&quot;:&quot;0&quot;,&quot;iso&quot;:&quot;0&quot;,&quot;shutter_speed&quot;:&quot;0&quot;,&quot;title&quot;:&quot;&quot;,&quot;orientation&quot;:&quot;0&quot;}\" data-image-title=\"line\" data-image-description=\"\" data-image-caption=\"\" data-large-file=\"https:\/\/www.comuna13online.com.ar\/wp-content\/uploads\/2017\/12\/line.jpg\" class=\"alignnone size-full wp-image-99\" src=\"http:\/\/www.comuna13online.com.ar\/wp-content\/uploads\/2017\/12\/line.jpg\" alt=\"\" width=\"678\" height=\"1\" srcset=\"https:\/\/www.comuna13online.com.ar\/wp-content\/uploads\/2017\/12\/line.jpg 678w, https:\/\/www.comuna13online.com.ar\/wp-content\/uploads\/2017\/12\/line-150x1.jpg 150w, https:\/\/www.comuna13online.com.ar\/wp-content\/uploads\/2017\/12\/line-326x1.jpg 326w, https:\/\/www.comuna13online.com.ar\/wp-content\/uploads\/2017\/12\/line-80x1.jpg 80w, https:\/\/www.comuna13online.com.ar\/wp-content\/uploads\/2017\/12\/line-272x1.jpg 272w\" sizes=\"auto, (max-width: 678px) 100vw, 678px\" \/><\/p>\n<h3><span style=\"color: #800000;\"><strong>Algunos proyectos al azar de \u00abJuguemos Juntos\u00bb 2018<\/strong><\/span><\/h3>\n<p><span style=\"color: #666699;\"><strong>ACONCAGUA <\/strong><\/span>(Discapacidad Motriz) de <strong>Gonzalo Daniel Santos<\/strong>, Victoria, Bs. A.s \u00a0\u00a0<a href=\"http:\/\/www.fundalc.org\/wp-content\/themes\/fundalc\/juguemosjuntos\/img\/jj2018\/laminas\/aconcagua-1200.jpg\" target=\"_blank\" rel=\"noopener noreferrer\">+ampliar<\/a><br \/>\n<span style=\"color: #000000;\">Aconcagua apunta a ejercitar la motricidad fina.<\/span><\/p>\n<p><span style=\"color: #666699;\"><strong>MU\u00d1I <span style=\"font-size: 16px;\">(Autismo) de <\/span><span style=\"color: #000000;\">Carolina Worcel. <\/span><\/strong><span style=\"font-size: 16px; color: #000000;\">CABA<\/span><span style=\"font-size: 16px;\"> \u00a0\u00a0<a href=\"http:\/\/www.fundalc.org\/wp-content\/themes\/fundalc\/juguemosjuntos\/img\/jj2018\/laminas\/muni-1200.jpg\" target=\"_blank\" rel=\"noopener noreferrer\">+ampliar<\/a><br \/>\n<span style=\"color: #000000;\">Actividad orientada por color dise\u00f1ado para chicos con Autismo<\/span><\/span><strong><br \/>\n<\/strong><\/span><\/p>\n<p><span style=\"color: #666699;\"><strong>PISTOZOO<\/strong><\/span> (Discapacidad Visual) de <strong>Hern\u00e1n Gabriel Ohashi<\/strong>, CABA \u00a0\u00a0<a href=\"http:\/\/www.fundalc.org\/wp-content\/themes\/fundalc\/juguemosjuntos\/img\/jj2018\/laminas\/pistozoo-1200.jpg\" target=\"_blank\" rel=\"noopener noreferrer\">+ampliar<\/a><br \/>\nPara ni\u00f1os con discapacidad visual entre 12 y 18 meses.<\/p>\n<div data-carousel-extra='{&quot;blog_id&quot;:1,&quot;permalink&quot;:&quot;https:\/\/www.comuna13online.com.ar\/?p=6062&quot;}' id='gallery-1' class='gallery galleryid-6062 gallery-columns-3 gallery-size-medium'><figure class='gallery-item'>\n\t\t\t<div class='gallery-icon landscape'>\n\t\t\t\t<a href='https:\/\/www.comuna13online.com.ar\/?attachment_id=6055'><img loading=\"lazy\" decoding=\"async\" width=\"637\" height=\"452\" src=\"https:\/\/www.comuna13online.com.ar\/wp-content\/uploads\/2019\/07\/20190722a2-637x452.jpg\" class=\"attachment-medium size-medium\" alt=\"\" aria-describedby=\"gallery-1-6055\" srcset=\"https:\/\/www.comuna13online.com.ar\/wp-content\/uploads\/2019\/07\/20190722a2-637x452.jpg 637w, https:\/\/www.comuna13online.com.ar\/wp-content\/uploads\/2019\/07\/20190722a2-617x438.jpg 617w, https:\/\/www.comuna13online.com.ar\/wp-content\/uploads\/2019\/07\/20190722a2.jpg 678w\" sizes=\"auto, (max-width: 637px) 100vw, 637px\" data-attachment-id=\"6055\" data-permalink=\"https:\/\/www.comuna13online.com.ar\/?attachment_id=6055\" data-orig-file=\"https:\/\/www.comuna13online.com.ar\/wp-content\/uploads\/2019\/07\/20190722a2.jpg\" data-orig-size=\"678,481\" data-comments-opened=\"0\" data-image-meta=\"{&quot;aperture&quot;:&quot;0&quot;,&quot;credit&quot;:&quot;&quot;,&quot;camera&quot;:&quot;&quot;,&quot;caption&quot;:&quot;&quot;,&quot;created_timestamp&quot;:&quot;0&quot;,&quot;copyright&quot;:&quot;&quot;,&quot;focal_length&quot;:&quot;0&quot;,&quot;iso&quot;:&quot;0&quot;,&quot;shutter_speed&quot;:&quot;0&quot;,&quot;title&quot;:&quot;&quot;,&quot;orientation&quot;:&quot;0&quot;}\" data-image-title=\"20190722a2\" data-image-description=\"\" data-image-caption=\"&lt;p&gt;ACONCAGUA Discapacidad Motriz) de Gonzalo Daniel Santos,&lt;br \/&gt;\nApunta a ejercitar la motricidad fina.&lt;\/p&gt;\n\" data-large-file=\"https:\/\/www.comuna13online.com.ar\/wp-content\/uploads\/2019\/07\/20190722a2-617x438.jpg\" \/><\/a>\n\t\t\t<\/div>\n\t\t\t\t<figcaption class='wp-caption-text gallery-caption' id='gallery-1-6055'>\n\t\t\t\tACONCAGUA Discapacidad Motriz) de Gonzalo Daniel Santos, \nApunta a ejercitar la motricidad fina.\n\t\t\t\t<\/figcaption><\/figure><figure class='gallery-item'>\n\t\t\t<div class='gallery-icon landscape'>\n\t\t\t\t<a href='https:\/\/www.comuna13online.com.ar\/?attachment_id=6056'><img loading=\"lazy\" decoding=\"async\" width=\"637\" height=\"452\" src=\"https:\/\/www.comuna13online.com.ar\/wp-content\/uploads\/2019\/07\/20190722a3-637x452.jpg\" class=\"attachment-medium size-medium\" alt=\"\" aria-describedby=\"gallery-1-6056\" srcset=\"https:\/\/www.comuna13online.com.ar\/wp-content\/uploads\/2019\/07\/20190722a3-637x452.jpg 637w, https:\/\/www.comuna13online.com.ar\/wp-content\/uploads\/2019\/07\/20190722a3-617x438.jpg 617w, https:\/\/www.comuna13online.com.ar\/wp-content\/uploads\/2019\/07\/20190722a3.jpg 678w\" sizes=\"auto, (max-width: 637px) 100vw, 637px\" data-attachment-id=\"6056\" data-permalink=\"https:\/\/www.comuna13online.com.ar\/?attachment_id=6056\" data-orig-file=\"https:\/\/www.comuna13online.com.ar\/wp-content\/uploads\/2019\/07\/20190722a3.jpg\" data-orig-size=\"678,481\" data-comments-opened=\"0\" data-image-meta=\"{&quot;aperture&quot;:&quot;0&quot;,&quot;credit&quot;:&quot;&quot;,&quot;camera&quot;:&quot;&quot;,&quot;caption&quot;:&quot;&quot;,&quot;created_timestamp&quot;:&quot;0&quot;,&quot;copyright&quot;:&quot;&quot;,&quot;focal_length&quot;:&quot;0&quot;,&quot;iso&quot;:&quot;0&quot;,&quot;shutter_speed&quot;:&quot;0&quot;,&quot;title&quot;:&quot;&quot;,&quot;orientation&quot;:&quot;0&quot;}\" data-image-title=\"20190722a3\" data-image-description=\"\" data-image-caption=\"&lt;p&gt;MU\u00d1I de Carolina Worcel. Actividad orientada por color dise\u00f1ado para chicos con Autismo&lt;\/p&gt;\n\" data-large-file=\"https:\/\/www.comuna13online.com.ar\/wp-content\/uploads\/2019\/07\/20190722a3-617x438.jpg\" \/><\/a>\n\t\t\t<\/div>\n\t\t\t\t<figcaption class='wp-caption-text gallery-caption' id='gallery-1-6056'>\n\t\t\t\tMU\u00d1I de Carolina Worcel. Actividad orientada por color dise\u00f1ado para chicos con Autismo\n\t\t\t\t<\/figcaption><\/figure><figure class='gallery-item'>\n\t\t\t<div class='gallery-icon landscape'>\n\t\t\t\t<a href='https:\/\/www.comuna13online.com.ar\/?attachment_id=6057'><img loading=\"lazy\" decoding=\"async\" width=\"637\" height=\"452\" src=\"https:\/\/www.comuna13online.com.ar\/wp-content\/uploads\/2019\/07\/20190722a4-637x452.jpg\" class=\"attachment-medium size-medium\" alt=\"\" aria-describedby=\"gallery-1-6057\" srcset=\"https:\/\/www.comuna13online.com.ar\/wp-content\/uploads\/2019\/07\/20190722a4-637x452.jpg 637w, https:\/\/www.comuna13online.com.ar\/wp-content\/uploads\/2019\/07\/20190722a4-617x438.jpg 617w, https:\/\/www.comuna13online.com.ar\/wp-content\/uploads\/2019\/07\/20190722a4.jpg 678w\" sizes=\"auto, (max-width: 637px) 100vw, 637px\" data-attachment-id=\"6057\" data-permalink=\"https:\/\/www.comuna13online.com.ar\/?attachment_id=6057\" data-orig-file=\"https:\/\/www.comuna13online.com.ar\/wp-content\/uploads\/2019\/07\/20190722a4.jpg\" data-orig-size=\"678,481\" data-comments-opened=\"0\" data-image-meta=\"{&quot;aperture&quot;:&quot;0&quot;,&quot;credit&quot;:&quot;&quot;,&quot;camera&quot;:&quot;&quot;,&quot;caption&quot;:&quot;&quot;,&quot;created_timestamp&quot;:&quot;0&quot;,&quot;copyright&quot;:&quot;&quot;,&quot;focal_length&quot;:&quot;0&quot;,&quot;iso&quot;:&quot;0&quot;,&quot;shutter_speed&quot;:&quot;0&quot;,&quot;title&quot;:&quot;&quot;,&quot;orientation&quot;:&quot;0&quot;}\" data-image-title=\"20190722a4\" data-image-description=\"\" data-image-caption=\"&lt;p&gt;PISTOZOO de Hern\u00e1n Gabriel Ohashi.&lt;br \/&gt;\nPara ni\u00f1os con discapacidad visual entre 12 y 18 meses.&lt;\/p&gt;\n\" data-large-file=\"https:\/\/www.comuna13online.com.ar\/wp-content\/uploads\/2019\/07\/20190722a4-617x438.jpg\" \/><\/a>\n\t\t\t<\/div>\n\t\t\t\t<figcaption class='wp-caption-text gallery-caption' id='gallery-1-6057'>\n\t\t\t\tPISTOZOO de Hern\u00e1n Gabriel Ohashi.\nPara ni\u00f1os con discapacidad visual entre 12 y 18 meses.\n\t\t\t\t<\/figcaption><\/figure>\n\t\t<\/div>\n\n<p><img loading=\"lazy\" decoding=\"async\" data-attachment-id=\"99\" data-permalink=\"https:\/\/www.comuna13online.com.ar\/?attachment_id=99\" data-orig-file=\"https:\/\/www.comuna13online.com.ar\/wp-content\/uploads\/2017\/12\/line.jpg\" data-orig-size=\"678,1\" data-comments-opened=\"0\" data-image-meta=\"{&quot;aperture&quot;:&quot;0&quot;,&quot;credit&quot;:&quot;&quot;,&quot;camera&quot;:&quot;&quot;,&quot;caption&quot;:&quot;&quot;,&quot;created_timestamp&quot;:&quot;0&quot;,&quot;copyright&quot;:&quot;&quot;,&quot;focal_length&quot;:&quot;0&quot;,&quot;iso&quot;:&quot;0&quot;,&quot;shutter_speed&quot;:&quot;0&quot;,&quot;title&quot;:&quot;&quot;,&quot;orientation&quot;:&quot;0&quot;}\" data-image-title=\"line\" data-image-description=\"\" data-image-caption=\"\" data-large-file=\"https:\/\/www.comuna13online.com.ar\/wp-content\/uploads\/2017\/12\/line.jpg\" class=\"alignnone size-full wp-image-99\" src=\"http:\/\/www.comuna13online.com.ar\/wp-content\/uploads\/2017\/12\/line.jpg\" alt=\"\" width=\"678\" height=\"1\" srcset=\"https:\/\/www.comuna13online.com.ar\/wp-content\/uploads\/2017\/12\/line.jpg 678w, https:\/\/www.comuna13online.com.ar\/wp-content\/uploads\/2017\/12\/line-150x1.jpg 150w, https:\/\/www.comuna13online.com.ar\/wp-content\/uploads\/2017\/12\/line-326x1.jpg 326w, https:\/\/www.comuna13online.com.ar\/wp-content\/uploads\/2017\/12\/line-80x1.jpg 80w, https:\/\/www.comuna13online.com.ar\/wp-content\/uploads\/2017\/12\/line-272x1.jpg 272w\" sizes=\"auto, (max-width: 678px) 100vw, 678px\" \/><\/p>\n<h2 style=\"text-align: center;\"><span style=\"color: #666699;\">\u00abJuguemos Juntos\u00bb fue declarado de \u00abInter\u00e9s Social\u00bb<\/span><\/h2>\n<p>El concurso nacional de dise\u00f1o de juguetes inclusivos\u00a0<strong>\u201cJuguemos Juntos\u201d\u00a0<\/strong>recibi\u00f3 la\u00a0<strong>Declaraci\u00f3n de Inter\u00e9s Social\u00a0<\/strong>por parte de la\u00a0<strong>Legislatura de la Ciudad Aut\u00f3noma de Buenos Aires,\u00a0<\/strong>donde adem\u00e1s se realiz\u00f3 el lanzamiento de la\u00a0\u00a0<strong>4\u00aa edici\u00f3n de este concurso que premia y da visibilidad al dise\u00f1o y desarrollo de juguetes para ni\u00f1os con discapacidad\u00a0<\/strong>y que busca generar\u00a0 mayores oportunidades de inclusi\u00f3n a trav\u00e9s del juego.<\/p>\n<p><img loading=\"lazy\" decoding=\"async\" data-attachment-id=\"6058\" data-permalink=\"https:\/\/www.comuna13online.com.ar\/?attachment_id=6058\" data-orig-file=\"https:\/\/www.comuna13online.com.ar\/wp-content\/uploads\/2019\/07\/20190722a6.jpg\" data-orig-size=\"678,452\" data-comments-opened=\"0\" data-image-meta=\"{&quot;aperture&quot;:&quot;0&quot;,&quot;credit&quot;:&quot;&quot;,&quot;camera&quot;:&quot;&quot;,&quot;caption&quot;:&quot;&quot;,&quot;created_timestamp&quot;:&quot;0&quot;,&quot;copyright&quot;:&quot;&quot;,&quot;focal_length&quot;:&quot;0&quot;,&quot;iso&quot;:&quot;0&quot;,&quot;shutter_speed&quot;:&quot;0&quot;,&quot;title&quot;:&quot;&quot;,&quot;orientation&quot;:&quot;0&quot;}\" data-image-title=\"20190722a6\" data-image-description=\"\" data-image-caption=\"\" data-large-file=\"https:\/\/www.comuna13online.com.ar\/wp-content\/uploads\/2019\/07\/20190722a6-657x438.jpg\" class=\"alignnone size-full wp-image-6058\" src=\"http:\/\/www.comuna13online.com.ar\/wp-content\/uploads\/2019\/07\/20190722a6.jpg\" alt=\"\" width=\"678\" height=\"452\" srcset=\"https:\/\/www.comuna13online.com.ar\/wp-content\/uploads\/2019\/07\/20190722a6.jpg 678w, https:\/\/www.comuna13online.com.ar\/wp-content\/uploads\/2019\/07\/20190722a6-657x438.jpg 657w, https:\/\/www.comuna13online.com.ar\/wp-content\/uploads\/2019\/07\/20190722a6-272x182.jpg 272w\" sizes=\"auto, (max-width: 678px) 100vw, 678px\" \/><\/p>\n<p><em>\u201cUstedes est\u00e1n encabezando un proyecto trascendental de profunda transformaci\u00f3n social. Es un honor para nosotros recibirlos en esta casa para entregar este humilde y peque\u00f1o reconocimiento, esta Declaraci\u00f3n de Inter\u00e9s que es un mimo, esta caricia al alma que les queremos dar desde la Legislatura.\u00a0 Les deseamos el mayor de los \u00e9xitos en este nuevo lanzamiento, esta nueva etapa que seguramente tendr\u00e1 un gran impacto positivo en la comunidad.\u201d, expres\u00f3\u00a0<\/em><strong>Dr. Guillermo Chas<\/strong>, secretario legislativo del despacho de la diputada Natalia Fidel, autora de la iniciativa de Declaraci\u00f3n de Inter\u00e9s para el Concurso \u201cJuguemos Juntos\u201d.<\/p>\n<p><em>\u201cQueremos agradecer este reconocimiento a la Legislatura, es muy motivador para seguir creciendo en las acciones que desarrollamos desde Fundalc a trav\u00e9s de nuestros pilares de Concientizaci\u00f3n, Educaci\u00f3n, Asistencia y Contenci\u00f3n. Estoy convencida que trabajando de forma articulada con las empresas, el tercer sector, los emprendedores y el estado, seguiremos creciendo, innovando y abriendo nuevas oportunidades de inclusi\u00f3n a trav\u00e9s del Concurso Juguemos Juntos.\u201d<\/em>\u00a0\u00a0<strong>Carina Cavallo<\/strong>, coordinadora general de Fundalc.<\/p>\n<p><img loading=\"lazy\" decoding=\"async\" data-attachment-id=\"6059\" data-permalink=\"https:\/\/www.comuna13online.com.ar\/?attachment_id=6059\" data-orig-file=\"https:\/\/www.comuna13online.com.ar\/wp-content\/uploads\/2019\/07\/20190722a5.jpg\" data-orig-size=\"678,452\" data-comments-opened=\"0\" data-image-meta=\"{&quot;aperture&quot;:&quot;0&quot;,&quot;credit&quot;:&quot;&quot;,&quot;camera&quot;:&quot;&quot;,&quot;caption&quot;:&quot;&quot;,&quot;created_timestamp&quot;:&quot;0&quot;,&quot;copyright&quot;:&quot;&quot;,&quot;focal_length&quot;:&quot;0&quot;,&quot;iso&quot;:&quot;0&quot;,&quot;shutter_speed&quot;:&quot;0&quot;,&quot;title&quot;:&quot;&quot;,&quot;orientation&quot;:&quot;0&quot;}\" data-image-title=\"20190722a5\" data-image-description=\"\" data-image-caption=\"\" data-large-file=\"https:\/\/www.comuna13online.com.ar\/wp-content\/uploads\/2019\/07\/20190722a5-657x438.jpg\" class=\"alignnone size-full wp-image-6059\" src=\"http:\/\/www.comuna13online.com.ar\/wp-content\/uploads\/2019\/07\/20190722a5.jpg\" alt=\"\" width=\"678\" height=\"452\" srcset=\"https:\/\/www.comuna13online.com.ar\/wp-content\/uploads\/2019\/07\/20190722a5.jpg 678w, https:\/\/www.comuna13online.com.ar\/wp-content\/uploads\/2019\/07\/20190722a5-657x438.jpg 657w, https:\/\/www.comuna13online.com.ar\/wp-content\/uploads\/2019\/07\/20190722a5-272x182.jpg 272w\" sizes=\"auto, (max-width: 678px) 100vw, 678px\" \/><\/p>\n<p>El concurso, que organizan\u00a0<strong>Fundalc y Juguetes Universales<\/strong>\u00a0y que cuenta con el aval de la<strong>\u00a0C\u00e1mara Argentina del Juguete y la Agencia Nacional de Discapacidad<\/strong>\u00a0y el apoyo de\u00a0<strong>Inicia<\/strong>\u00a0Comunidad Emprendedora, propone que cada participante dise\u00f1e un juguete innovador, inclusivo, y que se pueda fabricar en Argentina; para ni\u00f1os con discapacidad visual, auditiva, cognitiva, motriz, o ni\u00f1os dentro del espectro autista.<\/p>\n<p><em>\u201cEs un d\u00eda de agradecimientos para nosotros. Estas cosas a veces uno las ve de lejos y hoy estar aqu\u00ed es algo muy lindo y gratificante. Es muy motivador para nuestra fundaci\u00f3n nos impulsa a seguir innovando y generando cosas nuevas que promuevan espacios de inclusi\u00f3n. Estoy muy agradecido a todo el equipo de Fundalc y al compromiso de Cl\u00ednica Alcla que desde su compromiso y responsabilidad social nos apoya en todo lo que hacemos\u201d\u00a0<\/em>\u00a0<strong>Diego Vallega<\/strong>, Presidente de Fundalc.<\/p>\n<p><em>\u201cCreo que una sociedad m\u00e1s inclusiva es posible y se ve en \u00e1mbitos\u00a0 relacionados con juguetes para ni\u00f1os con discapacidad, se ve que se est\u00e1 generando un cambio. Esto es muy importante por dos motivos, en cualquier paciente pedi\u00e1trico la rehabilitaci\u00f3n se realiza a trav\u00e9s del juego, y en esto el juguete resulta\u00a0 fundamental para desarrollar autonom\u00eda, empat\u00eda, calidad de vida\u00a0 Por otro lado, el juego est\u00e1 declarado como uno de los derechos universales de los ni\u00f1os y ni\u00f1as, y adem\u00e1s somos los adultos los encargados de velar para que dicho derecho se cumpla.\u201d<\/em><strong>\u00a0 Ana Siro, creadora de Juguetes Universales.<\/strong><\/p>\n<div align=\"center\">\n<blockquote class=\"twitter-tweet\" data-lang=\"es\">\n<p dir=\"ltr\" lang=\"es\">HOY en el Palacio de la <a href=\"https:\/\/twitter.com\/LegisCABA?ref_src=twsrc%5Etfw\">@LegisCABA<\/a> recibiendo la Declaraci\u00f3n de Inter\u00e9s Social a nuestro concurso <a href=\"https:\/\/twitter.com\/hashtag\/JuguemosJuntos?src=hash&amp;ref_src=twsrc%5Etfw\">#JuguemosJuntos<\/a>, que organizamos junto a <a href=\"https:\/\/twitter.com\/JUniversales?ref_src=twsrc%5Etfw\">@JUniversales<\/a> GRACIAS POR ESTE RECONOCIMIENTO. <a href=\"https:\/\/t.co\/CFuL5rkWT2\">pic.twitter.com\/CFuL5rkWT2<\/a><\/p>\n<p>\u2014 Fundaci\u00f3n FUNDALC (@fundalc) <a href=\"https:\/\/twitter.com\/fundalc\/status\/1145778249206829059?ref_src=twsrc%5Etfw\">1 de julio de 2019<\/a><\/p><\/blockquote>\n<p><script async src=\"https:\/\/platform.twitter.com\/widgets.js\" charset=\"utf-8\"><\/script><\/p>\n<\/div>\n","protected":false},"excerpt":{"rendered":"<div class=\"mh-excerpt\">Hay tiempo hasta el 31 de agosto para la inscripci\u00f3n de la 4ta edici\u00f3n del concurso de dise\u00f1o de juguetes inclusivos \u00abJuguemos juntos\u00bb declarado de \u00abInterr\u00e9s\u00a0 Social\u00bb por la Legislatura. <a class=\"mh-excerpt-more\" href=\"https:\/\/www.comuna13online.com.ar\/?p=6062\" title=\"\u00daltimos d\u00edas para inscribirse al concurso \u00abJuguemos Juntos\u00bb\">[&#8230;]<\/a><\/div>\n","protected":false},"author":1,"featured_media":6054,"comment_status":"closed","ping_status":"closed","sticky":false,"template":"","format":"standard","meta":{"_uag_custom_page_level_css":"","_jetpack_memberships_contains_paid_content":false,"footnotes":"","jetpack_publicize_message":"Esta abierta la inscripci\u00f3n al concurso \"Juguemos Juntos\" #JuguemosJuntos","jetpack_publicize_feature_enabled":true,"jetpack_social_post_already_shared":true,"jetpack_social_options":{"image_generator_settings":{"template":"highway","default_image_id":0,"font":"","enabled":false},"version":2}},"categories":[32],"tags":[246,34,90],"class_list":{"0":"post-6062","1":"post","2":"type-post","3":"status-publish","4":"format-standard","5":"has-post-thumbnail","7":"category-sociedad","8":"tag-h1","9":"tag-sociedad","10":"tag-solidaridad"},"jetpack_publicize_connections":[],"jetpack_featured_media_url":"https:\/\/www.comuna13online.com.ar\/wp-content\/uploads\/2019\/07\/20190722a.jpg","uagb_featured_image_src":{"full":["https:\/\/www.comuna13online.com.ar\/wp-content\/uploads\/2019\/07\/20190722a.jpg",1030,438,false],"thumbnail":["https:\/\/www.comuna13online.com.ar\/wp-content\/uploads\/2019\/07\/20190722a-150x150.jpg",96,96,true],"medium":["https:\/\/www.comuna13online.com.ar\/wp-content\/uploads\/2019\/07\/20190722a-678x288.jpg",678,288,true],"medium_large":["https:\/\/www.comuna13online.com.ar\/wp-content\/uploads\/2019\/07\/20190722a-768x327.jpg",768,327,true],"large":["https:\/\/www.comuna13online.com.ar\/wp-content\/uploads\/2019\/07\/20190722a.jpg",1030,438,false],"1536x1536":["https:\/\/www.comuna13online.com.ar\/wp-content\/uploads\/2019\/07\/20190722a.jpg",1030,438,false],"2048x2048":["https:\/\/www.comuna13online.com.ar\/wp-content\/uploads\/2019\/07\/20190722a.jpg",1030,438,false],"mh-magazine-slider":["https:\/\/www.comuna13online.com.ar\/wp-content\/uploads\/2019\/07\/20190722a.jpg",1030,438,false],"mh-magazine-content":["https:\/\/www.comuna13online.com.ar\/wp-content\/uploads\/2019\/07\/20190722a-678x381.jpg",678,381,true],"mh-magazine-large":["https:\/\/www.comuna13online.com.ar\/wp-content\/uploads\/2019\/07\/20190722a-678x438.jpg",678,438,true],"mh-magazine-medium":["https:\/\/www.comuna13online.com.ar\/wp-content\/uploads\/2019\/07\/20190722a-326x245.jpg",326,245,true],"mh-magazine-small":["https:\/\/www.comuna13online.com.ar\/wp-content\/uploads\/2019\/07\/20190722a-80x60.jpg",80,60,true],"sow-carousel-default":["https:\/\/www.comuna13online.com.ar\/wp-content\/uploads\/2019\/07\/20190722a-272x182.jpg",272,182,true]},"uagb_author_info":{"display_name":"Comuna13","author_link":"https:\/\/www.comuna13online.com.ar\/?author=1"},"uagb_comment_info":0,"uagb_excerpt":"Hay tiempo hasta el 31 de agosto para la inscripci\u00f3n de la 4ta edici\u00f3n del concurso de dise\u00f1o de juguetes inclusivos \u00abJuguemos juntos\u00bb declarado de \u00abInterr\u00e9s\u00a0 Social\u00bb por la Legislatura. [...]","jetpack_sharing_enabled":true,"_links":{"self":[{"href":"https:\/\/www.comuna13online.com.ar\/index.php?rest_route=\/wp\/v2\/posts\/6062","targetHints":{"allow":["GET"]}}],"collection":[{"href":"https:\/\/www.comuna13online.com.ar\/index.php?rest_route=\/wp\/v2\/posts"}],"about":[{"href":"https:\/\/www.comuna13online.com.ar\/index.php?rest_route=\/wp\/v2\/types\/post"}],"author":[{"embeddable":true,"href":"https:\/\/www.comuna13online.com.ar\/index.php?rest_route=\/wp\/v2\/users\/1"}],"replies":[{"embeddable":true,"href":"https:\/\/www.comuna13online.com.ar\/index.php?rest_route=%2Fwp%2Fv2%2Fcomments&post=6062"}],"version-history":[{"count":0,"href":"https:\/\/www.comuna13online.com.ar\/index.php?rest_route=\/wp\/v2\/posts\/6062\/revisions"}],"wp:featuredmedia":[{"embeddable":true,"href":"https:\/\/www.comuna13online.com.ar\/index.php?rest_route=\/wp\/v2\/media\/6054"}],"wp:attachment":[{"href":"https:\/\/www.comuna13online.com.ar\/index.php?rest_route=%2Fwp%2Fv2%2Fmedia&parent=6062"}],"wp:term":[{"taxonomy":"category","embeddable":true,"href":"https:\/\/www.comuna13online.com.ar\/index.php?rest_route=%2Fwp%2Fv2%2Fcategories&post=6062"},{"taxonomy":"post_tag","embeddable":true,"href":"https:\/\/www.comuna13online.com.ar\/index.php?rest_route=%2Fwp%2Fv2%2Ftags&post=6062"}],"curies":[{"name":"wp","href":"https:\/\/api.w.org\/{rel}","templated":true}]}}