{"id":5911,"date":"2019-07-15T09:17:24","date_gmt":"2019-07-15T12:17:24","guid":{"rendered":"http:\/\/www.comuna13online.com.ar\/?p=5911"},"modified":"2019-07-16T09:40:19","modified_gmt":"2019-07-16T12:40:19","slug":"eliminan-el-canon-por-tener-mesas-y-sillas-en-el-espacio-publico","status":"publish","type":"post","link":"https:\/\/www.comuna13online.com.ar\/?p=5911","title":{"rendered":"Eliminan el canon por tener mesas y sillas en el espacio p\u00fablico"},"content":{"rendered":"<p><strong>La medida rige para comercios gastron\u00f3micos en busca de fomentar la creaci\u00f3n de nuevos emprendimientos y el desarrollo de las empresas existentes. Las plataformas de esparcimiento (decks) tambi\u00e9n quedan excluidas del pago del tributo.\u00a0<\/strong><\/p>\n<p><img loading=\"lazy\" decoding=\"async\" class=\"alignnone\" src=\"https:\/\/www.legislatura.gov.ar\/_pagedata\/posts\/images\/5kxxsd51zw_1562875552.8996.jpg\" alt=\"\" width=\"1200\" height=\"800\" \/><\/p>\n<p>La Legislatura de la Ciudad de Buenos Aires aprob\u00f3 hoy modificaciones a la Ley Tarifaria y derog\u00f3 2 art\u00edculos referidos al pago de una contribuci\u00f3n por la ocupaci\u00f3n y\/o uso de las superficies de la v\u00eda p\u00fablica con mesas y sillas y tambi\u00e9n por la instalaci\u00f3n de plataformas de esparcimiento (decks) beneficiando a locales gastron\u00f3micos con la eximici\u00f3n del canon.<\/p>\n<p>\u00abLa propuesta de derogaci\u00f3n se vincula con diversos an\u00e1lisis relacionados con la evoluci\u00f3n de la actividad gastron\u00f3mica en la jurisdicci\u00f3n y las eventuales medidas econ\u00f3micas tendientes a facilitar la creaci\u00f3n de nuevos emprendimientos y la potenciaci\u00f3n del desarrollo de las empresas existentes\u00bb, explican los fundamentos del proyecto, que fue enviado a la Legislatura por el Jefe de Gobierno y despachado por la Comisi\u00f3n asesora de Presupuesto y Hacienda.<\/p>\n<p>Para obtener el permiso de emplazamiento de \u00e1rea gastron\u00f3mica y que se habilite la instalaci\u00f3n de mesas y sillas, o de un deck, es necesario presentar una solicitud ante la Direcci\u00f3n General de Ordenamiento del Espacio P\u00fablico junto a la constancia de habilitaci\u00f3n del local otorgada por la Agencia Gubernamental de Control.<\/p>\n<p>Uno de los art\u00edculos derogados establec\u00eda el importe a pagar seg\u00fan la cantidad de metros cuadrados ocupados, que a la vez variaba sobre su ubicaci\u00f3n en la Ciudad. Los importes iban desde los $400 a los $2400 pesos semestrales por metro cuadrado para las mesas y sillas a lo que se adicionaban $2000 pesos por cada deck.<\/p>\n<p>Adem\u00e1s, seg\u00fan agregan los considerandos de la iniciativa \u00abse ha verificado que los procesos de determinaci\u00f3n y fiscalizaci\u00f3n de los tributos vinculados con la ocupaci\u00f3n y\/o uso de las superficies de la v\u00eda p\u00fablica con mesas y sillas y con plataformas de esparcimiento, respectivamente, implican la asignaci\u00f3n de recursos administrativos que no guardan relaci\u00f3n con la magnitud de la recaudaci\u00f3n obtenida\u00bb.<\/p>\n<p>Por otra parte, la ley aprobada hoy -33 votos a favor, 22 en contra y 2 abstenciones- modifica el art\u00edculo 171 de la Ley Tarifaria para el a\u00f1o 2019, suprimiendo los aranceles previstos para los diversos \u00abCentros de Abastecimiento\u00bb, figura que se elimina y se incluye en las Ferias Itinerantes de Abastecimiento Barrial (FIAB). Los valores por metro cuadrado son: Mercado de Las Pulgas ($162,50); Ferias Itinerantes ($162,50); Ferias de Libros ($84,50); Ferias Manualistas ($84,50); Ferias Artesanos ($84,50).<\/p>\n<p>&nbsp;<\/p>\n<p style=\"text-align: right;\"><span style=\"color: #999999;\">Fuente: Legislatura de la Ciuadad de Bunos Aires<\/span><\/p>\n","protected":false},"excerpt":{"rendered":"<div class=\"mh-excerpt\">La medida rige para comercios gastron\u00f3micos en busca de fomentar la creaci\u00f3n de nuevos emprendimientos y el desarrollo de las empresas existentes. Las plataformas de esparcimiento (decks) tambi\u00e9n quedan excluidas <a class=\"mh-excerpt-more\" href=\"https:\/\/www.comuna13online.com.ar\/?p=5911\" title=\"Eliminan el canon por tener mesas y sillas en el espacio p\u00fablico\">[&#8230;]<\/a><\/div>\n","protected":false},"author":1,"featured_media":5912,"comment_status":"closed","ping_status":"closed","sticky":false,"template":"","format":"standard","meta":{"_uag_custom_page_level_css":"","_jetpack_memberships_contains_paid_content":false,"footnotes":"","jetpack_publicize_message":"","jetpack_publicize_feature_enabled":true,"jetpack_social_post_already_shared":true,"jetpack_social_options":{"image_generator_settings":{"template":"highway","default_image_id":0,"font":"","enabled":false},"version":2}},"categories":[21],"tags":[82,7],"class_list":{"0":"post-5911","1":"post","2":"type-post","3":"status-publish","4":"format-standard","5":"has-post-thumbnail","7":"category-legislatura","8":"tag-gastronomia","9":"tag-legislatura"},"jetpack_publicize_connections":[],"jetpack_featured_media_url":"https:\/\/www.comuna13online.com.ar\/wp-content\/uploads\/2019\/07\/20190715a.jpg","uagb_featured_image_src":{"full":["https:\/\/www.comuna13online.com.ar\/wp-content\/uploads\/2019\/07\/20190715a.jpg",1030,438,false],"thumbnail":["https:\/\/www.comuna13online.com.ar\/wp-content\/uploads\/2019\/07\/20190715a-150x150.jpg",96,96,true],"medium":["https:\/\/www.comuna13online.com.ar\/wp-content\/uploads\/2019\/07\/20190715a-678x288.jpg",678,288,true],"medium_large":["https:\/\/www.comuna13online.com.ar\/wp-content\/uploads\/2019\/07\/20190715a-768x327.jpg",768,327,true],"large":["https:\/\/www.comuna13online.com.ar\/wp-content\/uploads\/2019\/07\/20190715a.jpg",1030,438,false],"1536x1536":["https:\/\/www.comuna13online.com.ar\/wp-content\/uploads\/2019\/07\/20190715a.jpg",1030,438,false],"2048x2048":["https:\/\/www.comuna13online.com.ar\/wp-content\/uploads\/2019\/07\/20190715a.jpg",1030,438,false],"mh-magazine-slider":["https:\/\/www.comuna13online.com.ar\/wp-content\/uploads\/2019\/07\/20190715a.jpg",1030,438,false],"mh-magazine-content":["https:\/\/www.comuna13online.com.ar\/wp-content\/uploads\/2019\/07\/20190715a-678x381.jpg",678,381,true],"mh-magazine-large":["https:\/\/www.comuna13online.com.ar\/wp-content\/uploads\/2019\/07\/20190715a-678x438.jpg",678,438,true],"mh-magazine-medium":["https:\/\/www.comuna13online.com.ar\/wp-content\/uploads\/2019\/07\/20190715a-326x245.jpg",326,245,true],"mh-magazine-small":["https:\/\/www.comuna13online.com.ar\/wp-content\/uploads\/2019\/07\/20190715a-80x60.jpg",80,60,true],"sow-carousel-default":["https:\/\/www.comuna13online.com.ar\/wp-content\/uploads\/2019\/07\/20190715a-272x182.jpg",272,182,true]},"uagb_author_info":{"display_name":"Comuna13","author_link":"https:\/\/www.comuna13online.com.ar\/?author=1"},"uagb_comment_info":0,"uagb_excerpt":"La medida rige para comercios gastron\u00f3micos en busca de fomentar la creaci\u00f3n de nuevos emprendimientos y el desarrollo de las empresas existentes. Las plataformas de esparcimiento (decks) tambi\u00e9n quedan excluidas [...]","jetpack_sharing_enabled":true,"_links":{"self":[{"href":"https:\/\/www.comuna13online.com.ar\/index.php?rest_route=\/wp\/v2\/posts\/5911","targetHints":{"allow":["GET"]}}],"collection":[{"href":"https:\/\/www.comuna13online.com.ar\/index.php?rest_route=\/wp\/v2\/posts"}],"about":[{"href":"https:\/\/www.comuna13online.com.ar\/index.php?rest_route=\/wp\/v2\/types\/post"}],"author":[{"embeddable":true,"href":"https:\/\/www.comuna13online.com.ar\/index.php?rest_route=\/wp\/v2\/users\/1"}],"replies":[{"embeddable":true,"href":"https:\/\/www.comuna13online.com.ar\/index.php?rest_route=%2Fwp%2Fv2%2Fcomments&post=5911"}],"version-history":[{"count":0,"href":"https:\/\/www.comuna13online.com.ar\/index.php?rest_route=\/wp\/v2\/posts\/5911\/revisions"}],"wp:featuredmedia":[{"embeddable":true,"href":"https:\/\/www.comuna13online.com.ar\/index.php?rest_route=\/wp\/v2\/media\/5912"}],"wp:attachment":[{"href":"https:\/\/www.comuna13online.com.ar\/index.php?rest_route=%2Fwp%2Fv2%2Fmedia&parent=5911"}],"wp:term":[{"taxonomy":"category","embeddable":true,"href":"https:\/\/www.comuna13online.com.ar\/index.php?rest_route=%2Fwp%2Fv2%2Fcategories&post=5911"},{"taxonomy":"post_tag","embeddable":true,"href":"https:\/\/www.comuna13online.com.ar\/index.php?rest_route=%2Fwp%2Fv2%2Ftags&post=5911"}],"curies":[{"name":"wp","href":"https:\/\/api.w.org\/{rel}","templated":true}]}}