{"id":5633,"date":"2019-06-21T10:29:08","date_gmt":"2019-06-21T13:29:08","guid":{"rendered":"http:\/\/www.comuna13online.com.ar\/?p=5633"},"modified":"2019-06-21T10:30:54","modified_gmt":"2019-06-21T13:30:54","slug":"avanza-la-construccion-de-la-plaza-clemente","status":"publish","type":"post","link":"https:\/\/www.comuna13online.com.ar\/?p=5633","title":{"rendered":"Avanza la construcci\u00f3n de la Plaza Clemente"},"content":{"rendered":"<p><strong>Los vecinos de Colegiales lograron detener la construcci\u00f3n de un centro comercial con estacionamiento para que en su lugar se levante la Plaza Clemente, hoy la obra est\u00e1 en marcha.<\/strong><\/p>\n<p><img loading=\"lazy\" decoding=\"async\" data-attachment-id=\"5634\" data-permalink=\"https:\/\/www.comuna13online.com.ar\/?attachment_id=5634\" data-orig-file=\"https:\/\/www.comuna13online.com.ar\/wp-content\/uploads\/2019\/06\/20190621b1.jpg\" data-orig-size=\"678,335\" data-comments-opened=\"0\" data-image-meta=\"{&quot;aperture&quot;:&quot;0&quot;,&quot;credit&quot;:&quot;&quot;,&quot;camera&quot;:&quot;&quot;,&quot;caption&quot;:&quot;&quot;,&quot;created_timestamp&quot;:&quot;0&quot;,&quot;copyright&quot;:&quot;&quot;,&quot;focal_length&quot;:&quot;0&quot;,&quot;iso&quot;:&quot;0&quot;,&quot;shutter_speed&quot;:&quot;0&quot;,&quot;title&quot;:&quot;&quot;,&quot;orientation&quot;:&quot;0&quot;}\" data-image-title=\"20190621b1\" data-image-description=\"\" data-image-caption=\"\" data-large-file=\"https:\/\/www.comuna13online.com.ar\/wp-content\/uploads\/2019\/06\/20190621b1.jpg\" class=\"alignnone size-full wp-image-5634\" src=\"http:\/\/www.comuna13online.com.ar\/wp-content\/uploads\/2019\/06\/20190621b1.jpg\" alt=\"\" width=\"678\" height=\"335\" \/><\/p>\n<p>Las obras comenzaron semanas atr\u00e1s y seg\u00fan el Ministerio de Desarrollo Urbano porte\u00f1o su inauguraci\u00f3n podr\u00eda ser a fines de junio. Este nuevo espacio verde se encuentra en la delimitaci\u00f3n de las calles Concepci\u00f3n Arenal, Enr\u00edquez Mart\u00ednez, Conde y Avenida Dorrego y tiene una\u00a0una extensi\u00f3n de una hect\u00e1rea y media.<\/p>\n<p><strong>El dise\u00f1o del parque est\u00e1 nucleado en 4 ejes:<\/strong><\/p>\n<ul>\n<li><strong>Espacio verde nativo:<\/strong>\u00a0Se suman 7.280m2 de forestaci\u00f3n nativa organizada en 3 regiones naturales<\/li>\n<li><strong>Disfrute:<\/strong>\u00a0lugar de encuentro, \u00e1gora, vaporizadores, mesas comunitarias, observatorio de mariposas, espacio de contemplaci\u00f3n y juegos inclusivos, sendero de vegetaci\u00f3n educativo.<\/li>\n<li><strong>Historia e Identidad:<\/strong>\u00a0Una l\u00ednea de tiempo con los hitos barriales m\u00e1s importantes, emular\u00e1 las v\u00edas de tren, como homenaje a la historia ferroviaria de Colegiales. En las paredes de Conde se har\u00e1 una intervenci\u00f3n con murales conmemorativos a Caloi y al personaje\u00a0Clemente<\/li>\n<li><strong>Accesibilidad e inclusi\u00f3n:<\/strong>\u00a0Rampas, Planos h\u00e1pticos para no videntes y juegos inclusivos.<\/li>\n<\/ul>\n<p>La plaza tendr\u00e1 un dise\u00f1o de gota, con diversos sectores para distintos usos comunicados entre s\u00ed, la obra contempla la instalaci\u00f3n de mesas comunitarias, observatorios de mariposas, espacios libres, lugares de encuentro y juegos inclusivos, totalmente accesible para personas con movilidad reducida, contar\u00e1 con rampas en todas las esquinas y se\u00f1ales preparadas espec\u00edficamente para orientar a personas no videntes.<\/p>\n<div data-carousel-extra='{&quot;blog_id&quot;:1,&quot;permalink&quot;:&quot;https:\/\/www.comuna13online.com.ar\/?p=5633&quot;}' id='gallery-1' class='gallery galleryid-5633 gallery-columns-2 gallery-size-large'><figure class='gallery-item'>\n\t\t\t<div class='gallery-icon landscape'>\n\t\t\t\t<a href='https:\/\/www.comuna13online.com.ar\/?attachment_id=5640'><img loading=\"lazy\" decoding=\"async\" width=\"438\" height=\"438\" src=\"https:\/\/www.comuna13online.com.ar\/wp-content\/uploads\/2019\/06\/Y71hFtuh-438x438.jpg\" class=\"attachment-large size-large\" alt=\"\" srcset=\"https:\/\/www.comuna13online.com.ar\/wp-content\/uploads\/2019\/06\/Y71hFtuh-438x438.jpg 438w, https:\/\/www.comuna13online.com.ar\/wp-content\/uploads\/2019\/06\/Y71hFtuh-150x150.jpg 150w, https:\/\/www.comuna13online.com.ar\/wp-content\/uploads\/2019\/06\/Y71hFtuh-452x452.jpg 452w, https:\/\/www.comuna13online.com.ar\/wp-content\/uploads\/2019\/06\/Y71hFtuh-768x768.jpg 768w, https:\/\/www.comuna13online.com.ar\/wp-content\/uploads\/2019\/06\/Y71hFtuh.jpg 1024w\" sizes=\"auto, (max-width: 438px) 100vw, 438px\" data-attachment-id=\"5640\" data-permalink=\"https:\/\/www.comuna13online.com.ar\/?attachment_id=5640\" data-orig-file=\"https:\/\/www.comuna13online.com.ar\/wp-content\/uploads\/2019\/06\/Y71hFtuh.jpg\" data-orig-size=\"1024,1024\" data-comments-opened=\"0\" data-image-meta=\"{&quot;aperture&quot;:&quot;0&quot;,&quot;credit&quot;:&quot;&quot;,&quot;camera&quot;:&quot;&quot;,&quot;caption&quot;:&quot;&quot;,&quot;created_timestamp&quot;:&quot;0&quot;,&quot;copyright&quot;:&quot;&quot;,&quot;focal_length&quot;:&quot;0&quot;,&quot;iso&quot;:&quot;0&quot;,&quot;shutter_speed&quot;:&quot;0&quot;,&quot;title&quot;:&quot;&quot;,&quot;orientation&quot;:&quot;0&quot;}\" data-image-title=\"Y71hFtuh\" data-image-description=\"\" data-image-caption=\"\" data-large-file=\"https:\/\/www.comuna13online.com.ar\/wp-content\/uploads\/2019\/06\/Y71hFtuh-438x438.jpg\" \/><\/a>\n\t\t\t<\/div><\/figure><figure class='gallery-item'>\n\t\t\t<div class='gallery-icon landscape'>\n\t\t\t\t<a href='https:\/\/www.comuna13online.com.ar\/?attachment_id=5637'><img loading=\"lazy\" decoding=\"async\" width=\"438\" height=\"438\" src=\"https:\/\/www.comuna13online.com.ar\/wp-content\/uploads\/2019\/06\/RcFcAWlh-438x438.jpg\" class=\"attachment-large size-large\" alt=\"\" srcset=\"https:\/\/www.comuna13online.com.ar\/wp-content\/uploads\/2019\/06\/RcFcAWlh-438x438.jpg 438w, https:\/\/www.comuna13online.com.ar\/wp-content\/uploads\/2019\/06\/RcFcAWlh-150x150.jpg 150w, https:\/\/www.comuna13online.com.ar\/wp-content\/uploads\/2019\/06\/RcFcAWlh-452x452.jpg 452w, https:\/\/www.comuna13online.com.ar\/wp-content\/uploads\/2019\/06\/RcFcAWlh-768x768.jpg 768w, https:\/\/www.comuna13online.com.ar\/wp-content\/uploads\/2019\/06\/RcFcAWlh.jpg 1024w\" sizes=\"auto, (max-width: 438px) 100vw, 438px\" data-attachment-id=\"5637\" data-permalink=\"https:\/\/www.comuna13online.com.ar\/?attachment_id=5637\" data-orig-file=\"https:\/\/www.comuna13online.com.ar\/wp-content\/uploads\/2019\/06\/RcFcAWlh.jpg\" data-orig-size=\"1024,1024\" data-comments-opened=\"0\" data-image-meta=\"{&quot;aperture&quot;:&quot;0&quot;,&quot;credit&quot;:&quot;&quot;,&quot;camera&quot;:&quot;&quot;,&quot;caption&quot;:&quot;&quot;,&quot;created_timestamp&quot;:&quot;0&quot;,&quot;copyright&quot;:&quot;&quot;,&quot;focal_length&quot;:&quot;0&quot;,&quot;iso&quot;:&quot;0&quot;,&quot;shutter_speed&quot;:&quot;0&quot;,&quot;title&quot;:&quot;&quot;,&quot;orientation&quot;:&quot;0&quot;}\" data-image-title=\"RcFcAWlh\" data-image-description=\"\" data-image-caption=\"\" data-large-file=\"https:\/\/www.comuna13online.com.ar\/wp-content\/uploads\/2019\/06\/RcFcAWlh-438x438.jpg\" \/><\/a>\n\t\t\t<\/div><\/figure>\n\t\t<\/div>\n\n<p>Sobre la calle Conde se instalara una l\u00ednea de tiempo con los personajes y lugares m\u00e1s importantes del barrio, elegidos por los propios vecinos de Colegiales. Su dise\u00f1o ser\u00e1 igual al de una v\u00eda del tren, en conmemoraci\u00f3n a la historia ferroviaria de Colegiales.<\/p>\n<p>Se har\u00e1n dos grandes murales en homenaje a Caloi y a su reconocido personaje Clemente, nombre por el cual se bautizo la nueva plaza. \u00a0Este sector se ligara a la Plaza Mafalda que se encuentra sobre la calle Conde.<\/p>\n<p>La obra incluye adem\u00e1s la reconstrucci\u00f3n de las veredas y la calle Conde, donde funcionar\u00e1 un corredor verde que funcionara como calle de convivencia entre los dos espacios verdes. La misma ser\u00e1 de una sola mano en direcci\u00f3n a la Av. Dorrego con una velocidad m\u00e1xima de 20 Km\/h.<\/p>\n<p>La propuesta incluye un 70 % de espacio verde y un 30 % de edificaci\u00f3n, a diferencia de la proposici\u00f3n inicial de los vecinos que suger\u00eda un 80 % de verde y un 20 % de cemento.<\/p>\n<p>Se plantara forestaci\u00f3n 100% nativa, \u00a0que se dividir\u00e1 en tres sectores, naturales-pastizal, selva-marginal y Talar, de esta forma se permitir\u00e1 cultivar g\u00e9neros que atraigan a aves y mariposas. Se conformara todo un circuito educativo donde se podr\u00e1 conocer las particularidades de esta vegetaci\u00f3n, su lugar de origen y la manera de c\u00f3mo ayudan con el equilibrio ambiental.<\/p>\n<p>D\u00edas atr\u00e1s los vecinos tuvieron la posibilidad de recorrer la obra y ver los avances, adem\u00e1s pudieron consultar e informarse sobre diversos aspectos de los trabajos que se est\u00e1n llevando adelante.<\/p>\n<div data-carousel-extra='{&quot;blog_id&quot;:1,&quot;permalink&quot;:&quot;https:\/\/www.comuna13online.com.ar\/?p=5633&quot;}' id='gallery-2' class='gallery galleryid-5633 gallery-columns-4 gallery-size-medium'><figure class='gallery-item'>\n\t\t\t<div class='gallery-icon landscape'>\n\t\t\t\t<a href='https:\/\/www.comuna13online.com.ar\/?attachment_id=5641'><img loading=\"lazy\" decoding=\"async\" width=\"603\" height=\"452\" src=\"https:\/\/www.comuna13online.com.ar\/wp-content\/uploads\/2019\/06\/yv7fpq6-603x452.jpg\" class=\"attachment-medium size-medium\" alt=\"\" srcset=\"https:\/\/www.comuna13online.com.ar\/wp-content\/uploads\/2019\/06\/yv7fpq6-603x452.jpg 603w, https:\/\/www.comuna13online.com.ar\/wp-content\/uploads\/2019\/06\/yv7fpq6-768x576.jpg 768w, https:\/\/www.comuna13online.com.ar\/wp-content\/uploads\/2019\/06\/yv7fpq6-584x438.jpg 584w, https:\/\/www.comuna13online.com.ar\/wp-content\/uploads\/2019\/06\/yv7fpq6-678x509.jpg 678w, https:\/\/www.comuna13online.com.ar\/wp-content\/uploads\/2019\/06\/yv7fpq6-326x245.jpg 326w, https:\/\/www.comuna13online.com.ar\/wp-content\/uploads\/2019\/06\/yv7fpq6-80x60.jpg 80w, https:\/\/www.comuna13online.com.ar\/wp-content\/uploads\/2019\/06\/yv7fpq6.jpg 1024w\" sizes=\"auto, (max-width: 603px) 100vw, 603px\" data-attachment-id=\"5641\" data-permalink=\"https:\/\/www.comuna13online.com.ar\/?attachment_id=5641\" data-orig-file=\"https:\/\/www.comuna13online.com.ar\/wp-content\/uploads\/2019\/06\/yv7fpq6.jpg\" data-orig-size=\"1024,768\" data-comments-opened=\"0\" data-image-meta=\"{&quot;aperture&quot;:&quot;0&quot;,&quot;credit&quot;:&quot;&quot;,&quot;camera&quot;:&quot;&quot;,&quot;caption&quot;:&quot;&quot;,&quot;created_timestamp&quot;:&quot;0&quot;,&quot;copyright&quot;:&quot;&quot;,&quot;focal_length&quot;:&quot;0&quot;,&quot;iso&quot;:&quot;0&quot;,&quot;shutter_speed&quot;:&quot;0&quot;,&quot;title&quot;:&quot;&quot;,&quot;orientation&quot;:&quot;0&quot;}\" data-image-title=\"yv7fpq6\" data-image-description=\"\" data-image-caption=\"\" data-large-file=\"https:\/\/www.comuna13online.com.ar\/wp-content\/uploads\/2019\/06\/yv7fpq6-584x438.jpg\" \/><\/a>\n\t\t\t<\/div><\/figure><figure class='gallery-item'>\n\t\t\t<div class='gallery-icon landscape'>\n\t\t\t\t<a href='https:\/\/www.comuna13online.com.ar\/?attachment_id=5639'><img loading=\"lazy\" decoding=\"async\" width=\"603\" height=\"452\" src=\"https:\/\/www.comuna13online.com.ar\/wp-content\/uploads\/2019\/06\/XPKqgly-603x452.jpg\" class=\"attachment-medium size-medium\" alt=\"\" srcset=\"https:\/\/www.comuna13online.com.ar\/wp-content\/uploads\/2019\/06\/XPKqgly-603x452.jpg 603w, https:\/\/www.comuna13online.com.ar\/wp-content\/uploads\/2019\/06\/XPKqgly-768x576.jpg 768w, https:\/\/www.comuna13online.com.ar\/wp-content\/uploads\/2019\/06\/XPKqgly-584x438.jpg 584w, https:\/\/www.comuna13online.com.ar\/wp-content\/uploads\/2019\/06\/XPKqgly-678x509.jpg 678w, https:\/\/www.comuna13online.com.ar\/wp-content\/uploads\/2019\/06\/XPKqgly-326x245.jpg 326w, https:\/\/www.comuna13online.com.ar\/wp-content\/uploads\/2019\/06\/XPKqgly-80x60.jpg 80w, https:\/\/www.comuna13online.com.ar\/wp-content\/uploads\/2019\/06\/XPKqgly.jpg 1024w\" sizes=\"auto, (max-width: 603px) 100vw, 603px\" data-attachment-id=\"5639\" data-permalink=\"https:\/\/www.comuna13online.com.ar\/?attachment_id=5639\" data-orig-file=\"https:\/\/www.comuna13online.com.ar\/wp-content\/uploads\/2019\/06\/XPKqgly.jpg\" data-orig-size=\"1024,768\" data-comments-opened=\"0\" data-image-meta=\"{&quot;aperture&quot;:&quot;0&quot;,&quot;credit&quot;:&quot;&quot;,&quot;camera&quot;:&quot;&quot;,&quot;caption&quot;:&quot;&quot;,&quot;created_timestamp&quot;:&quot;0&quot;,&quot;copyright&quot;:&quot;&quot;,&quot;focal_length&quot;:&quot;0&quot;,&quot;iso&quot;:&quot;0&quot;,&quot;shutter_speed&quot;:&quot;0&quot;,&quot;title&quot;:&quot;&quot;,&quot;orientation&quot;:&quot;0&quot;}\" data-image-title=\"XPKqgly\" data-image-description=\"\" data-image-caption=\"\" data-large-file=\"https:\/\/www.comuna13online.com.ar\/wp-content\/uploads\/2019\/06\/XPKqgly-584x438.jpg\" \/><\/a>\n\t\t\t<\/div><\/figure><figure class='gallery-item'>\n\t\t\t<div class='gallery-icon landscape'>\n\t\t\t\t<a href='https:\/\/www.comuna13online.com.ar\/?attachment_id=5638'><img loading=\"lazy\" decoding=\"async\" width=\"603\" height=\"452\" src=\"https:\/\/www.comuna13online.com.ar\/wp-content\/uploads\/2019\/06\/TbglIKZ-603x452.jpg\" class=\"attachment-medium size-medium\" alt=\"\" srcset=\"https:\/\/www.comuna13online.com.ar\/wp-content\/uploads\/2019\/06\/TbglIKZ-603x452.jpg 603w, https:\/\/www.comuna13online.com.ar\/wp-content\/uploads\/2019\/06\/TbglIKZ-768x576.jpg 768w, https:\/\/www.comuna13online.com.ar\/wp-content\/uploads\/2019\/06\/TbglIKZ-584x438.jpg 584w, https:\/\/www.comuna13online.com.ar\/wp-content\/uploads\/2019\/06\/TbglIKZ-678x509.jpg 678w, https:\/\/www.comuna13online.com.ar\/wp-content\/uploads\/2019\/06\/TbglIKZ-326x245.jpg 326w, https:\/\/www.comuna13online.com.ar\/wp-content\/uploads\/2019\/06\/TbglIKZ-80x60.jpg 80w, https:\/\/www.comuna13online.com.ar\/wp-content\/uploads\/2019\/06\/TbglIKZ.jpg 1024w\" sizes=\"auto, (max-width: 603px) 100vw, 603px\" data-attachment-id=\"5638\" data-permalink=\"https:\/\/www.comuna13online.com.ar\/?attachment_id=5638\" data-orig-file=\"https:\/\/www.comuna13online.com.ar\/wp-content\/uploads\/2019\/06\/TbglIKZ.jpg\" data-orig-size=\"1024,768\" data-comments-opened=\"0\" data-image-meta=\"{&quot;aperture&quot;:&quot;0&quot;,&quot;credit&quot;:&quot;&quot;,&quot;camera&quot;:&quot;&quot;,&quot;caption&quot;:&quot;&quot;,&quot;created_timestamp&quot;:&quot;0&quot;,&quot;copyright&quot;:&quot;&quot;,&quot;focal_length&quot;:&quot;0&quot;,&quot;iso&quot;:&quot;0&quot;,&quot;shutter_speed&quot;:&quot;0&quot;,&quot;title&quot;:&quot;&quot;,&quot;orientation&quot;:&quot;0&quot;}\" data-image-title=\"TbglIKZ\" data-image-description=\"\" data-image-caption=\"\" data-large-file=\"https:\/\/www.comuna13online.com.ar\/wp-content\/uploads\/2019\/06\/TbglIKZ-584x438.jpg\" \/><\/a>\n\t\t\t<\/div><\/figure><figure class='gallery-item'>\n\t\t\t<div class='gallery-icon landscape'>\n\t\t\t\t<a href='https:\/\/www.comuna13online.com.ar\/?attachment_id=5636'><img loading=\"lazy\" decoding=\"async\" width=\"603\" height=\"452\" src=\"https:\/\/www.comuna13online.com.ar\/wp-content\/uploads\/2019\/06\/cE62HtP-603x452.jpg\" class=\"attachment-medium size-medium\" alt=\"\" srcset=\"https:\/\/www.comuna13online.com.ar\/wp-content\/uploads\/2019\/06\/cE62HtP-603x452.jpg 603w, https:\/\/www.comuna13online.com.ar\/wp-content\/uploads\/2019\/06\/cE62HtP-768x576.jpg 768w, https:\/\/www.comuna13online.com.ar\/wp-content\/uploads\/2019\/06\/cE62HtP-584x438.jpg 584w, https:\/\/www.comuna13online.com.ar\/wp-content\/uploads\/2019\/06\/cE62HtP-678x509.jpg 678w, https:\/\/www.comuna13online.com.ar\/wp-content\/uploads\/2019\/06\/cE62HtP-326x245.jpg 326w, https:\/\/www.comuna13online.com.ar\/wp-content\/uploads\/2019\/06\/cE62HtP-80x60.jpg 80w, https:\/\/www.comuna13online.com.ar\/wp-content\/uploads\/2019\/06\/cE62HtP.jpg 1024w\" sizes=\"auto, (max-width: 603px) 100vw, 603px\" data-attachment-id=\"5636\" data-permalink=\"https:\/\/www.comuna13online.com.ar\/?attachment_id=5636\" data-orig-file=\"https:\/\/www.comuna13online.com.ar\/wp-content\/uploads\/2019\/06\/cE62HtP.jpg\" data-orig-size=\"1024,768\" data-comments-opened=\"0\" data-image-meta=\"{&quot;aperture&quot;:&quot;0&quot;,&quot;credit&quot;:&quot;&quot;,&quot;camera&quot;:&quot;&quot;,&quot;caption&quot;:&quot;&quot;,&quot;created_timestamp&quot;:&quot;0&quot;,&quot;copyright&quot;:&quot;&quot;,&quot;focal_length&quot;:&quot;0&quot;,&quot;iso&quot;:&quot;0&quot;,&quot;shutter_speed&quot;:&quot;0&quot;,&quot;title&quot;:&quot;&quot;,&quot;orientation&quot;:&quot;0&quot;}\" data-image-title=\"cE62HtP\" data-image-description=\"\" data-image-caption=\"\" data-large-file=\"https:\/\/www.comuna13online.com.ar\/wp-content\/uploads\/2019\/06\/cE62HtP-584x438.jpg\" \/><\/a>\n\t\t\t<\/div><\/figure>\n\t\t<\/div>\n\n","protected":false},"excerpt":{"rendered":"<div class=\"mh-excerpt\">Los vecinos de Colegiales lograron detener la construcci\u00f3n de un centro comercial con estacionamiento para que en su lugar se levante la Plaza Clemente, hoy la obra est\u00e1 en marcha. <a class=\"mh-excerpt-more\" href=\"https:\/\/www.comuna13online.com.ar\/?p=5633\" title=\"Avanza la construcci\u00f3n de la Plaza Clemente\">[&#8230;]<\/a><\/div>\n","protected":false},"author":1,"featured_media":5635,"comment_status":"closed","ping_status":"closed","sticky":false,"template":"","format":"standard","meta":{"_uag_custom_page_level_css":"","_jetpack_memberships_contains_paid_content":false,"footnotes":"","jetpack_publicize_message":"","jetpack_publicize_feature_enabled":true,"jetpack_social_post_already_shared":true,"jetpack_social_options":{"image_generator_settings":{"template":"highway","default_image_id":0,"font":"","enabled":false},"version":2}},"categories":[192],"tags":[19,69,92],"class_list":{"0":"post-5633","1":"post","2":"type-post","3":"status-publish","4":"format-standard","5":"has-post-thumbnail","7":"category-desarrollo-urbano","8":"tag-comuna-13","9":"tag-espacio-verde","10":"tag-plaza-clemente"},"jetpack_publicize_connections":[],"jetpack_featured_media_url":"https:\/\/www.comuna13online.com.ar\/wp-content\/uploads\/2019\/06\/20190621b.jpg","uagb_featured_image_src":{"full":["https:\/\/www.comuna13online.com.ar\/wp-content\/uploads\/2019\/06\/20190621b.jpg",1030,438,false],"thumbnail":["https:\/\/www.comuna13online.com.ar\/wp-content\/uploads\/2019\/06\/20190621b-150x150.jpg",96,96,true],"medium":["https:\/\/www.comuna13online.com.ar\/wp-content\/uploads\/2019\/06\/20190621b-678x288.jpg",678,288,true],"medium_large":["https:\/\/www.comuna13online.com.ar\/wp-content\/uploads\/2019\/06\/20190621b-768x327.jpg",768,327,true],"large":["https:\/\/www.comuna13online.com.ar\/wp-content\/uploads\/2019\/06\/20190621b.jpg",1030,438,false],"1536x1536":["https:\/\/www.comuna13online.com.ar\/wp-content\/uploads\/2019\/06\/20190621b.jpg",1030,438,false],"2048x2048":["https:\/\/www.comuna13online.com.ar\/wp-content\/uploads\/2019\/06\/20190621b.jpg",1030,438,false],"mh-magazine-slider":["https:\/\/www.comuna13online.com.ar\/wp-content\/uploads\/2019\/06\/20190621b.jpg",1030,438,false],"mh-magazine-content":["https:\/\/www.comuna13online.com.ar\/wp-content\/uploads\/2019\/06\/20190621b-678x381.jpg",678,381,true],"mh-magazine-large":["https:\/\/www.comuna13online.com.ar\/wp-content\/uploads\/2019\/06\/20190621b-678x438.jpg",678,438,true],"mh-magazine-medium":["https:\/\/www.comuna13online.com.ar\/wp-content\/uploads\/2019\/06\/20190621b-326x245.jpg",326,245,true],"mh-magazine-small":["https:\/\/www.comuna13online.com.ar\/wp-content\/uploads\/2019\/06\/20190621b-80x60.jpg",80,60,true],"sow-carousel-default":["https:\/\/www.comuna13online.com.ar\/wp-content\/uploads\/2019\/06\/20190621b-272x182.jpg",272,182,true]},"uagb_author_info":{"display_name":"Comuna13","author_link":"https:\/\/www.comuna13online.com.ar\/?author=1"},"uagb_comment_info":0,"uagb_excerpt":"Los vecinos de Colegiales lograron detener la construcci\u00f3n de un centro comercial con estacionamiento para que en su lugar se levante la Plaza Clemente, hoy la obra est\u00e1 en marcha. [...]","jetpack_sharing_enabled":true,"_links":{"self":[{"href":"https:\/\/www.comuna13online.com.ar\/index.php?rest_route=\/wp\/v2\/posts\/5633","targetHints":{"allow":["GET"]}}],"collection":[{"href":"https:\/\/www.comuna13online.com.ar\/index.php?rest_route=\/wp\/v2\/posts"}],"about":[{"href":"https:\/\/www.comuna13online.com.ar\/index.php?rest_route=\/wp\/v2\/types\/post"}],"author":[{"embeddable":true,"href":"https:\/\/www.comuna13online.com.ar\/index.php?rest_route=\/wp\/v2\/users\/1"}],"replies":[{"embeddable":true,"href":"https:\/\/www.comuna13online.com.ar\/index.php?rest_route=%2Fwp%2Fv2%2Fcomments&post=5633"}],"version-history":[{"count":0,"href":"https:\/\/www.comuna13online.com.ar\/index.php?rest_route=\/wp\/v2\/posts\/5633\/revisions"}],"wp:featuredmedia":[{"embeddable":true,"href":"https:\/\/www.comuna13online.com.ar\/index.php?rest_route=\/wp\/v2\/media\/5635"}],"wp:attachment":[{"href":"https:\/\/www.comuna13online.com.ar\/index.php?rest_route=%2Fwp%2Fv2%2Fmedia&parent=5633"}],"wp:term":[{"taxonomy":"category","embeddable":true,"href":"https:\/\/www.comuna13online.com.ar\/index.php?rest_route=%2Fwp%2Fv2%2Fcategories&post=5633"},{"taxonomy":"post_tag","embeddable":true,"href":"https:\/\/www.comuna13online.com.ar\/index.php?rest_route=%2Fwp%2Fv2%2Ftags&post=5633"}],"curies":[{"name":"wp","href":"https:\/\/api.w.org\/{rel}","templated":true}]}}