{"id":5516,"date":"2019-06-07T10:50:40","date_gmt":"2019-06-07T13:50:40","guid":{"rendered":"http:\/\/www.comuna13online.com.ar\/?p=5516"},"modified":"2019-06-07T17:58:16","modified_gmt":"2019-06-07T20:58:16","slug":"campana-de-vacunacion-antirrabica-donde-estaras-las-postas-de-vacunacion-este-fin-de-semana","status":"publish","type":"post","link":"https:\/\/www.comuna13online.com.ar\/?p=5516","title":{"rendered":"Campa\u00f1a de Vacunaci\u00f3n Antirr\u00e1bica: D\u00f3nde estar\u00e1n las Postas de vacunaci\u00f3n este fin de semana"},"content":{"rendered":"<p><b>El Instituto de Zoonosis Luis Pasteur aplicar\u00e1 gratuitamente la vacuna antirr\u00e1bica a perros y gatos en diversos puntos de la Ciudad los d\u00edas s\u00e1bados y domingos de mayo y junio.<\/b><\/p>\n<p><img loading=\"lazy\" decoding=\"async\" data-attachment-id=\"4998\" data-permalink=\"https:\/\/www.comuna13online.com.ar\/?attachment_id=4998\" data-orig-file=\"https:\/\/www.comuna13online.com.ar\/wp-content\/uploads\/2019\/04\/campa\u00f1a-vacunacion1.jpg\" data-orig-size=\"678,452\" data-comments-opened=\"0\" data-image-meta=\"{&quot;aperture&quot;:&quot;0&quot;,&quot;credit&quot;:&quot;&quot;,&quot;camera&quot;:&quot;&quot;,&quot;caption&quot;:&quot;&quot;,&quot;created_timestamp&quot;:&quot;0&quot;,&quot;copyright&quot;:&quot;&quot;,&quot;focal_length&quot;:&quot;0&quot;,&quot;iso&quot;:&quot;0&quot;,&quot;shutter_speed&quot;:&quot;0&quot;,&quot;title&quot;:&quot;&quot;,&quot;orientation&quot;:&quot;0&quot;}\" data-image-title=\"campa\u00f1a-vacunacion1\" data-image-description=\"\" data-image-caption=\"\" data-large-file=\"https:\/\/www.comuna13online.com.ar\/wp-content\/uploads\/2019\/04\/campa\u00f1a-vacunacion1-657x438.jpg\" class=\"alignnone size-full wp-image-4998\" src=\"http:\/\/www.comuna13online.com.ar\/wp-content\/uploads\/2019\/04\/campa\u00f1a-vacunacion1.jpg\" alt=\"\" width=\"678\" height=\"452\" srcset=\"https:\/\/www.comuna13online.com.ar\/wp-content\/uploads\/2019\/04\/campa\u00f1a-vacunacion1.jpg 678w, https:\/\/www.comuna13online.com.ar\/wp-content\/uploads\/2019\/04\/campa\u00f1a-vacunacion1-657x438.jpg 657w, https:\/\/www.comuna13online.com.ar\/wp-content\/uploads\/2019\/04\/campa\u00f1a-vacunacion1-272x182.jpg 272w\" sizes=\"auto, (max-width: 678px) 100vw, 678px\" \/><\/p>\n<p>El Ministerio de Salud porte\u00f1o organiz\u00f3 la Campa\u00f1a de Vacunaci\u00f3n Antirr\u00e1bica 2019, donde a trav\u00e9s del Instituto de Zoonosis Luis Pasteur, se aplicar\u00e1 la vacuna antirr\u00e1bica a perros y gatos en forma gratuita durante todos los fines de semana de abril, mayo y junio en puntos estrat\u00e9gicos de la Ciudad de Buenos Aires.<\/p>\n<p>Desde que se inici\u00f3 la campa\u00f1a de vacunaci\u00f3n gratuita se ha aplicado la vacuna antirr\u00e1bica a casi 80.000 mascotas.<\/p>\n<p>Este fin de semana solo habr\u00e1 postas de vacunaci\u00f3n el s\u00e1bado, los puestos funcionar\u00e1n de 10 a 17 horas, Se suspende en caso de lluvia, comunicarse telef\u00f3nicamente al 4958-9900 \/ 9906 \/ 9902 durante la semana o al 4958-9901 el fin de semana para confirmar el funcionamiento de la Posta.<\/p>\n<p>Adem\u00e1s, en el Instituto de Zoonosis Luis Pasteur se vacunan contra la Rabia gratuitamente todos los d\u00edas del a\u00f1o, de lunes a domingos, de 8 a 17 hs. <a href=\"http:\/\/mapa.buenosaires.gob.ar\/comollego\/?lat=-34.608857&amp;lng=-58.437889&amp;zl=15&amp;modo=transporte&amp;dir=Diaz+Velez+Av.+5044\" target=\"_blank\" rel=\"noopener noreferrer\">D\u00edaz V\u00e9lez 4821<\/a>.<\/p>\n<p><strong>Ubicaci\u00f3n de los puestos de vacunaci\u00f3n programados para el fin de semana:<\/strong><\/p>\n<h3><span style=\"color: #008080;\">S\u00e1bado 8 de mayo de 10 a 17 hs.<\/span><\/h3>\n<table class=\"table table-hover\" style=\"height: 394px;\" width=\"678\">\n<thead>\n<tr>\n<th>DIRECCI\u00d3N<\/th>\n<th>BARRIO<\/th>\n<\/tr>\n<\/thead>\n<tbody>\n<tr>\n<td><a href=\"https:\/\/mapa.buenosaires.gob.ar\/comollego\/?lat=-34.698014&amp;lng=-58.469839&amp;zl=15&amp;modo=transporte&amp;dir=Roca%2C+Cnel.+Av.+y+Paz%2C+Gral.+Av.\">Av. Cnel. Roca y Av. Gral. Paz<\/a><\/td>\n<td>VILLA LUGANO &#8211; VILLA RIACHUELO<\/td>\n<\/tr>\n<tr>\n<td><a href=\"https:\/\/mapa.buenosaires.gob.ar\/comollego\/?lat=-34.569996&amp;lng=-58.509039&amp;zl=15&amp;modo=transporte&amp;dir=De+Los+Constituyentes+Av.+y+Paz%2C+Gral.+Av.\">Av. Constituyentes y Av. Gral. Paz<\/a><\/td>\n<td>VILLA PUEYRREDON &#8211; VILLA URQUIZA<\/td>\n<\/tr>\n<tr>\n<td><a href=\"https:\/\/mapa.buenosaires.gob.ar\/comollego\/?lat=-34.599806&amp;lng=-58.429738&amp;zl=15&amp;modo=transporte&amp;dir=Lambare+y+Guardia+Vieja\">Lambar\u00e9 y Guardia Vieja (Plazoleta Elias Alippi)<\/a><\/td>\n<td>ALMAGRO &#8211; VILLA CRESPO<\/td>\n<\/tr>\n<tr>\n<td><a href=\"https:\/\/mapa.buenosaires.gob.ar\/comollego\/?lat=-34.616464&amp;lng=-58.528300&amp;zl=15&amp;modo=transporte&amp;dir=Beiro%2C+Francisco+Av.+y+Hugo%2C+Victor\">Av. Beiro y Victor Hugo<\/a><\/td>\n<td>VILLA DEVOTO<\/td>\n<\/tr>\n<tr>\n<td><a href=\"https:\/\/mapa.buenosaires.gob.ar\/comollego\/?lat=-34.651248&amp;lng=-58.495344&amp;zl=15&amp;modo=transporte&amp;dir=Albari%C3%B1o+y+Rodo%2C+Jose+E.\">Albari\u00f1o y Jos\u00e9 Rod\u00f3<\/a><\/td>\n<td>MATADEROS<\/td>\n<\/tr>\n<tr>\n<td><a href=\"https:\/\/mapa.buenosaires.gob.ar\/comollego\/?lat=-34.634303&amp;lng=-58.463445&amp;zl=15&amp;modo=transporte&amp;dir=Directorio+Av.+y+Varela\">Av. Directorio y Varela (Plazoleta 11 de Noviembre de 1859)<\/a><\/td>\n<td>FLORES<\/td>\n<\/tr>\n<tr>\n<td><a href=\"https:\/\/mapa.buenosaires.gob.ar\/comollego\/?lat=-34.593860&amp;lng=-58.505121&amp;zl=15&amp;modo=transporte&amp;dir=San+Martin+Av.+y+Pareja\">Av. San Mart\u00edn y Pareja (Plazoleta)<\/a><\/td>\n<td>VILLA DEVOTO<\/td>\n<\/tr>\n<tr>\n<td><a href=\"https:\/\/mapa.buenosaires.gob.ar\/comollego\/?lat=-34.632683&amp;lng=-58.370366&amp;zl=15&amp;modo=transporte&amp;dir=Regimiento+De+Patricios+Av.+y+Gualeguay\">Av. Regimiento De Patricios y Gualeguay<\/a><\/td>\n<td>LA BOCA<\/td>\n<\/tr>\n<tr>\n<td><a href=\"https:\/\/mapa.buenosaires.gob.ar\/comollego\/?lat=-34.638153&amp;lng=-58.411630&amp;zl=15&amp;modo=transporte&amp;dir=Almafuerte+Av.+y+Caseros+Av.\">Av. Almafuerte y Avda. Caseros (Parque)<\/a><\/td>\n<td>PARQUE PATRICIOS<\/td>\n<\/tr>\n<tr>\n<td><a href=\"https:\/\/mapa.buenosaires.gob.ar\/comollego\/?lat=-34.618941&amp;lng=-58.433404&amp;zl=15&amp;modo=transporte&amp;dir=Rosario+y+Viel\">Rosario y Viel (Parque Rivadavia)<\/a><\/td>\n<td>CABALLITO<\/td>\n<\/tr>\n<tr>\n<td><a href=\"https:\/\/mapa.buenosaires.gob.ar\/comollego\/?lat=-34.636315&amp;lng=-58.444090&amp;zl=15&amp;modo=transporte&amp;dir=Asamblea+Av.+y+Miro\">Av. Asamblea y Miro (Parque Chacabuco)<\/a><\/td>\n<td>PARQUE CHABUCO<\/td>\n<\/tr>\n<\/tbody>\n<\/table>\n<p><img loading=\"lazy\" decoding=\"async\" data-attachment-id=\"99\" data-permalink=\"https:\/\/www.comuna13online.com.ar\/?attachment_id=99\" data-orig-file=\"https:\/\/www.comuna13online.com.ar\/wp-content\/uploads\/2017\/12\/line.jpg\" data-orig-size=\"678,1\" data-comments-opened=\"0\" data-image-meta=\"{&quot;aperture&quot;:&quot;0&quot;,&quot;credit&quot;:&quot;&quot;,&quot;camera&quot;:&quot;&quot;,&quot;caption&quot;:&quot;&quot;,&quot;created_timestamp&quot;:&quot;0&quot;,&quot;copyright&quot;:&quot;&quot;,&quot;focal_length&quot;:&quot;0&quot;,&quot;iso&quot;:&quot;0&quot;,&quot;shutter_speed&quot;:&quot;0&quot;,&quot;title&quot;:&quot;&quot;,&quot;orientation&quot;:&quot;0&quot;}\" data-image-title=\"line\" data-image-description=\"\" data-image-caption=\"\" data-large-file=\"https:\/\/www.comuna13online.com.ar\/wp-content\/uploads\/2017\/12\/line.jpg\" class=\"alignnone size-full wp-image-99\" src=\"http:\/\/www.comuna13online.com.ar\/wp-content\/uploads\/2017\/12\/line.jpg\" alt=\"\" width=\"678\" height=\"1\" srcset=\"https:\/\/www.comuna13online.com.ar\/wp-content\/uploads\/2017\/12\/line.jpg 678w, https:\/\/www.comuna13online.com.ar\/wp-content\/uploads\/2017\/12\/line-150x1.jpg 150w, https:\/\/www.comuna13online.com.ar\/wp-content\/uploads\/2017\/12\/line-326x1.jpg 326w, https:\/\/www.comuna13online.com.ar\/wp-content\/uploads\/2017\/12\/line-80x1.jpg 80w, https:\/\/www.comuna13online.com.ar\/wp-content\/uploads\/2017\/12\/line-272x1.jpg 272w\" sizes=\"auto, (max-width: 678px) 100vw, 678px\" \/><\/p>\n<p>La\u00a0rabia\u00a0es una\u00a0enfermedad\u00a0zoon\u00f3tica\u00a0viral, de tipo\u00a0aguda\u00a0e\u00a0infecciosa. Es causada por un virus Rhabdoviridae\u00a0que ataca el\u00a0sistema nervioso central, cursando una\u00a0encefalitis\u00a0con una letalidad cercana al 100%.<\/p>\n<p>El virus puede ser trasmitido tanto a seres humanos como otros animales, en nuestra ciudad los animales m\u00e1s comunes que pueden trasmitir el virus son\u00a0perros, gatos y murci\u00e9lagos, en el caso de los animales dom\u00e9sticos, la enfermedad est\u00e1 controlada desde el a\u00f1o 1981.<\/p>\n<p>La vacuna antirr\u00e1bica debe aplicarse una vez al a\u00f1o a partir de los 3 meses de vida.<\/p>\n<p>Ante la mordedura de un animal sin control vacunatorio o sospechas de poseer rabia, dirigirse de manera inmediata para ser atendida al Hospital Durand, Pabell\u00f3n Romano,\u00a0\u00e1rea de Profilaxis r\u00e1bica. (<a href=\"http:\/\/mapa.buenosaires.gob.ar\/comollego\/?lat=-34.608857&amp;lng=-58.437889&amp;zl=15&amp;modo=transporte&amp;dir=Diaz+Velez+Av.+5044\" target=\"_blank\" rel=\"noopener noreferrer\">Diaz Velez 5044<\/a>).<\/p>\n<p>Durante el tratamiento debe hacerse en lo posible un seguimiento del animal supuesto portador del virus, en cuanto a las personas, se trata con la aplicaci\u00f3n de la vacuna y suero.<\/p>\n<p><img loading=\"lazy\" decoding=\"async\" data-attachment-id=\"99\" data-permalink=\"https:\/\/www.comuna13online.com.ar\/?attachment_id=99\" data-orig-file=\"https:\/\/www.comuna13online.com.ar\/wp-content\/uploads\/2017\/12\/line.jpg\" data-orig-size=\"678,1\" data-comments-opened=\"0\" data-image-meta=\"{&quot;aperture&quot;:&quot;0&quot;,&quot;credit&quot;:&quot;&quot;,&quot;camera&quot;:&quot;&quot;,&quot;caption&quot;:&quot;&quot;,&quot;created_timestamp&quot;:&quot;0&quot;,&quot;copyright&quot;:&quot;&quot;,&quot;focal_length&quot;:&quot;0&quot;,&quot;iso&quot;:&quot;0&quot;,&quot;shutter_speed&quot;:&quot;0&quot;,&quot;title&quot;:&quot;&quot;,&quot;orientation&quot;:&quot;0&quot;}\" data-image-title=\"line\" data-image-description=\"\" data-image-caption=\"\" data-large-file=\"https:\/\/www.comuna13online.com.ar\/wp-content\/uploads\/2017\/12\/line.jpg\" class=\"alignnone size-full wp-image-99 aligncenter\" src=\"http:\/\/www.comuna13online.com.ar\/wp-content\/uploads\/2017\/12\/line.jpg\" alt=\"\" width=\"678\" height=\"1\" srcset=\"https:\/\/www.comuna13online.com.ar\/wp-content\/uploads\/2017\/12\/line.jpg 678w, https:\/\/www.comuna13online.com.ar\/wp-content\/uploads\/2017\/12\/line-150x1.jpg 150w, https:\/\/www.comuna13online.com.ar\/wp-content\/uploads\/2017\/12\/line-326x1.jpg 326w, https:\/\/www.comuna13online.com.ar\/wp-content\/uploads\/2017\/12\/line-80x1.jpg 80w, https:\/\/www.comuna13online.com.ar\/wp-content\/uploads\/2017\/12\/line-272x1.jpg 272w\" sizes=\"auto, (max-width: 678px) 100vw, 678px\" \/><\/p>\n<h3 style=\"text-align: center;\"><span style=\"color: #ff0000;\"><strong>La Rabia puede llegar a ser mortal si no es tratada a tiempo.<br \/>\n<\/strong><strong> Es por ello que la consulta temprana es la \u00fanica forma de realizar su prevenci\u00f3n en el ser humano.<\/strong><\/span><\/h3>\n<p style=\"text-align: center;\"><img loading=\"lazy\" decoding=\"async\" data-attachment-id=\"99\" data-permalink=\"https:\/\/www.comuna13online.com.ar\/?attachment_id=99\" data-orig-file=\"https:\/\/www.comuna13online.com.ar\/wp-content\/uploads\/2017\/12\/line.jpg\" data-orig-size=\"678,1\" data-comments-opened=\"0\" data-image-meta=\"{&quot;aperture&quot;:&quot;0&quot;,&quot;credit&quot;:&quot;&quot;,&quot;camera&quot;:&quot;&quot;,&quot;caption&quot;:&quot;&quot;,&quot;created_timestamp&quot;:&quot;0&quot;,&quot;copyright&quot;:&quot;&quot;,&quot;focal_length&quot;:&quot;0&quot;,&quot;iso&quot;:&quot;0&quot;,&quot;shutter_speed&quot;:&quot;0&quot;,&quot;title&quot;:&quot;&quot;,&quot;orientation&quot;:&quot;0&quot;}\" data-image-title=\"line\" data-image-description=\"\" data-image-caption=\"\" data-large-file=\"https:\/\/www.comuna13online.com.ar\/wp-content\/uploads\/2017\/12\/line.jpg\" class=\"alignnone size-full wp-image-99\" src=\"http:\/\/www.comuna13online.com.ar\/wp-content\/uploads\/2017\/12\/line.jpg\" alt=\"\" width=\"678\" height=\"1\" srcset=\"https:\/\/www.comuna13online.com.ar\/wp-content\/uploads\/2017\/12\/line.jpg 678w, https:\/\/www.comuna13online.com.ar\/wp-content\/uploads\/2017\/12\/line-150x1.jpg 150w, https:\/\/www.comuna13online.com.ar\/wp-content\/uploads\/2017\/12\/line-326x1.jpg 326w, https:\/\/www.comuna13online.com.ar\/wp-content\/uploads\/2017\/12\/line-80x1.jpg 80w, https:\/\/www.comuna13online.com.ar\/wp-content\/uploads\/2017\/12\/line-272x1.jpg 272w\" sizes=\"auto, (max-width: 678px) 100vw, 678px\" \/><\/p>\n<h4><span style=\"color: #008080;\"><strong>Luis Pasteur y la vacuna<\/strong><\/span><\/h4>\n<p><img loading=\"lazy\" decoding=\"async\" data-attachment-id=\"1269\" data-permalink=\"https:\/\/www.comuna13online.com.ar\/?attachment_id=1269\" data-orig-file=\"https:\/\/www.comuna13online.com.ar\/wp-content\/uploads\/2018\/04\/pasteur.jpg\" data-orig-size=\"212,250\" data-comments-opened=\"0\" data-image-meta=\"{&quot;aperture&quot;:&quot;0&quot;,&quot;credit&quot;:&quot;&quot;,&quot;camera&quot;:&quot;&quot;,&quot;caption&quot;:&quot;&quot;,&quot;created_timestamp&quot;:&quot;0&quot;,&quot;copyright&quot;:&quot;&quot;,&quot;focal_length&quot;:&quot;0&quot;,&quot;iso&quot;:&quot;0&quot;,&quot;shutter_speed&quot;:&quot;0&quot;,&quot;title&quot;:&quot;&quot;,&quot;orientation&quot;:&quot;0&quot;}\" data-image-title=\"pasteur\" data-image-description=\"\" data-image-caption=\"\" data-large-file=\"https:\/\/www.comuna13online.com.ar\/wp-content\/uploads\/2018\/04\/pasteur.jpg\" class=\"alignright wp-image-1269 size-full\" src=\"http:\/\/www.comuna13online.com.ar\/wp-content\/uploads\/2018\/04\/pasteur.jpg\" alt=\"\" width=\"212\" height=\"250\" \/><\/p>\n<p>En 1857 Louis Pasteur demuestra que las infecciones est\u00e1n relacionadas con los microorganismos, que se pueden cultivar y, por lo tanto, estudiar.<\/p>\n<p>En 1880, comprueba que es posible protegerse de las enfermedades infecciosas mediante la inyecci\u00f3n de g\u00e9rmenes atenuados. Despu\u00e9s de ensayos coronados exitosamente contra enfermedades animales, como el c\u00f3lera de las gallinas.<\/p>\n<p>En 1885 aplica su tratamiento al joven Joseph Meister, quien hab\u00eda estado expuesto al virus de la rabia, y lo salva. S\u00f3lo en los 15 meses siguientes m\u00e1s de 2.500 v\u00edctimas de mordeduras de perros rabiosos fueron tratadas de la misma manera.<\/p>\n","protected":false},"excerpt":{"rendered":"<div class=\"mh-excerpt\">El Instituto de Zoonosis Luis Pasteur aplicar\u00e1 gratuitamente la vacuna antirr\u00e1bica a perros y gatos en diversos puntos de la Ciudad los d\u00edas s\u00e1bados y domingos de mayo y junio. <a class=\"mh-excerpt-more\" href=\"https:\/\/www.comuna13online.com.ar\/?p=5516\" title=\"Campa\u00f1a de Vacunaci\u00f3n Antirr\u00e1bica: D\u00f3nde estar\u00e1n las Postas de vacunaci\u00f3n este fin de semana\">[&#8230;]<\/a><\/div>\n","protected":false},"author":1,"featured_media":5042,"comment_status":"closed","ping_status":"closed","sticky":false,"template":"","format":"standard","meta":{"_uag_custom_page_level_css":"","_jetpack_memberships_contains_paid_content":false,"footnotes":"","jetpack_publicize_message":"Campa\u00f1a de Vacunaci\u00f3n Antirr\u00e1bica: D\u00f3nde estar\u00e1s las Postas de vacunaci\u00f3n este fin de semana #mascotas","jetpack_publicize_feature_enabled":true,"jetpack_social_post_already_shared":true,"jetpack_social_options":{"image_generator_settings":{"template":"highway","default_image_id":0,"font":"","enabled":false},"version":2}},"categories":[39],"tags":[27,118],"class_list":{"0":"post-5516","1":"post","2":"type-post","3":"status-publish","4":"format-standard","5":"has-post-thumbnail","7":"category-mascotas","8":"tag-mascotas","9":"tag-vacunacion"},"jetpack_publicize_connections":[],"jetpack_featured_media_url":"https:\/\/www.comuna13online.com.ar\/wp-content\/uploads\/2019\/05\/campa\u00f1a-antirrabica-mayo0.jpg","uagb_featured_image_src":{"full":["https:\/\/www.comuna13online.com.ar\/wp-content\/uploads\/2019\/05\/campa\u00f1a-antirrabica-mayo0.jpg",1030,438,false],"thumbnail":["https:\/\/www.comuna13online.com.ar\/wp-content\/uploads\/2019\/05\/campa\u00f1a-antirrabica-mayo0-150x150.jpg",96,96,true],"medium":["https:\/\/www.comuna13online.com.ar\/wp-content\/uploads\/2019\/05\/campa\u00f1a-antirrabica-mayo0-678x288.jpg",678,288,true],"medium_large":["https:\/\/www.comuna13online.com.ar\/wp-content\/uploads\/2019\/05\/campa\u00f1a-antirrabica-mayo0-768x327.jpg",768,327,true],"large":["https:\/\/www.comuna13online.com.ar\/wp-content\/uploads\/2019\/05\/campa\u00f1a-antirrabica-mayo0.jpg",1030,438,false],"1536x1536":["https:\/\/www.comuna13online.com.ar\/wp-content\/uploads\/2019\/05\/campa\u00f1a-antirrabica-mayo0.jpg",1030,438,false],"2048x2048":["https:\/\/www.comuna13online.com.ar\/wp-content\/uploads\/2019\/05\/campa\u00f1a-antirrabica-mayo0.jpg",1030,438,false],"mh-magazine-slider":["https:\/\/www.comuna13online.com.ar\/wp-content\/uploads\/2019\/05\/campa\u00f1a-antirrabica-mayo0.jpg",1030,438,false],"mh-magazine-content":["https:\/\/www.comuna13online.com.ar\/wp-content\/uploads\/2019\/05\/campa\u00f1a-antirrabica-mayo0-678x381.jpg",678,381,true],"mh-magazine-large":["https:\/\/www.comuna13online.com.ar\/wp-content\/uploads\/2019\/05\/campa\u00f1a-antirrabica-mayo0-678x438.jpg",678,438,true],"mh-magazine-medium":["https:\/\/www.comuna13online.com.ar\/wp-content\/uploads\/2019\/05\/campa\u00f1a-antirrabica-mayo0-326x245.jpg",326,245,true],"mh-magazine-small":["https:\/\/www.comuna13online.com.ar\/wp-content\/uploads\/2019\/05\/campa\u00f1a-antirrabica-mayo0-80x60.jpg",80,60,true],"sow-carousel-default":["https:\/\/www.comuna13online.com.ar\/wp-content\/uploads\/2019\/05\/campa\u00f1a-antirrabica-mayo0-272x182.jpg",272,182,true]},"uagb_author_info":{"display_name":"Comuna13","author_link":"https:\/\/www.comuna13online.com.ar\/?author=1"},"uagb_comment_info":0,"uagb_excerpt":"El Instituto de Zoonosis Luis Pasteur aplicar\u00e1 gratuitamente la vacuna antirr\u00e1bica a perros y gatos en diversos puntos de la Ciudad los d\u00edas s\u00e1bados y domingos de mayo y junio. [...]","jetpack_sharing_enabled":true,"_links":{"self":[{"href":"https:\/\/www.comuna13online.com.ar\/index.php?rest_route=\/wp\/v2\/posts\/5516","targetHints":{"allow":["GET"]}}],"collection":[{"href":"https:\/\/www.comuna13online.com.ar\/index.php?rest_route=\/wp\/v2\/posts"}],"about":[{"href":"https:\/\/www.comuna13online.com.ar\/index.php?rest_route=\/wp\/v2\/types\/post"}],"author":[{"embeddable":true,"href":"https:\/\/www.comuna13online.com.ar\/index.php?rest_route=\/wp\/v2\/users\/1"}],"replies":[{"embeddable":true,"href":"https:\/\/www.comuna13online.com.ar\/index.php?rest_route=%2Fwp%2Fv2%2Fcomments&post=5516"}],"version-history":[{"count":0,"href":"https:\/\/www.comuna13online.com.ar\/index.php?rest_route=\/wp\/v2\/posts\/5516\/revisions"}],"wp:featuredmedia":[{"embeddable":true,"href":"https:\/\/www.comuna13online.com.ar\/index.php?rest_route=\/wp\/v2\/media\/5042"}],"wp:attachment":[{"href":"https:\/\/www.comuna13online.com.ar\/index.php?rest_route=%2Fwp%2Fv2%2Fmedia&parent=5516"}],"wp:term":[{"taxonomy":"category","embeddable":true,"href":"https:\/\/www.comuna13online.com.ar\/index.php?rest_route=%2Fwp%2Fv2%2Fcategories&post=5516"},{"taxonomy":"post_tag","embeddable":true,"href":"https:\/\/www.comuna13online.com.ar\/index.php?rest_route=%2Fwp%2Fv2%2Ftags&post=5516"}],"curies":[{"name":"wp","href":"https:\/\/api.w.org\/{rel}","templated":true}]}}