{"id":5493,"date":"2019-06-06T11:46:01","date_gmt":"2019-06-06T14:46:01","guid":{"rendered":"http:\/\/www.comuna13online.com.ar\/?p=5493"},"modified":"2019-06-06T11:46:01","modified_gmt":"2019-06-06T14:46:01","slug":"denuncian-irregularidades-en-las-licitaciones-por-las-veredas","status":"publish","type":"post","link":"https:\/\/www.comuna13online.com.ar\/?p=5493","title":{"rendered":"Denuncian irregularidades en las licitaciones por las veredas"},"content":{"rendered":"<p><strong>Seg\u00fan publica el portal nueva-ciudad las licitaciones para la reparaci\u00f3n de veredas en 2019 alcanzaron los $3.751.219.279 y los adjudicados aparecen varios aportantes a la campa\u00f1a de Rodr\u00edguez Larreta.<\/strong><\/p>\n<p><img loading=\"lazy\" decoding=\"async\" data-attachment-id=\"5494\" data-permalink=\"https:\/\/www.comuna13online.com.ar\/?attachment_id=5494\" data-orig-file=\"https:\/\/www.comuna13online.com.ar\/wp-content\/uploads\/2019\/06\/20190606d1.jpg\" data-orig-size=\"678,387\" data-comments-opened=\"0\" data-image-meta=\"{&quot;aperture&quot;:&quot;0&quot;,&quot;credit&quot;:&quot;&quot;,&quot;camera&quot;:&quot;&quot;,&quot;caption&quot;:&quot;&quot;,&quot;created_timestamp&quot;:&quot;0&quot;,&quot;copyright&quot;:&quot;&quot;,&quot;focal_length&quot;:&quot;0&quot;,&quot;iso&quot;:&quot;0&quot;,&quot;shutter_speed&quot;:&quot;0&quot;,&quot;title&quot;:&quot;&quot;,&quot;orientation&quot;:&quot;0&quot;}\" data-image-title=\"20190606d1\" data-image-description=\"\" data-image-caption=\"\" data-large-file=\"https:\/\/www.comuna13online.com.ar\/wp-content\/uploads\/2019\/06\/20190606d1.jpg\" class=\"alignnone size-full wp-image-5494\" src=\"http:\/\/www.comuna13online.com.ar\/wp-content\/uploads\/2019\/06\/20190606d1.jpg\" alt=\"\" width=\"678\" height=\"387\" \/><\/p>\n<p>\u00abVeredas porte\u00f1as y un cuento de nunca acabar: contratos millonarios para aportantes de campa\u00f1a\u00bb t\u00edtula el portal nueva-ciudad.com.ar, y denuncia que En diciembre pasado se adjudicaron licitaciones para la reparaci\u00f3n de veredas durante 2019 por $3.751.219.279. Sin embargo, una resoluci\u00f3n publicada este mi\u00e9rcoles dio cuenta de un nuevo contrato millonario destinado a las aceras. Esta vez, por m\u00e1s de $174 millones. Aportantes entre los beneficiarios.<\/p>\n<p>Al parecer, los\u00a0m\u00e1s de $3750 millones\u00a0destinados a la reparaci\u00f3n de veredas para 2019 y 2020 no fueron suficientes. Seg\u00fan se public\u00f3 en el\u00a0Bolet\u00edn Oficial\u00a0hoy, el gobierno de Horacio Rodr\u00edguez Larreta destin\u00f3\u00a0otros $174 millones para la construcci\u00f3n de vados y rampas, pese a que el \u00edtem ya forma parte del contrato mayor. Y, una vez m\u00e1s, entre los adjudicatarios aparecen aportantes a la campa\u00f1a de Cambiemos.<\/p>\n<p>En diciembre pasado se adjudicaron licitaciones para la reparaci\u00f3n de veredas en 14 comunas porte\u00f1as por $3.751 .219.279. Para este a\u00f1o, anunciaban, se destinar\u00edan m\u00e1s de 2 mil millones de pesos al Plan Integral de Veredas.<\/p>\n<div align=\"center\">\n<blockquote class=\"twitter-tweet\" data-lang=\"es\">\n<p dir=\"ltr\" lang=\"es\">Cuantos millones de metros cuadrados de veredas hay en la Ciudad de Buenos Aires????<br \/>\nAlg\u00fan d\u00eda tambi\u00e9n se deber\u00e1n auditar esas obras, sobretodo las que se hicieron m\u00e1s de una vez. <a href=\"https:\/\/t.co\/sNqKV45xgG\">pic.twitter.com\/sNqKV45xgG<\/a><\/p>\n<p>\u2014 Christian Buteler (@cbuteler) <a href=\"https:\/\/twitter.com\/cbuteler\/status\/1101736388704288768?ref_src=twsrc%5Etfw\">2 de marzo de 2019<\/a><\/p><\/blockquote>\n<p><script async src=\"https:\/\/platform.twitter.com\/widgets.js\" charset=\"utf-8\"><\/script><\/p>\n<\/div>\n<p>Sin embargo, una resoluci\u00f3n publicada este mi\u00e9rcoles dio cuenta de un nuevo contrato millonario destinado a las aceras, para la construcci\u00f3n de vados y rampas. Una de las firmas adjudicatarias es Pedreira SRL, gerenciada por Diego Martin Rodr\u00edgo, aportante de Cambiemos en la campa\u00f1a 2015, seg\u00fan consta en los\u00a0listados\u00a0difundidos por la C\u00e1mara Nacional Electoral. A esta empresa le adjudicaron casi $36 millones para vados y rampas en la Zona 1. La resoluci\u00f3n lleva la firma de Clara Muzzio, subsecretaria de V\u00edas Peatonales del Gobierno de la Ciudad.<\/p>\n<p>\u201cCambiemos lo hizo de nuevo. Le otorg\u00f3 a un aportante de campa\u00f1a un contrato millonario.\u00a0Eduardo Macchiavelli (ministro de Espacio P\u00fablico) hizo esto todos los a\u00f1os electorales: pone en manos de aportantes de campa\u00f1a contrataciones de la ciudad para que vuelvan a poner\u201d, advirti\u00f3 la comunera Julieta Costa Diaz, quien lleva largo tiempo\u00a0analizando los negociados\u00a0en torno a las veredas porte\u00f1as.<\/p>\n<p>Adem\u00e1s, Costa Diaz alert\u00f3 \u2013en di\u00e1logo con Nueva Ciudad- que\u00a0\u201cya existe una contrataci\u00f3n m\u00e1s grande donde est\u00e1n incluidos los vados y las rampas; no hay motivo para duplicar contrataciones\u201d.<\/p>\n<p style=\"text-align: right;\"><img loading=\"lazy\" decoding=\"async\" data-attachment-id=\"99\" data-permalink=\"https:\/\/www.comuna13online.com.ar\/?attachment_id=99\" data-orig-file=\"https:\/\/www.comuna13online.com.ar\/wp-content\/uploads\/2017\/12\/line.jpg\" data-orig-size=\"678,1\" data-comments-opened=\"0\" data-image-meta=\"{&quot;aperture&quot;:&quot;0&quot;,&quot;credit&quot;:&quot;&quot;,&quot;camera&quot;:&quot;&quot;,&quot;caption&quot;:&quot;&quot;,&quot;created_timestamp&quot;:&quot;0&quot;,&quot;copyright&quot;:&quot;&quot;,&quot;focal_length&quot;:&quot;0&quot;,&quot;iso&quot;:&quot;0&quot;,&quot;shutter_speed&quot;:&quot;0&quot;,&quot;title&quot;:&quot;&quot;,&quot;orientation&quot;:&quot;0&quot;}\" data-image-title=\"line\" data-image-description=\"\" data-image-caption=\"\" data-large-file=\"https:\/\/www.comuna13online.com.ar\/wp-content\/uploads\/2017\/12\/line.jpg\" class=\"alignnone size-full wp-image-99\" src=\"http:\/\/www.comuna13online.com.ar\/wp-content\/uploads\/2017\/12\/line.jpg\" alt=\"\" width=\"678\" height=\"1\" srcset=\"https:\/\/www.comuna13online.com.ar\/wp-content\/uploads\/2017\/12\/line.jpg 678w, https:\/\/www.comuna13online.com.ar\/wp-content\/uploads\/2017\/12\/line-150x1.jpg 150w, https:\/\/www.comuna13online.com.ar\/wp-content\/uploads\/2017\/12\/line-326x1.jpg 326w, https:\/\/www.comuna13online.com.ar\/wp-content\/uploads\/2017\/12\/line-80x1.jpg 80w, https:\/\/www.comuna13online.com.ar\/wp-content\/uploads\/2017\/12\/line-272x1.jpg 272w\" sizes=\"auto, (max-width: 678px) 100vw, 678px\" \/><br \/>\n<span style=\"color: #999999;\">Fuente: nueva-ciudad.com.ar<\/span><\/p>\n<p>&nbsp;<\/p>\n","protected":false},"excerpt":{"rendered":"<div class=\"mh-excerpt\">Seg\u00fan publica el portal nueva-ciudad las licitaciones para la reparaci\u00f3n de veredas en 2019 alcanzaron los $3.751.219.279 y los adjudicados aparecen varios aportantes a la campa\u00f1a de Rodr\u00edguez Larreta. \u00abVeredas <a class=\"mh-excerpt-more\" href=\"https:\/\/www.comuna13online.com.ar\/?p=5493\" title=\"Denuncian irregularidades en las licitaciones por las veredas\">[&#8230;]<\/a><\/div>\n","protected":false},"author":1,"featured_media":5495,"comment_status":"closed","ping_status":"closed","sticky":false,"template":"","format":"standard","meta":{"_uag_custom_page_level_css":"","_jetpack_memberships_contains_paid_content":false,"footnotes":"","jetpack_publicize_message":"Denuncian irregularidades en las licitaciones por las veredas","jetpack_publicize_feature_enabled":true,"jetpack_social_post_already_shared":true,"jetpack_social_options":{"image_generator_settings":{"template":"highway","default_image_id":0,"font":"","enabled":false},"version":2}},"categories":[9],"tags":[],"class_list":{"0":"post-5493","1":"post","2":"type-post","3":"status-publish","4":"format-standard","5":"has-post-thumbnail","7":"category-ciudad"},"jetpack_publicize_connections":[],"jetpack_featured_media_url":"https:\/\/www.comuna13online.com.ar\/wp-content\/uploads\/2019\/06\/20190606d.jpg","uagb_featured_image_src":{"full":["https:\/\/www.comuna13online.com.ar\/wp-content\/uploads\/2019\/06\/20190606d.jpg",1030,438,false],"thumbnail":["https:\/\/www.comuna13online.com.ar\/wp-content\/uploads\/2019\/06\/20190606d-150x150.jpg",96,96,true],"medium":["https:\/\/www.comuna13online.com.ar\/wp-content\/uploads\/2019\/06\/20190606d-678x288.jpg",678,288,true],"medium_large":["https:\/\/www.comuna13online.com.ar\/wp-content\/uploads\/2019\/06\/20190606d-768x327.jpg",768,327,true],"large":["https:\/\/www.comuna13online.com.ar\/wp-content\/uploads\/2019\/06\/20190606d.jpg",1030,438,false],"1536x1536":["https:\/\/www.comuna13online.com.ar\/wp-content\/uploads\/2019\/06\/20190606d.jpg",1030,438,false],"2048x2048":["https:\/\/www.comuna13online.com.ar\/wp-content\/uploads\/2019\/06\/20190606d.jpg",1030,438,false],"mh-magazine-slider":["https:\/\/www.comuna13online.com.ar\/wp-content\/uploads\/2019\/06\/20190606d.jpg",1030,438,false],"mh-magazine-content":["https:\/\/www.comuna13online.com.ar\/wp-content\/uploads\/2019\/06\/20190606d-678x381.jpg",678,381,true],"mh-magazine-large":["https:\/\/www.comuna13online.com.ar\/wp-content\/uploads\/2019\/06\/20190606d-678x438.jpg",678,438,true],"mh-magazine-medium":["https:\/\/www.comuna13online.com.ar\/wp-content\/uploads\/2019\/06\/20190606d-326x245.jpg",326,245,true],"mh-magazine-small":["https:\/\/www.comuna13online.com.ar\/wp-content\/uploads\/2019\/06\/20190606d-80x60.jpg",80,60,true],"sow-carousel-default":["https:\/\/www.comuna13online.com.ar\/wp-content\/uploads\/2019\/06\/20190606d-272x182.jpg",272,182,true]},"uagb_author_info":{"display_name":"Comuna13","author_link":"https:\/\/www.comuna13online.com.ar\/?author=1"},"uagb_comment_info":0,"uagb_excerpt":"Seg\u00fan publica el portal nueva-ciudad las licitaciones para la reparaci\u00f3n de veredas en 2019 alcanzaron los $3.751.219.279 y los adjudicados aparecen varios aportantes a la campa\u00f1a de Rodr\u00edguez Larreta. \u00abVeredas [...]","jetpack_sharing_enabled":true,"_links":{"self":[{"href":"https:\/\/www.comuna13online.com.ar\/index.php?rest_route=\/wp\/v2\/posts\/5493","targetHints":{"allow":["GET"]}}],"collection":[{"href":"https:\/\/www.comuna13online.com.ar\/index.php?rest_route=\/wp\/v2\/posts"}],"about":[{"href":"https:\/\/www.comuna13online.com.ar\/index.php?rest_route=\/wp\/v2\/types\/post"}],"author":[{"embeddable":true,"href":"https:\/\/www.comuna13online.com.ar\/index.php?rest_route=\/wp\/v2\/users\/1"}],"replies":[{"embeddable":true,"href":"https:\/\/www.comuna13online.com.ar\/index.php?rest_route=%2Fwp%2Fv2%2Fcomments&post=5493"}],"version-history":[{"count":0,"href":"https:\/\/www.comuna13online.com.ar\/index.php?rest_route=\/wp\/v2\/posts\/5493\/revisions"}],"wp:featuredmedia":[{"embeddable":true,"href":"https:\/\/www.comuna13online.com.ar\/index.php?rest_route=\/wp\/v2\/media\/5495"}],"wp:attachment":[{"href":"https:\/\/www.comuna13online.com.ar\/index.php?rest_route=%2Fwp%2Fv2%2Fmedia&parent=5493"}],"wp:term":[{"taxonomy":"category","embeddable":true,"href":"https:\/\/www.comuna13online.com.ar\/index.php?rest_route=%2Fwp%2Fv2%2Fcategories&post=5493"},{"taxonomy":"post_tag","embeddable":true,"href":"https:\/\/www.comuna13online.com.ar\/index.php?rest_route=%2Fwp%2Fv2%2Ftags&post=5493"}],"curies":[{"name":"wp","href":"https:\/\/api.w.org\/{rel}","templated":true}]}}