{"id":5454,"date":"2019-06-04T05:00:56","date_gmt":"2019-06-04T08:00:56","guid":{"rendered":"http:\/\/www.comuna13online.com.ar\/?p=5454"},"modified":"2019-06-04T09:05:47","modified_gmt":"2019-06-04T12:05:47","slug":"el-museo-lerrata-permanecer-cerrado-del-3-al-7-de-junio","status":"publish","type":"post","link":"https:\/\/www.comuna13online.com.ar\/?p=5454","title":{"rendered":"El Museo Larreta permanecer\u00e1 cerrado del 3 al 7 de junio"},"content":{"rendered":"<p><strong>Es por el montaje de la muestra \u00abUn regalo para Evita\u00bb basada en la colecci\u00f3n de los 50 trajes regionales obsequiados por el Gobierno espa\u00f1ol a inaugurarse el 7\/6.<\/strong><\/p>\n<p><img loading=\"lazy\" decoding=\"async\" data-attachment-id=\"5455\" data-permalink=\"https:\/\/www.comuna13online.com.ar\/?attachment_id=5455\" data-orig-file=\"https:\/\/www.comuna13online.com.ar\/wp-content\/uploads\/2019\/06\/20190604a1.jpg\" data-orig-size=\"678,417\" data-comments-opened=\"0\" data-image-meta=\"{&quot;aperture&quot;:&quot;0&quot;,&quot;credit&quot;:&quot;&quot;,&quot;camera&quot;:&quot;&quot;,&quot;caption&quot;:&quot;&quot;,&quot;created_timestamp&quot;:&quot;0&quot;,&quot;copyright&quot;:&quot;&quot;,&quot;focal_length&quot;:&quot;0&quot;,&quot;iso&quot;:&quot;0&quot;,&quot;shutter_speed&quot;:&quot;0&quot;,&quot;title&quot;:&quot;&quot;,&quot;orientation&quot;:&quot;0&quot;}\" data-image-title=\"20190604a1\" data-image-description=\"\" data-image-caption=\"\" data-large-file=\"https:\/\/www.comuna13online.com.ar\/wp-content\/uploads\/2019\/06\/20190604a1.jpg\" class=\"alignnone size-full wp-image-5455\" src=\"http:\/\/www.comuna13online.com.ar\/wp-content\/uploads\/2019\/06\/20190604a1.jpg\" alt=\"\" width=\"678\" height=\"417\" \/><\/p>\n<p>Debido al montaje de la muestra: Un regalo para Evita. Trajes, cultura y pol\u00edtica que inaugura el viernes 7 de junio a las 18:30, el museo permanecer\u00e1 cerrado al p\u00fablico por tareas de montaje, del lunes 3 al viernes 7 de junio hasta el horario de inauguraci\u00f3n.<\/p>\n<p>La muestra est\u00e1 basada en la colecci\u00f3n de los 50 trajes regionales obsequiados por el Gobierno espa\u00f1ol a Eva Duarte de Per\u00f3n en junio de 1947, en agradecimiento simb\u00f3lico a nuestro pa\u00eds por la ayuda recibida. En un contexto internacional que manten\u00eda a Espa\u00f1a aislado y empobrecido, recib\u00eda la colaboraci\u00f3n de Argentina.<\/p>\n<p>En el Centenario de su nacimiento y a m\u00e1s de setenta a\u00f1os de aquel emblem\u00e1tico viaje, la exposici\u00f3n aborda el rol desempe\u00f1ado por la Primera Dama y el valor art\u00edstico de esta colecci\u00f3n, destacando adem\u00e1s el trabajo de los museos en la preservaci\u00f3n de tan valioso patrimonio.<\/p>\n<p>El material documental permitir\u00e1 apreciar el itinerario de los trajes desde el momento de ser recibidos por Eva hasta su llegada al Museo Larreta en el a\u00f1o 1967.<br \/>\nSe presenta una selecci\u00f3n de estos trajes en la que todas las provincias espa\u00f1olas: vestidos, sombreros, zapatos, alhajas y accesorios. El conjunto de estas conforma hoy una colecci\u00f3n \u00fanica en el mundo que refleja la diversidad cultural de los pueblos y conjuga arte, dise\u00f1o y colorido. La exhibici\u00f3n incluye adem\u00e1s prendas utilizadas por Eva durante esa gira que hoy pertenecen al Museo Evita.<\/p>\n<p>Esta exhibici\u00f3n da inicio al eje Modas del programa anual Narrativas Cruzadas de la Direcci\u00f3n General de Patrimonio, Museos y Casco hist\u00f3rico en el que se interrelacionan las distintas formas de entender las din\u00e1micas art\u00edsticas que atraviesan las colecciones de los Museos de la Ciudad, con las nuevas muestras y el p\u00fablico.<\/p>\n<div align=\"center\">\n<blockquote class=\"twitter-tweet\" data-lang=\"es\">\n<p dir=\"ltr\" lang=\"es\">[SEGUIMOS AVANZANDO CON EL MONTAJE]<br \/>\nMUSEO CERRADO<\/p>\n<p>Est\u00e1 semana del lunes 3 al viernes 7 de junio a las 18:30, el museo permanecer\u00e1 cerrado al p\u00fablico por tareas de montaje.<\/p>\n<p>El viernes 7\/6 a las 18:30 inauguramos \u00abUn regalo para Evita\u00bb.<a href=\"https:\/\/twitter.com\/datacultura?ref_src=twsrc%5Etfw\">@datacultura<\/a> <a href=\"https:\/\/twitter.com\/DisfrutemosBA?ref_src=twsrc%5Etfw\">@DisfrutemosBA<\/a> <a href=\"https:\/\/twitter.com\/MuseosBsAs?ref_src=twsrc%5Etfw\">@MuseosBsAs<\/a> <a href=\"https:\/\/t.co\/gHyo0Ax1Da\">pic.twitter.com\/gHyo0Ax1Da<\/a><\/p>\n<p>\u2014 Museo Larreta (@MuseoLarreta) <a href=\"https:\/\/twitter.com\/MuseoLarreta\/status\/1135590123066810369?ref_src=twsrc%5Etfw\">3 de junio de 2019<\/a><\/p><\/blockquote>\n<p><script async src=\"https:\/\/platform.twitter.com\/widgets.js\" charset=\"utf-8\"><\/script><\/p>\n<\/div>\n","protected":false},"excerpt":{"rendered":"<div class=\"mh-excerpt\">Es por el montaje de la muestra \u00abUn regalo para Evita\u00bb basada en la colecci\u00f3n de los 50 trajes regionales obsequiados por el Gobierno espa\u00f1ol a inaugurarse el 7\/6. Debido <a class=\"mh-excerpt-more\" href=\"https:\/\/www.comuna13online.com.ar\/?p=5454\" title=\"El Museo Larreta permanecer\u00e1 cerrado del 3 al 7 de junio\">[&#8230;]<\/a><\/div>\n","protected":false},"author":1,"featured_media":3611,"comment_status":"closed","ping_status":"closed","sticky":false,"template":"","format":"standard","meta":{"_uag_custom_page_level_css":"","_jetpack_memberships_contains_paid_content":false,"footnotes":"","jetpack_publicize_message":"El Museo Lerrata permanecer cerrado del 3 al 7 de junio","jetpack_publicize_feature_enabled":true,"jetpack_social_post_already_shared":true,"jetpack_social_options":{"image_generator_settings":{"template":"highway","default_image_id":0,"font":"","enabled":false},"version":2}},"categories":[76],"tags":[19,77],"class_list":{"0":"post-5454","1":"post","2":"type-post","3":"status-publish","4":"format-standard","5":"has-post-thumbnail","7":"category-museos","8":"tag-comuna-13","9":"tag-museo-larreta"},"jetpack_publicize_connections":[],"jetpack_featured_media_url":"https:\/\/www.comuna13online.com.ar\/wp-content\/uploads\/2018\/11\/20181129c.jpg","uagb_featured_image_src":{"full":["https:\/\/www.comuna13online.com.ar\/wp-content\/uploads\/2018\/11\/20181129c.jpg",1030,438,false],"thumbnail":["https:\/\/www.comuna13online.com.ar\/wp-content\/uploads\/2018\/11\/20181129c-150x150.jpg",96,96,true],"medium":["https:\/\/www.comuna13online.com.ar\/wp-content\/uploads\/2018\/11\/20181129c-678x288.jpg",678,288,true],"medium_large":["https:\/\/www.comuna13online.com.ar\/wp-content\/uploads\/2018\/11\/20181129c-768x327.jpg",768,327,true],"large":["https:\/\/www.comuna13online.com.ar\/wp-content\/uploads\/2018\/11\/20181129c.jpg",1030,438,false],"1536x1536":["https:\/\/www.comuna13online.com.ar\/wp-content\/uploads\/2018\/11\/20181129c.jpg",1030,438,false],"2048x2048":["https:\/\/www.comuna13online.com.ar\/wp-content\/uploads\/2018\/11\/20181129c.jpg",1030,438,false],"mh-magazine-slider":["https:\/\/www.comuna13online.com.ar\/wp-content\/uploads\/2018\/11\/20181129c.jpg",1030,438,false],"mh-magazine-content":["https:\/\/www.comuna13online.com.ar\/wp-content\/uploads\/2018\/11\/20181129c-678x381.jpg",678,381,true],"mh-magazine-large":["https:\/\/www.comuna13online.com.ar\/wp-content\/uploads\/2018\/11\/20181129c-678x438.jpg",678,438,true],"mh-magazine-medium":["https:\/\/www.comuna13online.com.ar\/wp-content\/uploads\/2018\/11\/20181129c-326x245.jpg",326,245,true],"mh-magazine-small":["https:\/\/www.comuna13online.com.ar\/wp-content\/uploads\/2018\/11\/20181129c-80x60.jpg",80,60,true],"sow-carousel-default":["https:\/\/www.comuna13online.com.ar\/wp-content\/uploads\/2018\/11\/20181129c-272x182.jpg",272,182,true]},"uagb_author_info":{"display_name":"Comuna13","author_link":"https:\/\/www.comuna13online.com.ar\/?author=1"},"uagb_comment_info":0,"uagb_excerpt":"Es por el montaje de la muestra \u00abUn regalo para Evita\u00bb basada en la colecci\u00f3n de los 50 trajes regionales obsequiados por el Gobierno espa\u00f1ol a inaugurarse el 7\/6. Debido [...]","jetpack_sharing_enabled":true,"_links":{"self":[{"href":"https:\/\/www.comuna13online.com.ar\/index.php?rest_route=\/wp\/v2\/posts\/5454","targetHints":{"allow":["GET"]}}],"collection":[{"href":"https:\/\/www.comuna13online.com.ar\/index.php?rest_route=\/wp\/v2\/posts"}],"about":[{"href":"https:\/\/www.comuna13online.com.ar\/index.php?rest_route=\/wp\/v2\/types\/post"}],"author":[{"embeddable":true,"href":"https:\/\/www.comuna13online.com.ar\/index.php?rest_route=\/wp\/v2\/users\/1"}],"replies":[{"embeddable":true,"href":"https:\/\/www.comuna13online.com.ar\/index.php?rest_route=%2Fwp%2Fv2%2Fcomments&post=5454"}],"version-history":[{"count":0,"href":"https:\/\/www.comuna13online.com.ar\/index.php?rest_route=\/wp\/v2\/posts\/5454\/revisions"}],"wp:featuredmedia":[{"embeddable":true,"href":"https:\/\/www.comuna13online.com.ar\/index.php?rest_route=\/wp\/v2\/media\/3611"}],"wp:attachment":[{"href":"https:\/\/www.comuna13online.com.ar\/index.php?rest_route=%2Fwp%2Fv2%2Fmedia&parent=5454"}],"wp:term":[{"taxonomy":"category","embeddable":true,"href":"https:\/\/www.comuna13online.com.ar\/index.php?rest_route=%2Fwp%2Fv2%2Fcategories&post=5454"},{"taxonomy":"post_tag","embeddable":true,"href":"https:\/\/www.comuna13online.com.ar\/index.php?rest_route=%2Fwp%2Fv2%2Ftags&post=5454"}],"curies":[{"name":"wp","href":"https:\/\/api.w.org\/{rel}","templated":true}]}}