{"id":5400,"date":"2019-05-30T10:09:31","date_gmt":"2019-05-30T13:09:31","guid":{"rendered":"http:\/\/www.comuna13online.com.ar\/?p=5400"},"modified":"2019-05-30T10:09:31","modified_gmt":"2019-05-30T13:09:31","slug":"cortes-de-transito-en-la-zona-del-monumental-river-va-por-una-nueva-copa","status":"publish","type":"post","link":"https:\/\/www.comuna13online.com.ar\/?p=5400","title":{"rendered":"Cortes de tr\u00e1nsito en la zona del Monumental, River va por una nueva copa"},"content":{"rendered":"<p><strong>El Gobierno porte\u00f1o dio a conocer el esquema de cortes en las inmediaciones del estadio Monumental por el partido entre River y Paranaense por la revancha de la Recopa Sudamericana.<\/strong><\/p>\n<p><img loading=\"lazy\" decoding=\"async\" data-attachment-id=\"5401\" data-permalink=\"https:\/\/www.comuna13online.com.ar\/?attachment_id=5401\" data-orig-file=\"https:\/\/www.comuna13online.com.ar\/wp-content\/uploads\/2019\/05\/20190530a1.jpg\" data-orig-size=\"677,381\" data-comments-opened=\"0\" data-image-meta=\"{&quot;aperture&quot;:&quot;0&quot;,&quot;credit&quot;:&quot;&quot;,&quot;camera&quot;:&quot;&quot;,&quot;caption&quot;:&quot;&quot;,&quot;created_timestamp&quot;:&quot;0&quot;,&quot;copyright&quot;:&quot;&quot;,&quot;focal_length&quot;:&quot;0&quot;,&quot;iso&quot;:&quot;0&quot;,&quot;shutter_speed&quot;:&quot;0&quot;,&quot;title&quot;:&quot;&quot;,&quot;orientation&quot;:&quot;0&quot;}\" data-image-title=\"20190530a1\" data-image-description=\"\" data-image-caption=\"\" data-large-file=\"https:\/\/www.comuna13online.com.ar\/wp-content\/uploads\/2019\/05\/20190530a1.jpg\" class=\"alignnone size-full wp-image-5401\" src=\"http:\/\/www.comuna13online.com.ar\/wp-content\/uploads\/2019\/05\/20190530a1.jpg\" alt=\"\" width=\"677\" height=\"381\" \/><\/p>\n<p>Con motivo del encuentro de vuelta que disputar\u00e1n esta noche a las 21:30 horas, el Club Atl\u00e9tico River Plate y Athletico Paranaense de Brasil por la Recopa Sudamericana, la Direcci\u00f3n de Tr\u00e1nsito del Gobierno de la Ciudad inform\u00f3 las interrupciones en el tr\u00e1nsito que se realizar\u00e1n en el per\u00edmetro cercano al estadio Monumental.<\/p>\n<p>Entre las 19 y hasta al menos las 00 horas, habr\u00e1 un fuerte operativo de control con personal de la Polic\u00eda de la Ciudad y Agentes de Tr\u00e1nsito, se prohibir\u00e1 el acceso veh\u00edculos al per\u00edmetro delimitado por las Avenidas Udaondo, Libertador, Figueroa Alcorta y Monroe.<\/p>\n<p>El estadio Monumental lucir\u00e1 colmado, se han agotado todas las entradas por lo que habr\u00e1 mucha gente circulando en las inmediaciones. Se recomienda evitar la zona y utilizar como alternativas a la Av. Libertador, la Av. Cabildo o la Av. Cantilo y en lugar de Monroe circular por La Pampa.<\/p>\n<div align=\"center\">\n<p><img loading=\"lazy\" decoding=\"async\" data-attachment-id=\"2335\" data-permalink=\"https:\/\/www.comuna13online.com.ar\/?attachment_id=2335\" data-orig-file=\"https:\/\/www.comuna13online.com.ar\/wp-content\/uploads\/2018\/08\/mapa-monumental.jpg\" data-orig-size=\"678,443\" data-comments-opened=\"0\" data-image-meta=\"{&quot;aperture&quot;:&quot;0&quot;,&quot;credit&quot;:&quot;&quot;,&quot;camera&quot;:&quot;&quot;,&quot;caption&quot;:&quot;&quot;,&quot;created_timestamp&quot;:&quot;0&quot;,&quot;copyright&quot;:&quot;&quot;,&quot;focal_length&quot;:&quot;0&quot;,&quot;iso&quot;:&quot;0&quot;,&quot;shutter_speed&quot;:&quot;0&quot;,&quot;title&quot;:&quot;&quot;,&quot;orientation&quot;:&quot;0&quot;}\" data-image-title=\"mapa-monumental\" data-image-description=\"\" data-image-caption=\"\" data-large-file=\"https:\/\/www.comuna13online.com.ar\/wp-content\/uploads\/2018\/08\/mapa-monumental-670x438.jpg\" class=\"alignnone size-full wp-image-2335\" src=\"http:\/\/www.comuna13online.com.ar\/wp-content\/uploads\/2018\/08\/mapa-monumental.jpg\" alt=\"\" width=\"678\" height=\"443\" srcset=\"https:\/\/www.comuna13online.com.ar\/wp-content\/uploads\/2018\/08\/mapa-monumental.jpg 678w, https:\/\/www.comuna13online.com.ar\/wp-content\/uploads\/2018\/08\/mapa-monumental-670x438.jpg 670w\" sizes=\"auto, (max-width: 678px) 100vw, 678px\" \/><\/p>\n<p style=\"text-align: left;\">El partido de ida disputado en brasil termin\u00f3 1 a 0 a favor de los locales, el conjunto de Gallardo no tuvo una buena noche, nunca logro \u00abimponer condiciones\u00bb como suele decir el DT y pese a que fue claramente superado por el rival, la diferencia que se vio en la cancha no se traslado al resultado y eso alimenta la ilusi\u00f3n del pueblo riverplatense.<\/p>\n<p style=\"text-align: left;\">\u00abMir\u00e1 si no voy a creer que este equipo puede dar vuelta la serie\u00bb, expres\u00f3 el DT millonario luego del encuentro disputado en Curitiba, la realidad es que la historia reciente le da la raz\u00f3n, Gallardo no perdi\u00f3 ninguna final internacional de las 5 que disput\u00f3, 2 Libertadores, 2 Recopas, 1 Sudamericana, y la historia del club tambi\u00e9n lo avala, River nunca perdi\u00f3 una final internacional en su cancha, siempre levant\u00f3 la copa, a las ya nombradas se suman las Libertadores del 86 y 96 contra Am\u00e9rica de Cali y la Supercopa frente a San Pablo de Brasil.<\/p>\n<\/div>\n<p>El conjunto de Gallardo necesita una diferencia de dos goles o m\u00e1s para coronarse campe\u00f3n, en caso de ganar por la m\u00ednima habr\u00e1 30 minutos de alargue y de continuar igual, penales. cabe recordar que en estos encuentros no corre la ley del gol de visitante.<\/p>\n<div align=\"center\">\n<blockquote class=\"twitter-tweet\" data-lang=\"es\">\n<p dir=\"ltr\" lang=\"en\">2\u20e30\u20e31\u20e35\u20e3\u26bd 2\u20e30\u20e31\u20e36\u20e3 Las <a href=\"https:\/\/twitter.com\/RecopaConmebol?ref_src=twsrc%5Etfw\">@RecopaConmebol<\/a> ganadas por <a href=\"https:\/\/twitter.com\/RiverPlate?ref_src=twsrc%5Etfw\">@RiverPlate<\/a>, ambas con Marcelo Gallardo como DT.<\/p>\n<p>? Este jueves busca la tercera ante <a href=\"https:\/\/twitter.com\/AthleticoPR?ref_src=twsrc%5Etfw\">@AthleticoPR<\/a> tras perder 1-0 e la ida. <a href=\"https:\/\/t.co\/k9Nob0FN0j\">pic.twitter.com\/k9Nob0FN0j<\/a><\/p>\n<p>\u2014 Recopa Sudamericana (@RecopaConmebol) <a href=\"https:\/\/twitter.com\/RecopaConmebol\/status\/1133825338755039232?ref_src=twsrc%5Etfw\">29 de mayo de 2019<\/a><\/p><\/blockquote>\n<p><script async src=\"https:\/\/platform.twitter.com\/widgets.js\" charset=\"utf-8\"><\/script><\/p>\n<\/div>\n<p>River va en busca de su 12\u00ba t\u00edtulo internacional, las 11 estrellas hasta ac\u00e1 son: 4 Copas Libertadores (1986, 1996, 2015 y 2018), 2 Recopas Sudamericanas (2015 y 2016), 1 Copa Intercontinental (1986), 1 Copa Sudamericana (2014), 1 Supercopa (1997), 1 Copa Interamericana (1987) y 1 Suruga Bank (2015).<\/p>\n<p>Por otro lado, el Mu\u00f1eco puede convertirse hoy, en caso de lograr la Recopa Sudamericana ante Athletico Paranaense, en el entrenador con m\u00e1s t\u00edtulos de la historia de River con 10 logros, superando a Ram\u00f3n D\u00edaz con 9. Detr\u00e1s de ellos quedaron Jos\u00e9 Mar\u00eda Minella, con 8 t\u00edtulos, Angel Labruna, Em\u00e9rico Hirschl y Renato Cesarini, con 6.<\/p>\n<p>Para el encuentro de esta noche Gallardo confirm\u00f3 a Ponzio en la mitad de la cancha, <em>\u00abM\u00e1s all\u00e1 de que en lo futbol\u00edstico necesitamos al mejor Ponzio, que \u00e9l pueda tener ese empuje y que est\u00e9 atento a los circuitos de juego y a los contragolpes que Paranaense pueda llegar a tener. Lo vi bien y le comuniqu\u00e9 que iba a tener una chance de jugar. Est\u00e1 convencido y yo lo estoy tambi\u00e9n\u00bb.<\/em><\/p>\n<p>Tambi\u00e9n habr\u00e1 un cambio obligado, en ingreso en el 11 titular de Angeleri por la expulsi\u00f3n de Casco, De La Cruz ser\u00e1 quien deje su lugar para el ingreso de Ponzio y todo indica que Borr\u00e9 ser\u00e1 el acompa\u00f1ante de Pratto en la delantera.<\/p>\n<h4><strong>Posibles formaciones:<\/strong><\/h4>\n<p><span style=\"color: #ff0000;\"><strong>River Plate<\/strong><\/span>: 1-Franco Armani; 13-Gonzalo Montiel, 21-Lucas Mart\u00ednez Quarta, 22-Javier Pinola, 4-Fabrizio Angileri; 23-Leonardo Ponzio; 10-Ignacio Fern\u00e1ndez, 24-Enzo P\u00e9rez, 15-Exequiel Palacios; 19-Rafael Borr\u00e9 y 9-Lucas Pratto. DT: Marcelo Gallardo<\/p>\n<p>Suplentes:\u00a014-Germ\u00e1n Lux, 2-Robert Rojas, 6-Luciano Lollo, 3-Nahuel Gallardo, 18-Camilo Mayada, 5-Bruno Zuculini, 8-Jorge Carrascal, 11-Nicol\u00e1s De La Cruz y 7-Mat\u00edas Su\u00e1rez<\/p>\n<p>Athletico Paranaense: 1-Santos; 2-Jonathan, 13-Paulo Andr\u00e9, 4-L\u00e9o Pereira, 12-Renan Lodi; 5-Wellington, 16-Bruno Guimaraes; 11-Nikao, 3-Luis Gonz\u00e1lez, 7-Rony; 9-Marco Ruben. DT: Tiago Nunes<\/p>\n<p>Suplentes:\u00a025-Caio, 23-Madson, 6-M\u00e1rcio Azevedo, 18-Leonardo Cittadini, 15-Erick, 8-Bruno Naz\u00e1rio, 19-Vitor Naum, 20-Matheus Rossetto, 10-Marcelo Cirino, 17-Braian Romero, 21-Lucas Halter y 22-Thonny Anderson<\/p>\n<p>Cancha:\u00a0River Plate<br \/>\nHora:\u00a021.30<br \/>\nTV:\u00a0ESPN 2 y DirecTV Sports<\/p>\n<p>\u00c1rbitro: Roberto Tobar, de Chile<br \/>\nAsistentes:\u00a0Christian Scheimann y Claudio R\u00edos, ambos de Chile<br \/>\nCuarto \u00e1rbitro:\u00a0Eduardo Gamboa, de Chile<\/p>\n<p>Responsable del VAR:\u00a0Diego Haro, de Per\u00fa<br \/>\nAsistentes del VAR:\u00a0V\u00edctor Carrillo y Jonny Bossio, ambos de Per\u00fa<br \/>\nVeedor del VAR:\u00a0Ubaldo Aquino, de Paraguay<\/p>\n<p>Las puertas de acceso al Monumental se abrir\u00e1n a las 18:00 horas, por lo que el Club solicita que los socios y simpatizantes lleguen con suficiente antelaci\u00f3n para evitar inconvenientes en el ingreso.<\/p>\n<p>Por cuestiones de seguridad, los espectadores podr\u00e1n ingresar al Estadio desde la apertura hasta finalizado el primer tiempo. Un vez transcurrido el primer tiempo se levantar\u00e1n los controles de seguridad y de entradas, por lo que no se permitir\u00e1 el ingreso de espectadores.<\/p>\n<p><strong>Acceso a las tribunas<\/strong><\/p>\n<ul>\n<li>Centenario alta (local): Puertas H, I, J, L.<br \/>\nSalida al finalizar el partido por las mismas puertas. Incluida la O.<\/li>\n<li>Centenario media\/baja: Puertas K, G.<br \/>\nSalidas al finalizar el partido: Puertas G, K, N.<\/li>\n<li>Centenario alta (visitante): Puertas M.<br \/>\nSalida al finalizar el partido por las mismas puertas.<\/li>\n<li>San Mart\u00edn alta: Puertas B, E, F.<br \/>\nSalida al finalizar el partido por las mismas puertas. Incluida la C.<\/li>\n<li>San Mart\u00edn media\/baja: Puerta D2.<br \/>\nSalida al finalizar el partido por la misma puerta.<\/li>\n<li>Belgrano alta: Puertas Q, R, T.<br \/>\nSalida al finalizar el partido por las mismas puertas. Incluida la P, U, V.<\/p>\n<p>Belgrano media\/baja: Puerta S.<br \/>\nSalida al finalizar el partido por la misma puerta.<\/li>\n<li>S\u00edvori alta: Puertas T1, T2, T3.<br \/>\nSalida al finalizar el partido por las mismas puertas.<\/li>\n<li>S\u00edvori media y baja: Puertas X, Y, Z.<br \/>\nSalida al finalizar el partido por las mismas puertas.<\/li>\n<\/ul>\n<p>Las personas con discapacidad que utilizan silla de ruedas, previamente acreditadas con \u00abTu lugar en el Monumental -River sin Barreras\u00bb, deber\u00e1n ingresar \u00fanicamente por puerta de Prensa (Avenida Udaondo). El resto de los socios acreditados ingresar\u00e1n por Puerta K a la platea Centenario (calle Quinteros).<\/p>\n<p><strong>A tener en cuenta:<\/strong><\/p>\n<p>Por disposiciones del Comit\u00e9 de Seguridad, se encuentra prohibido el ingreso de pirotecnia y de banderas que excedan la medida de 2\u00d71 metro.\u00a0Es obligatorio que los simpatizantes concurran al Estadio con el Documento Nacional de Identidad.<\/p>\n<p><a href=\"http:\/\/www.cariverplate.com.ar\/imagenes\/archivos\/2019-05\/119687-accesosrecopa.jpg\" target=\"_blank\" rel=\"noopener noreferrer\"><img loading=\"lazy\" decoding=\"async\" class=\"alignnone\" src=\"http:\/\/www.cariverplate.com.ar\/imagenes\/archivos\/2019-05\/119687-accesosrecopa.jpg\" alt=\"\" width=\"1272\" height=\"1280\" \/><\/a><\/p>\n","protected":false},"excerpt":{"rendered":"<div class=\"mh-excerpt\">El Gobierno porte\u00f1o dio a conocer el esquema de cortes en las inmediaciones del estadio Monumental por el partido entre River y Paranaense por la revancha de la Recopa Sudamericana. <a class=\"mh-excerpt-more\" href=\"https:\/\/www.comuna13online.com.ar\/?p=5400\" title=\"Cortes de tr\u00e1nsito en la zona del Monumental, River va por una nueva copa\">[&#8230;]<\/a><\/div>\n","protected":false},"author":1,"featured_media":5402,"comment_status":"closed","ping_status":"closed","sticky":false,"template":"","format":"standard","meta":{"_uag_custom_page_level_css":"","_jetpack_memberships_contains_paid_content":false,"footnotes":"","jetpack_publicize_message":"Cortes de tr\u00e1nsito en la zona del Monumental, River va por una nueva copa #River  #Recopa","jetpack_publicize_feature_enabled":true,"jetpack_social_post_already_shared":true,"jetpack_social_options":{"image_generator_settings":{"template":"highway","default_image_id":0,"font":"","enabled":false},"version":2}},"categories":[53],"tags":[19,175,54],"class_list":{"0":"post-5400","1":"post","2":"type-post","3":"status-publish","4":"format-standard","5":"has-post-thumbnail","7":"category-transito","8":"tag-comuna-13","9":"tag-river","10":"tag-transito"},"jetpack_publicize_connections":[],"jetpack_featured_media_url":"https:\/\/www.comuna13online.com.ar\/wp-content\/uploads\/2019\/05\/20190530a.jpg","uagb_featured_image_src":{"full":["https:\/\/www.comuna13online.com.ar\/wp-content\/uploads\/2019\/05\/20190530a.jpg",1030,438,false],"thumbnail":["https:\/\/www.comuna13online.com.ar\/wp-content\/uploads\/2019\/05\/20190530a-150x150.jpg",96,96,true],"medium":["https:\/\/www.comuna13online.com.ar\/wp-content\/uploads\/2019\/05\/20190530a-678x288.jpg",678,288,true],"medium_large":["https:\/\/www.comuna13online.com.ar\/wp-content\/uploads\/2019\/05\/20190530a-768x327.jpg",768,327,true],"large":["https:\/\/www.comuna13online.com.ar\/wp-content\/uploads\/2019\/05\/20190530a.jpg",1030,438,false],"1536x1536":["https:\/\/www.comuna13online.com.ar\/wp-content\/uploads\/2019\/05\/20190530a.jpg",1030,438,false],"2048x2048":["https:\/\/www.comuna13online.com.ar\/wp-content\/uploads\/2019\/05\/20190530a.jpg",1030,438,false],"mh-magazine-slider":["https:\/\/www.comuna13online.com.ar\/wp-content\/uploads\/2019\/05\/20190530a.jpg",1030,438,false],"mh-magazine-content":["https:\/\/www.comuna13online.com.ar\/wp-content\/uploads\/2019\/05\/20190530a-678x381.jpg",678,381,true],"mh-magazine-large":["https:\/\/www.comuna13online.com.ar\/wp-content\/uploads\/2019\/05\/20190530a-678x438.jpg",678,438,true],"mh-magazine-medium":["https:\/\/www.comuna13online.com.ar\/wp-content\/uploads\/2019\/05\/20190530a-326x245.jpg",326,245,true],"mh-magazine-small":["https:\/\/www.comuna13online.com.ar\/wp-content\/uploads\/2019\/05\/20190530a-80x60.jpg",80,60,true],"sow-carousel-default":["https:\/\/www.comuna13online.com.ar\/wp-content\/uploads\/2019\/05\/20190530a-272x182.jpg",272,182,true]},"uagb_author_info":{"display_name":"Comuna13","author_link":"https:\/\/www.comuna13online.com.ar\/?author=1"},"uagb_comment_info":0,"uagb_excerpt":"El Gobierno porte\u00f1o dio a conocer el esquema de cortes en las inmediaciones del estadio Monumental por el partido entre River y Paranaense por la revancha de la Recopa Sudamericana. [...]","jetpack_sharing_enabled":true,"_links":{"self":[{"href":"https:\/\/www.comuna13online.com.ar\/index.php?rest_route=\/wp\/v2\/posts\/5400","targetHints":{"allow":["GET"]}}],"collection":[{"href":"https:\/\/www.comuna13online.com.ar\/index.php?rest_route=\/wp\/v2\/posts"}],"about":[{"href":"https:\/\/www.comuna13online.com.ar\/index.php?rest_route=\/wp\/v2\/types\/post"}],"author":[{"embeddable":true,"href":"https:\/\/www.comuna13online.com.ar\/index.php?rest_route=\/wp\/v2\/users\/1"}],"replies":[{"embeddable":true,"href":"https:\/\/www.comuna13online.com.ar\/index.php?rest_route=%2Fwp%2Fv2%2Fcomments&post=5400"}],"version-history":[{"count":0,"href":"https:\/\/www.comuna13online.com.ar\/index.php?rest_route=\/wp\/v2\/posts\/5400\/revisions"}],"wp:featuredmedia":[{"embeddable":true,"href":"https:\/\/www.comuna13online.com.ar\/index.php?rest_route=\/wp\/v2\/media\/5402"}],"wp:attachment":[{"href":"https:\/\/www.comuna13online.com.ar\/index.php?rest_route=%2Fwp%2Fv2%2Fmedia&parent=5400"}],"wp:term":[{"taxonomy":"category","embeddable":true,"href":"https:\/\/www.comuna13online.com.ar\/index.php?rest_route=%2Fwp%2Fv2%2Fcategories&post=5400"},{"taxonomy":"post_tag","embeddable":true,"href":"https:\/\/www.comuna13online.com.ar\/index.php?rest_route=%2Fwp%2Fv2%2Ftags&post=5400"}],"curies":[{"name":"wp","href":"https:\/\/api.w.org\/{rel}","templated":true}]}}