{"id":5251,"date":"2019-05-15T14:00:34","date_gmt":"2019-05-15T17:00:34","guid":{"rendered":"http:\/\/www.comuna13online.com.ar\/?p=5251"},"modified":"2019-05-15T14:00:34","modified_gmt":"2019-05-15T17:00:34","slug":"sin-barreras-reabrieron-el-cruce-de-la-av-cordoba-y-juan-b-justo","status":"publish","type":"post","link":"https:\/\/www.comuna13online.com.ar\/?p=5251","title":{"rendered":"Sin Barreras: Reabrieron el cruce de la Av. C\u00f3rdoba y Juan B. Justo"},"content":{"rendered":"<p><strong>En el marco de las obras del Viaducto San Mart\u00edn, el Jefe de Gobierno encabeza la reapertura del cruce de la Av. C\u00f3rdoba que permaneci\u00f3 cerrada los \u00faltimos 45 d\u00edas.<\/strong><\/p>\n<p><img loading=\"lazy\" decoding=\"async\" data-attachment-id=\"5258\" data-permalink=\"https:\/\/www.comuna13online.com.ar\/?attachment_id=5258\" data-orig-file=\"https:\/\/www.comuna13online.com.ar\/wp-content\/uploads\/2019\/05\/20190515c1.jpg\" data-orig-size=\"678,393\" data-comments-opened=\"0\" data-image-meta=\"{&quot;aperture&quot;:&quot;0&quot;,&quot;credit&quot;:&quot;&quot;,&quot;camera&quot;:&quot;&quot;,&quot;caption&quot;:&quot;&quot;,&quot;created_timestamp&quot;:&quot;0&quot;,&quot;copyright&quot;:&quot;&quot;,&quot;focal_length&quot;:&quot;0&quot;,&quot;iso&quot;:&quot;0&quot;,&quot;shutter_speed&quot;:&quot;0&quot;,&quot;title&quot;:&quot;&quot;,&quot;orientation&quot;:&quot;0&quot;}\" data-image-title=\"20190515c1\" data-image-description=\"\" data-image-caption=\"\" data-large-file=\"https:\/\/www.comuna13online.com.ar\/wp-content\/uploads\/2019\/05\/20190515c1.jpg\" class=\"alignnone size-full wp-image-5258\" src=\"http:\/\/www.comuna13online.com.ar\/wp-content\/uploads\/2019\/05\/20190515c1.jpg\" alt=\"\" width=\"678\" height=\"393\" \/><\/p>\n<p>La Avenida C\u00f3rdoba es una de las arterias m\u00e1s importantes para los automovilistas que provienen del centro hacia el norte de nuestra Ciudad, por las obras del Viaducto Mitre la misma estuvo cerrada por 45 d\u00edas que ocasionaron en las horas pico un verdadero caos de tr\u00e1nsito en la zona y sus alrededores.<\/p>\n<p>Esta ma\u00f1ana, el Jefe de Gobierno de la Ciudad, Horacio Rodr\u00edguez Larreta, encabez\u00f3 el acto de apertura definitiva y habilitaci\u00f3n al tr\u00e1nsito del cruce sin barreras, <em>\u00abLo que estamos inaugurando ac\u00e1 es tiempo libre para la gente\u00bb<\/em>. destac\u00f3 el primer mandatario porte\u00f1o.<\/p>\n<p><em>\u00ab\u00c9sta de C\u00f3rdoba y Juan B. Justo era una de las barreras m\u00e1s complicadas de la Ciudad, era una de las que m\u00e1s trababa el tr\u00e1nsito. Con dos trenes pasando pod\u00edas estar con cuatro o cinco cuadras de cola, gente parada en el tr\u00e1nsito, con lo cual ahora se gana mucho tiempo\u00bb<\/em> explic\u00f3<\/p>\n<div align=\"center\">\n<blockquote class=\"twitter-tweet\" data-lang=\"es\">\n<p dir=\"ltr\" lang=\"es\">\u00a1Hoy habilitamos al tr\u00e1nsito Avenida C\u00f3rdoba! Una gran noticia para los vecinos que todos los d\u00edas pasan por ah\u00ed porque van a ganar much\u00edsimo tiempo. El <a href=\"https:\/\/twitter.com\/hashtag\/ViaductoSanMart%C3%ADn?src=hash&amp;ref_src=twsrc%5Etfw\">#ViaductoSanMart\u00edn<\/a> sigue avanzando. <a href=\"https:\/\/twitter.com\/hashtag\/CiudadSinBarreras?src=hash&amp;ref_src=twsrc%5Etfw\">#CiudadSinBarreras<\/a> <a href=\"https:\/\/t.co\/QeCOELEM0j\">pic.twitter.com\/QeCOELEM0j<\/a><\/p>\n<p>\u2014 Horacio Rodr\u00edguez Larreta (@horaciorlarreta) <a href=\"https:\/\/twitter.com\/horaciorlarreta\/status\/1128636139416502273?ref_src=twsrc%5Etfw\">15 de mayo de 2019<\/a><\/p><\/blockquote>\n<p><script async src=\"https:\/\/platform.twitter.com\/widgets.js\" charset=\"utf-8\"><\/script><\/p>\n<\/div>\n<p>En l\u00ednea con sus declaraciones en cada inauguraci\u00f3n de un cruce sin barreras, Larreta remarc\u00f3 <em>\u00abesto es seguridad tambi\u00e9n, porque un accidente en una barrera es un accidente fatal\u00bb<\/em>, adem\u00e1s record\u00f3 que en la zona se va a crear un espacio verde.<\/p>\n<p><em>\u00abVamos a tener el tren funcionando por arriba a fin de junio, y al igual que en el caso del Mitre, tenemos una semana o diez d\u00edas de marcha blanca, o sea de prueba. En la primera quincena de julio va a estar el tren de vuelta llegando a Pac\u00edfico y a Retiro\u00bb<\/em>, concluy\u00f3<\/p>\n<p>Acompa\u00f1aron al Jefe de Gobierno, el Vicejefe, Diego Santilli; el jefe de Gabinete, Felipe Miguel, y el ministro de Desarrollo Urbano y Transporte de la Ciudad, Franco Moccia, qui\u00e9n remarc\u00f3 <em>\u00abEsto es parte de la eliminaci\u00f3n de todas las barreras de la Ciudad de Buenos Aires. Estamos trabajando muy fuertemente en ese proceso\u00bb.<\/em><\/p>\n<p><iframe loading=\"lazy\" src=\"https:\/\/www.youtube.com\/embed\/ugmAw5nO7fQ\" width=\"678\" height=\"381\" frameborder=\"0\" allowfullscreen=\"allowfullscreen\"><span data-mce-type=\"bookmark\" style=\"display: inline-block; width: 0px; overflow: hidden; line-height: 0;\" class=\"mce_SELRES_start\">\ufeff<\/span><\/iframe><\/p>\n<p>Seg\u00fan informaci\u00f3n brindada por el Gobierno de la Ciudad, el costo total de la obra supera los 3.000 millones de pesos y tendr\u00e1 un impacto positivo en la vida diaria de casi 700.000 personas. Se evr\u00e1n beneficiados 170.000 pasajeros diarios de la l\u00ednea San Mart\u00edn, 250.000 usuarios de colectivos y 260.000 automovilistas que atraviesan los pasos con un ahorro promedio de 20 minutos.<\/p>\n<p>Con la apertura de C\u00f3rdoba, ya son cinco las barreras eliminadas, contando las de avenida Corrientes, Coronel Niceto Vega, Honduras y Gorriti, pr\u00f3ximamente se eliminar\u00e1n las barreras de avenida Garmendia, avenida Jorge Newbery, Cabrera, Loyola, Ram\u00edrez de Velasco y Girardot.<\/p>\n<p>Al mismo tiempo, ya se abrieron las calles Aguirre, Vera, Villarroel, Caldas, Montenegro, Iturri y Leiva y quedan por habilitarse Castillo, Concepci\u00f3n Arenal y Santos Dumont.\u00a0Tambi\u00e9n se est\u00e1n construyendo dos estaciones elevadas similares a la Belgrano C del Viaducto Mitre, La Paternal y Villa Crespo.<\/p>\n<p>la finalizaci\u00f3n del Viaducto San Mart\u00edn est\u00e1 programada para los \u00faltimos d\u00edas del mes de julio, aunque el tren reci\u00e9n comenzar\u00e1 a prestar servicio hasta la terminal de Retiro a fines de agosto.<\/p>\n","protected":false},"excerpt":{"rendered":"<div class=\"mh-excerpt\">En el marco de las obras del Viaducto San Mart\u00edn, el Jefe de Gobierno encabeza la reapertura del cruce de la Av. C\u00f3rdoba que permaneci\u00f3 cerrada los \u00faltimos 45 d\u00edas. <a class=\"mh-excerpt-more\" href=\"https:\/\/www.comuna13online.com.ar\/?p=5251\" title=\"Sin Barreras: Reabrieron el cruce de la Av. C\u00f3rdoba y Juan B. Justo\">[&#8230;]<\/a><\/div>\n","protected":false},"author":1,"featured_media":5257,"comment_status":"closed","ping_status":"closed","sticky":false,"template":"","format":"standard","meta":{"_uag_custom_page_level_css":"","_jetpack_memberships_contains_paid_content":false,"footnotes":"","jetpack_publicize_message":"","jetpack_publicize_feature_enabled":true,"jetpack_social_post_already_shared":true,"jetpack_social_options":{"image_generator_settings":{"template":"highway","default_image_id":0,"font":"","enabled":false},"version":2}},"categories":[53],"tags":[66,94,54],"class_list":{"0":"post-5251","1":"post","2":"type-post","3":"status-publish","4":"format-standard","5":"has-post-thumbnail","7":"category-transito","8":"tag-desarrollo-urbano","9":"tag-obra-publica","10":"tag-transito"},"jetpack_publicize_connections":[],"jetpack_featured_media_url":"https:\/\/www.comuna13online.com.ar\/wp-content\/uploads\/2019\/05\/20190515c.jpg","uagb_featured_image_src":{"full":["https:\/\/www.comuna13online.com.ar\/wp-content\/uploads\/2019\/05\/20190515c.jpg",1030,438,false],"thumbnail":["https:\/\/www.comuna13online.com.ar\/wp-content\/uploads\/2019\/05\/20190515c-150x150.jpg",96,96,true],"medium":["https:\/\/www.comuna13online.com.ar\/wp-content\/uploads\/2019\/05\/20190515c-678x288.jpg",678,288,true],"medium_large":["https:\/\/www.comuna13online.com.ar\/wp-content\/uploads\/2019\/05\/20190515c-768x327.jpg",768,327,true],"large":["https:\/\/www.comuna13online.com.ar\/wp-content\/uploads\/2019\/05\/20190515c.jpg",1030,438,false],"1536x1536":["https:\/\/www.comuna13online.com.ar\/wp-content\/uploads\/2019\/05\/20190515c.jpg",1030,438,false],"2048x2048":["https:\/\/www.comuna13online.com.ar\/wp-content\/uploads\/2019\/05\/20190515c.jpg",1030,438,false],"mh-magazine-slider":["https:\/\/www.comuna13online.com.ar\/wp-content\/uploads\/2019\/05\/20190515c.jpg",1030,438,false],"mh-magazine-content":["https:\/\/www.comuna13online.com.ar\/wp-content\/uploads\/2019\/05\/20190515c-678x381.jpg",678,381,true],"mh-magazine-large":["https:\/\/www.comuna13online.com.ar\/wp-content\/uploads\/2019\/05\/20190515c-678x438.jpg",678,438,true],"mh-magazine-medium":["https:\/\/www.comuna13online.com.ar\/wp-content\/uploads\/2019\/05\/20190515c-326x245.jpg",326,245,true],"mh-magazine-small":["https:\/\/www.comuna13online.com.ar\/wp-content\/uploads\/2019\/05\/20190515c-80x60.jpg",80,60,true],"sow-carousel-default":["https:\/\/www.comuna13online.com.ar\/wp-content\/uploads\/2019\/05\/20190515c-272x182.jpg",272,182,true]},"uagb_author_info":{"display_name":"Comuna13","author_link":"https:\/\/www.comuna13online.com.ar\/?author=1"},"uagb_comment_info":0,"uagb_excerpt":"En el marco de las obras del Viaducto San Mart\u00edn, el Jefe de Gobierno encabeza la reapertura del cruce de la Av. C\u00f3rdoba que permaneci\u00f3 cerrada los \u00faltimos 45 d\u00edas. [...]","jetpack_sharing_enabled":true,"_links":{"self":[{"href":"https:\/\/www.comuna13online.com.ar\/index.php?rest_route=\/wp\/v2\/posts\/5251","targetHints":{"allow":["GET"]}}],"collection":[{"href":"https:\/\/www.comuna13online.com.ar\/index.php?rest_route=\/wp\/v2\/posts"}],"about":[{"href":"https:\/\/www.comuna13online.com.ar\/index.php?rest_route=\/wp\/v2\/types\/post"}],"author":[{"embeddable":true,"href":"https:\/\/www.comuna13online.com.ar\/index.php?rest_route=\/wp\/v2\/users\/1"}],"replies":[{"embeddable":true,"href":"https:\/\/www.comuna13online.com.ar\/index.php?rest_route=%2Fwp%2Fv2%2Fcomments&post=5251"}],"version-history":[{"count":0,"href":"https:\/\/www.comuna13online.com.ar\/index.php?rest_route=\/wp\/v2\/posts\/5251\/revisions"}],"wp:featuredmedia":[{"embeddable":true,"href":"https:\/\/www.comuna13online.com.ar\/index.php?rest_route=\/wp\/v2\/media\/5257"}],"wp:attachment":[{"href":"https:\/\/www.comuna13online.com.ar\/index.php?rest_route=%2Fwp%2Fv2%2Fmedia&parent=5251"}],"wp:term":[{"taxonomy":"category","embeddable":true,"href":"https:\/\/www.comuna13online.com.ar\/index.php?rest_route=%2Fwp%2Fv2%2Fcategories&post=5251"},{"taxonomy":"post_tag","embeddable":true,"href":"https:\/\/www.comuna13online.com.ar\/index.php?rest_route=%2Fwp%2Fv2%2Ftags&post=5251"}],"curies":[{"name":"wp","href":"https:\/\/api.w.org\/{rel}","templated":true}]}}