{"id":5233,"date":"2019-05-14T17:39:05","date_gmt":"2019-05-14T20:39:05","guid":{"rendered":"http:\/\/www.comuna13online.com.ar\/?p=5233"},"modified":"2019-05-15T10:56:50","modified_gmt":"2019-05-15T13:56:50","slug":"cortes-de-transito-en-la-zona-del-monumental-por-el-partido-river-atletico-de-tucuman","status":"publish","type":"post","link":"https:\/\/www.comuna13online.com.ar\/?p=5233","title":{"rendered":"Cortes de tr\u00e1nsito en la zona del Monumental por el partido River \u2013 Atl\u00e9tico de Tucum\u00e1n"},"content":{"rendered":"<p><strong>El Gobierno porte\u00f1o inform\u00f3 el esquema de cortes en las inmediaciones del estadio Monumental por el partido de la Copa Superliga entre River y Atl\u00e9tico de Tucum\u00e1n a las 21.10 horas.<\/strong><\/p>\n<p><img loading=\"lazy\" decoding=\"async\" data-attachment-id=\"5235\" data-permalink=\"https:\/\/www.comuna13online.com.ar\/?attachment_id=5235\" data-orig-file=\"https:\/\/www.comuna13online.com.ar\/wp-content\/uploads\/2019\/05\/20190514c1.jpg\" data-orig-size=\"678,339\" data-comments-opened=\"0\" data-image-meta=\"{&quot;aperture&quot;:&quot;0&quot;,&quot;credit&quot;:&quot;&quot;,&quot;camera&quot;:&quot;&quot;,&quot;caption&quot;:&quot;&quot;,&quot;created_timestamp&quot;:&quot;0&quot;,&quot;copyright&quot;:&quot;&quot;,&quot;focal_length&quot;:&quot;0&quot;,&quot;iso&quot;:&quot;0&quot;,&quot;shutter_speed&quot;:&quot;0&quot;,&quot;title&quot;:&quot;&quot;,&quot;orientation&quot;:&quot;0&quot;}\" data-image-title=\"20190514c1\" data-image-description=\"\" data-image-caption=\"\" data-large-file=\"https:\/\/www.comuna13online.com.ar\/wp-content\/uploads\/2019\/05\/20190514c1.jpg\" class=\"alignnone size-full wp-image-5235\" src=\"http:\/\/www.comuna13online.com.ar\/wp-content\/uploads\/2019\/05\/20190514c1.jpg\" alt=\"\" width=\"678\" height=\"339\" \/><\/p>\n<p>Con motivo de la revancha por los octavos de final de la Copa de la Superliga disputar\u00e1n hoy el Club Atl\u00e9tico River Plate y Atl\u00e9tico de Tucum\u00e1n, la Direcci\u00f3n de Tr\u00e1nsito del Gobierno de la Ciudad inform\u00f3 las interrupciones en el tr\u00e1nsito que se realizar\u00e1n en el per\u00edmetro cercano al estadio Monumental.<\/p>\n<p>Entre las 18 y hasta al menos las 00.00 horas, habr\u00e1 un fuerte operativo de control con personal de la Polic\u00eda de la Ciudad y Agentes de Tr\u00e1nsito, se prohibir\u00e1 el acceso veh\u00edculos al per\u00edmetro delimitado por las Avenidas Udaondo, Libertador, Figueroa Alcorta y Monroe.<\/p>\n<p>Se recomienda evitar la zona y utilizar como alternativas a la Av. Libertador, la Av. Cabildo o la Av. Cantilo y en lugar de Monroe circular por La Pampa.<\/p>\n<div align=\"center\">\n<p><img loading=\"lazy\" decoding=\"async\" data-attachment-id=\"2335\" data-permalink=\"https:\/\/www.comuna13online.com.ar\/?attachment_id=2335\" data-orig-file=\"https:\/\/www.comuna13online.com.ar\/wp-content\/uploads\/2018\/08\/mapa-monumental.jpg\" data-orig-size=\"678,443\" data-comments-opened=\"0\" data-image-meta=\"{&quot;aperture&quot;:&quot;0&quot;,&quot;credit&quot;:&quot;&quot;,&quot;camera&quot;:&quot;&quot;,&quot;caption&quot;:&quot;&quot;,&quot;created_timestamp&quot;:&quot;0&quot;,&quot;copyright&quot;:&quot;&quot;,&quot;focal_length&quot;:&quot;0&quot;,&quot;iso&quot;:&quot;0&quot;,&quot;shutter_speed&quot;:&quot;0&quot;,&quot;title&quot;:&quot;&quot;,&quot;orientation&quot;:&quot;0&quot;}\" data-image-title=\"mapa-monumental\" data-image-description=\"\" data-image-caption=\"\" data-large-file=\"https:\/\/www.comuna13online.com.ar\/wp-content\/uploads\/2018\/08\/mapa-monumental-670x438.jpg\" class=\"alignnone size-full wp-image-2335\" src=\"http:\/\/www.comuna13online.com.ar\/wp-content\/uploads\/2018\/08\/mapa-monumental.jpg\" alt=\"\" width=\"678\" height=\"443\" srcset=\"https:\/\/www.comuna13online.com.ar\/wp-content\/uploads\/2018\/08\/mapa-monumental.jpg 678w, https:\/\/www.comuna13online.com.ar\/wp-content\/uploads\/2018\/08\/mapa-monumental-670x438.jpg 670w\" sizes=\"auto, (max-width: 678px) 100vw, 678px\" \/><\/p>\n<p style=\"text-align: left;\">\n<\/div>\n<p>El conjunto millonario tiene un gran desaf\u00edo por delante esta noche, ya que en la ida disputada el pasado s\u00e1bado en la provincia de Tucum\u00e1n los de Gallardo sufrieron una dura derrota 3 a 0, por lo que deber\u00e1 ganar por el mismo resultado para alcanzar los penales. En caso de que el visitante convierta un gol, los millonarios est\u00e1n obligados a hacer 5, dado que se utiliza el mismo sistema que en la Copa Libertadores donde en caso de igualdad en puntos y diferencia de gol, los convertidos en condici\u00f3n de visitante \u00abvalen doble\u00bb.<\/p>\n<p>Posibles formaciones:<\/p>\n<p>River: 1-Franco Armani; 18-Camilo Mayada, 28-Lucas Mart\u00ednez Quarta, 22-Javier Pinola, 4-Fabrizio Angileri; 24-Enzo P\u00e9rez, 5-Bruno Zuculini, 15-Exequiel Palacios; 26-Ignacio Fern\u00e1ndez; 7-Mat\u00edas Su\u00e1rez y 27-Lucas Pratto. DT: Marcelo Gallardo.<\/p>\n<p>Si bien \u00fanico cambio seguro es el ingreso de Martinez Quarta que cumpli\u00f3 la fecha se suspensi\u00f3n por el sicario Rojas, no se descarta que Milton Casco, ya recuperado de su lesi\u00f3n, regrese a ocupar el sector izquierdo de la defensa, y que De La Cruz reemplaze a Bruno Zuculini. Tambi\u00e9n puede haber cambios en el esquema, que Mayada se quede afuera del 11 titular e ingrese alg\u00fan volante o delantero y dejando a 3 en el fondo, de ser as\u00ed el que m\u00e1s chances tiene es Borr\u00e9.<\/p>\n<p>Atl\u00e9tico de Tucum\u00e1n: \u00a01-Cristian Lucchetti; 20-Jos\u00e9 San Rom\u00e1n, 6-Franco Sbuttoni, 31-Yonathan Cabral, 16-Math\u00edas Abero; 19-David Barbona, 38-Nery Leyes, 29-Rodrigo Aliendro, 10-Gervasio N\u00fa\u00f1ez; 9-Leandro D\u00edaz y 12-Javier Toledo: DT: Ricardo Zielinski.<\/p>\n<p>\u00c1rbitro: Ariel Penel<br \/>\nAsistentes: Maximiliano Del Yesso y Cristian Navarro<br \/>\nCuarto \u00e1rbitro: Hern\u00e1n Mastr\u00e1ngelo<\/p>\n<h3><span style=\"color: #ff0000;\"><strong>Ingreso al estadio<\/strong><\/span><\/h3>\n<p>Las puertas de acceso al Monumental se abrir\u00e1n tres horas antes, por lo que el Club solicita que los socios y simpatizantes lleguen con suficiente antelaci\u00f3n para evitar inconvenientes en el ingreso.<\/p>\n<p>Por cuestiones de seguridad, los espectadores podr\u00e1n ingresar al Estadio desde la apertura hasta finalizado el primer tiempo. Un vez transcurrido el primer tiempo se levantar\u00e1n los controles de seguridad y de entradas, por lo que no se permitir\u00e1 el ingreso de espectadores.<\/p>\n<p><strong>Acceso a las tribunas<\/strong><\/p>\n<ul>\n<li>Centenario alta: exclusivamente por Quinteros.<\/li>\n<li>Centenario media y baja: exclusivamente por Quinteros (Puerta K).<\/li>\n<li>San Mart\u00edn (alta, media y baja): Avenida Alcorta.<\/li>\n<li>Belgrano (alta, media y baja): Avenida Udaondo.<\/li>\n<li>S\u00edvori (alta, media y baja): Puente Labruna (Ciudad Universitaria).<\/li>\n<li>S\u00edvori (media y baja): Libertador y Udaondo.<\/li>\n<\/ul>\n<p>Las personas con discapacidad que utilizan silla de ruedas, previamente acreditadas con \u00abTu lugar en el Monumental -River sin Barreras\u00bb, deber\u00e1n ingresar \u00fanicamente por puerta de Prensa (Avenida Udaondo). El resto de los socios acreditados ingresar\u00e1n por Puerta K a la platea Centenario (calle Quinteros).<\/p>\n<p><strong>A tener en cuenta:<\/strong><\/p>\n<p>Por disposiciones del Comit\u00e9 de Seguridad, se encuentra prohibido el ingreso de pirotecnia y de banderas que excedan la medida de 2\u00d71 metro.\u00a0Es obligatorio que los simpatizantes concurran al Estadio con el Documento Nacional de Identidad.<\/p>\n<figure style=\"width: 1732px\" class=\"wp-caption alignnone\"><img loading=\"lazy\" decoding=\"async\" src=\"http:\/\/www.cariverplate.com.ar\/imagenes\/userfiles\/AccesosFinal.PNG\" alt=\"\" width=\"1732\" height=\"1410\" \/><figcaption class=\"wp-caption-text\"><span style=\"color: #ff0000;\"><span style=\"color: #000000;\">Foto:<\/span> cariverplate.com.ar<\/span><\/figcaption><\/figure>\n","protected":false},"excerpt":{"rendered":"<div class=\"mh-excerpt\">El Gobierno porte\u00f1o inform\u00f3 el esquema de cortes en las inmediaciones del estadio Monumental por el partido de la Copa Superliga entre River y Atl\u00e9tico de Tucum\u00e1n a las 21.10 <a class=\"mh-excerpt-more\" href=\"https:\/\/www.comuna13online.com.ar\/?p=5233\" title=\"Cortes de tr\u00e1nsito en la zona del Monumental por el partido River \u2013 Atl\u00e9tico de Tucum\u00e1n\">[&#8230;]<\/a><\/div>\n","protected":false},"author":1,"featured_media":5236,"comment_status":"closed","ping_status":"closed","sticky":false,"template":"","format":"standard","meta":{"_uag_custom_page_level_css":"","_jetpack_memberships_contains_paid_content":false,"footnotes":"","jetpack_publicize_message":"","jetpack_publicize_feature_enabled":true,"jetpack_social_post_already_shared":true,"jetpack_social_options":{"image_generator_settings":{"template":"highway","default_image_id":0,"font":"","enabled":false},"version":2}},"categories":[53],"tags":[19,175,54],"class_list":{"0":"post-5233","1":"post","2":"type-post","3":"status-publish","4":"format-standard","5":"has-post-thumbnail","7":"category-transito","8":"tag-comuna-13","9":"tag-river","10":"tag-transito"},"jetpack_publicize_connections":[],"jetpack_featured_media_url":"https:\/\/www.comuna13online.com.ar\/wp-content\/uploads\/2019\/05\/20190514c.jpg","uagb_featured_image_src":{"full":["https:\/\/www.comuna13online.com.ar\/wp-content\/uploads\/2019\/05\/20190514c.jpg",1030,438,false],"thumbnail":["https:\/\/www.comuna13online.com.ar\/wp-content\/uploads\/2019\/05\/20190514c-150x150.jpg",96,96,true],"medium":["https:\/\/www.comuna13online.com.ar\/wp-content\/uploads\/2019\/05\/20190514c-678x288.jpg",678,288,true],"medium_large":["https:\/\/www.comuna13online.com.ar\/wp-content\/uploads\/2019\/05\/20190514c-768x327.jpg",768,327,true],"large":["https:\/\/www.comuna13online.com.ar\/wp-content\/uploads\/2019\/05\/20190514c.jpg",1030,438,false],"1536x1536":["https:\/\/www.comuna13online.com.ar\/wp-content\/uploads\/2019\/05\/20190514c.jpg",1030,438,false],"2048x2048":["https:\/\/www.comuna13online.com.ar\/wp-content\/uploads\/2019\/05\/20190514c.jpg",1030,438,false],"mh-magazine-slider":["https:\/\/www.comuna13online.com.ar\/wp-content\/uploads\/2019\/05\/20190514c.jpg",1030,438,false],"mh-magazine-content":["https:\/\/www.comuna13online.com.ar\/wp-content\/uploads\/2019\/05\/20190514c-678x381.jpg",678,381,true],"mh-magazine-large":["https:\/\/www.comuna13online.com.ar\/wp-content\/uploads\/2019\/05\/20190514c-678x438.jpg",678,438,true],"mh-magazine-medium":["https:\/\/www.comuna13online.com.ar\/wp-content\/uploads\/2019\/05\/20190514c-326x245.jpg",326,245,true],"mh-magazine-small":["https:\/\/www.comuna13online.com.ar\/wp-content\/uploads\/2019\/05\/20190514c-80x60.jpg",80,60,true],"sow-carousel-default":["https:\/\/www.comuna13online.com.ar\/wp-content\/uploads\/2019\/05\/20190514c-272x182.jpg",272,182,true]},"uagb_author_info":{"display_name":"Comuna13","author_link":"https:\/\/www.comuna13online.com.ar\/?author=1"},"uagb_comment_info":0,"uagb_excerpt":"El Gobierno porte\u00f1o inform\u00f3 el esquema de cortes en las inmediaciones del estadio Monumental por el partido de la Copa Superliga entre River y Atl\u00e9tico de Tucum\u00e1n a las 21.10 [...]","jetpack_sharing_enabled":true,"_links":{"self":[{"href":"https:\/\/www.comuna13online.com.ar\/index.php?rest_route=\/wp\/v2\/posts\/5233","targetHints":{"allow":["GET"]}}],"collection":[{"href":"https:\/\/www.comuna13online.com.ar\/index.php?rest_route=\/wp\/v2\/posts"}],"about":[{"href":"https:\/\/www.comuna13online.com.ar\/index.php?rest_route=\/wp\/v2\/types\/post"}],"author":[{"embeddable":true,"href":"https:\/\/www.comuna13online.com.ar\/index.php?rest_route=\/wp\/v2\/users\/1"}],"replies":[{"embeddable":true,"href":"https:\/\/www.comuna13online.com.ar\/index.php?rest_route=%2Fwp%2Fv2%2Fcomments&post=5233"}],"version-history":[{"count":0,"href":"https:\/\/www.comuna13online.com.ar\/index.php?rest_route=\/wp\/v2\/posts\/5233\/revisions"}],"wp:featuredmedia":[{"embeddable":true,"href":"https:\/\/www.comuna13online.com.ar\/index.php?rest_route=\/wp\/v2\/media\/5236"}],"wp:attachment":[{"href":"https:\/\/www.comuna13online.com.ar\/index.php?rest_route=%2Fwp%2Fv2%2Fmedia&parent=5233"}],"wp:term":[{"taxonomy":"category","embeddable":true,"href":"https:\/\/www.comuna13online.com.ar\/index.php?rest_route=%2Fwp%2Fv2%2Fcategories&post=5233"},{"taxonomy":"post_tag","embeddable":true,"href":"https:\/\/www.comuna13online.com.ar\/index.php?rest_route=%2Fwp%2Fv2%2Ftags&post=5233"}],"curies":[{"name":"wp","href":"https:\/\/api.w.org\/{rel}","templated":true}]}}