{"id":5226,"date":"2019-05-14T09:00:48","date_gmt":"2019-05-14T12:00:48","guid":{"rendered":"http:\/\/www.comuna13online.com.ar\/?p=5226"},"modified":"2019-05-14T14:40:59","modified_gmt":"2019-05-14T17:40:59","slug":"la-legislatura-declaro-de-interes-el-programa-televisivo-lo-justo-y-necesario","status":"publish","type":"post","link":"https:\/\/www.comuna13online.com.ar\/?p=5226","title":{"rendered":"La Legislatura declar\u00f3 de inter\u00e9s el programa televisivo \u201cLo justo y necesario\u201d"},"content":{"rendered":"<p><strong>El programa televisivo sobre jubilaciones que se emite de manera ininterrumpida desde hace 24 a\u00f1os, fue declarado como de \u00abinter\u00e9s para la comunicaci\u00f3n social\u00bb.<\/strong><\/p>\n<p><img loading=\"lazy\" decoding=\"async\" data-attachment-id=\"5228\" data-permalink=\"https:\/\/www.comuna13online.com.ar\/?attachment_id=5228\" data-orig-file=\"https:\/\/www.comuna13online.com.ar\/wp-content\/uploads\/2019\/05\/20190514b1.jpg\" data-orig-size=\"678,449\" data-comments-opened=\"0\" data-image-meta=\"{&quot;aperture&quot;:&quot;0&quot;,&quot;credit&quot;:&quot;&quot;,&quot;camera&quot;:&quot;&quot;,&quot;caption&quot;:&quot;&quot;,&quot;created_timestamp&quot;:&quot;0&quot;,&quot;copyright&quot;:&quot;&quot;,&quot;focal_length&quot;:&quot;0&quot;,&quot;iso&quot;:&quot;0&quot;,&quot;shutter_speed&quot;:&quot;0&quot;,&quot;title&quot;:&quot;&quot;,&quot;orientation&quot;:&quot;0&quot;}\" data-image-title=\"20190514b1\" data-image-description=\"\" data-image-caption=\"\" data-large-file=\"https:\/\/www.comuna13online.com.ar\/wp-content\/uploads\/2019\/05\/20190514b1-661x438.jpg\" class=\"alignnone size-full wp-image-5228\" src=\"http:\/\/www.comuna13online.com.ar\/wp-content\/uploads\/2019\/05\/20190514b1.jpg\" alt=\"\" width=\"678\" height=\"449\" srcset=\"https:\/\/www.comuna13online.com.ar\/wp-content\/uploads\/2019\/05\/20190514b1.jpg 678w, https:\/\/www.comuna13online.com.ar\/wp-content\/uploads\/2019\/05\/20190514b1-661x438.jpg 661w\" sizes=\"auto, (max-width: 678px) 100vw, 678px\" \/><\/p>\n<p>La periodista Clara Salguero recibi\u00f3 la declaraci\u00f3n de inter\u00e9s del programa \u201cLo justo y necesario\u201d de A24, que conduce hace 24 a\u00f1os, ante un Sal\u00f3n Dorado colmado de seguidores y acompa\u00f1ada por familiares, colegas y funcionarios. El diputado Claudio Romero (Vamos Juntos), autor de la iniciativa, afirm\u00f3 que el ciclo televisivo es <em>\u201chonrado por la pluralidad de su auditorio, del arco pol\u00edtico y previsional\u201d<\/em> y que principalmente <em>es \u201cun servicio al ciudadano\u201d.<\/em><\/p>\n<div align=\"center\">\n<blockquote class=\"twitter-tweet\" data-lang=\"es\">\n<p dir=\"ltr\" lang=\"es\"><a href=\"https:\/\/twitter.com\/hashtag\/LoJustoyNecesario?src=hash&amp;ref_src=twsrc%5Etfw\">#LoJustoyNecesario<\/a><br \/>\nEl legislador porte\u00f1o <a href=\"https:\/\/twitter.com\/CRomeroOK?ref_src=twsrc%5Etfw\">@CRomeroOK<\/a> fue el impulsor de declara al programa de <a href=\"https:\/\/twitter.com\/csalgueroa24?ref_src=twsrc%5Etfw\">@csalgueroa24<\/a> de inter\u00e9s para la comunicaci\u00f3n social<br \/>\nLes compartimos un v\u00eddeo con momentos de la ceremonia<a href=\"https:\/\/twitter.com\/hashtag\/Gracias?src=hash&amp;ref_src=twsrc%5Etfw\">#Gracias<\/a> <a href=\"https:\/\/t.co\/ODMeSB2TOB\">pic.twitter.com\/ODMeSB2TOB<\/a><\/p>\n<p>\u2014 Lo Justo y Necesario (@lojustoa24) <a href=\"https:\/\/twitter.com\/lojustoa24\/status\/1127240412362608643?ref_src=twsrc%5Etfw\">11 de mayo de 2019<\/a><\/p><\/blockquote>\n<p><script async src=\"https:\/\/platform.twitter.com\/widgets.js\" charset=\"utf-8\"><\/script><\/p>\n<\/div>\n<p>El locutor Eduardo Battaglia record\u00f3 que <em>\u201cel programa cambi\u00f3 mucho desde aquel momento\u201d,<\/em> 30 de julio de 1995, que empez\u00f3 en CVN, luego Am\u00e9rica 24 y hoy en A24. El ciclo brinda <em>\u201cinformaci\u00f3n no s\u00f3lo para un adulto mayor, sino para el trabajador\u201d.<\/em><\/p>\n<p>Guillermo Andino habl\u00f3 <em>\u201cen nombre de la gente que te conoce, nuestra segunda casa\u201d,<\/em> ya que Salguero fue congratulada por sus colegas del canal a trav\u00e9s de videos que se proyectaron en Sal\u00f3n Dorado. <em>\u201cTrabajamos con Clara, 11 a\u00f1os, desde 1997\u201d,<\/em> y Andino la describi\u00f3: <em>\u201cuno es rico por lo que da y hoy estamos ante una de las personas m\u00e1s ricas\u201d.<\/em><\/p>\n<p>Salguero, luego de recibir la distinci\u00f3n para su programa, agradeci\u00f3 en primer t\u00e9rmino a los legisladores y los directivos del canal, adem\u00e1s del conjunto de productores y equipo, auspiciantes y televidentes. Y record\u00f3 a Daniel Romero, su ex marido con el que imaginaron el proyecto televisivo que se concret\u00f3 y hoy fue homenajeado. <em>\u201cCrecimos cuando a la gente no le importaba la situaci\u00f3n previsional\u201d<\/em> y recapitul\u00f3 que tanto los funcionarios como los ciudadanos ten\u00edan <em>\u201cindiferencia\u201d.<\/em> Por ello afirm\u00f3 que uno de los objetivos que hab\u00edan trazado era \u201ccrear conciencia\u201d sobre el sistema de seguridad social, del cual todos est\u00e1n involucrados con sus aportes y su futuro.<\/p>\n<div align=\"center\">\n<blockquote class=\"twitter-tweet\" data-lang=\"es\">\n<p dir=\"ltr\" lang=\"es\">Gracias a A24 por darle a la Seguridad Social lugar destacado en la continuidad informativa <a href=\"https:\/\/twitter.com\/A24COM?ref_src=twsrc%5Etfw\">@A24COM<\/a> <a href=\"https:\/\/twitter.com\/LegisCABA?ref_src=twsrc%5Etfw\">@LegisCABA<\/a> <a href=\"https:\/\/twitter.com\/hashtag\/LoJustoyNecesario?src=hash&amp;ref_src=twsrc%5Etfw\">#LoJustoyNecesario<\/a> <a href=\"https:\/\/t.co\/JlMo34zkRb\">https:\/\/t.co\/JlMo34zkRb<\/a><\/p>\n<p>\u2014 Clara Salguero (@csalgueroa24) <a href=\"https:\/\/twitter.com\/csalgueroa24\/status\/1125773468182695936?ref_src=twsrc%5Etfw\">7 de mayo de 2019<\/a><\/p><\/blockquote>\n<p><script async src=\"https:\/\/platform.twitter.com\/widgets.js\" charset=\"utf-8\"><\/script><\/p>\n<\/div>\n<p>Durante el acto estuvieron presentes los legisladores Mar\u00eda Sol M\u00e9ndez, Sergio Abrevaya y los diputados nacionales Graciela Oca\u00f1a y Mirta Tundis, entre otros funcionarios.<\/p>\n<h4><span style=\"color: #008080;\"><strong>Otros reconocimientos para \u201cLo Justo y Necesario\u201d<\/strong><\/span><\/h4>\n<p>Obtuvo cuatro nominaciones al premio Mart\u00edn Fierro, en el rubro de servicios, llev\u00e1ndose la estatuilla en dos oportunidades (a\u00f1os 1997 y 2004). Adem\u00e1s gan\u00f3 de la Fundaci\u00f3n I-salud en rubro medios de comunicaci\u00f3n (1998) y dos reconocimientos del Gobierno de la Ciudad Aut\u00f3noma de Buenos Aires en distintos periodos (a\u00f1os 2000 y 2004) por trayectoria y servicio a la comunidad.<\/p>\n","protected":false},"excerpt":{"rendered":"<div class=\"mh-excerpt\">El programa televisivo sobre jubilaciones que se emite de manera ininterrumpida desde hace 24 a\u00f1os, fue declarado como de \u00abinter\u00e9s para la comunicaci\u00f3n social\u00bb. La periodista Clara Salguero recibi\u00f3 la <a class=\"mh-excerpt-more\" href=\"https:\/\/www.comuna13online.com.ar\/?p=5226\" title=\"La Legislatura declar\u00f3 de inter\u00e9s el programa televisivo \u201cLo justo y necesario\u201d\">[&#8230;]<\/a><\/div>\n","protected":false},"author":1,"featured_media":5227,"comment_status":"closed","ping_status":"closed","sticky":false,"template":"","format":"standard","meta":{"_uag_custom_page_level_css":"","_jetpack_memberships_contains_paid_content":false,"footnotes":"","jetpack_publicize_message":"La Legislatura declar\u00f3 de inter\u00e9s el programa televisivo \u201cLo justo y necesario\u201d","jetpack_publicize_feature_enabled":true,"jetpack_social_post_already_shared":true,"jetpack_social_options":{"image_generator_settings":{"template":"highway","default_image_id":0,"font":"","enabled":false},"version":2}},"categories":[195],"tags":[7,146],"class_list":{"0":"post-5226","1":"post","2":"type-post","3":"status-publish","4":"format-standard","5":"has-post-thumbnail","7":"category-distincion","8":"tag-legislatura","9":"tag-reconocimiento"},"jetpack_publicize_connections":[],"jetpack_featured_media_url":"https:\/\/www.comuna13online.com.ar\/wp-content\/uploads\/2019\/05\/20190514b.jpg","uagb_featured_image_src":{"full":["https:\/\/www.comuna13online.com.ar\/wp-content\/uploads\/2019\/05\/20190514b.jpg",1030,438,false],"thumbnail":["https:\/\/www.comuna13online.com.ar\/wp-content\/uploads\/2019\/05\/20190514b-150x150.jpg",96,96,true],"medium":["https:\/\/www.comuna13online.com.ar\/wp-content\/uploads\/2019\/05\/20190514b-678x288.jpg",678,288,true],"medium_large":["https:\/\/www.comuna13online.com.ar\/wp-content\/uploads\/2019\/05\/20190514b-768x327.jpg",768,327,true],"large":["https:\/\/www.comuna13online.com.ar\/wp-content\/uploads\/2019\/05\/20190514b.jpg",1030,438,false],"1536x1536":["https:\/\/www.comuna13online.com.ar\/wp-content\/uploads\/2019\/05\/20190514b.jpg",1030,438,false],"2048x2048":["https:\/\/www.comuna13online.com.ar\/wp-content\/uploads\/2019\/05\/20190514b.jpg",1030,438,false],"mh-magazine-slider":["https:\/\/www.comuna13online.com.ar\/wp-content\/uploads\/2019\/05\/20190514b.jpg",1030,438,false],"mh-magazine-content":["https:\/\/www.comuna13online.com.ar\/wp-content\/uploads\/2019\/05\/20190514b-678x381.jpg",678,381,true],"mh-magazine-large":["https:\/\/www.comuna13online.com.ar\/wp-content\/uploads\/2019\/05\/20190514b-678x438.jpg",678,438,true],"mh-magazine-medium":["https:\/\/www.comuna13online.com.ar\/wp-content\/uploads\/2019\/05\/20190514b-326x245.jpg",326,245,true],"mh-magazine-small":["https:\/\/www.comuna13online.com.ar\/wp-content\/uploads\/2019\/05\/20190514b-80x60.jpg",80,60,true],"sow-carousel-default":["https:\/\/www.comuna13online.com.ar\/wp-content\/uploads\/2019\/05\/20190514b-272x182.jpg",272,182,true]},"uagb_author_info":{"display_name":"Comuna13","author_link":"https:\/\/www.comuna13online.com.ar\/?author=1"},"uagb_comment_info":0,"uagb_excerpt":"El programa televisivo sobre jubilaciones que se emite de manera ininterrumpida desde hace 24 a\u00f1os, fue declarado como de \u00abinter\u00e9s para la comunicaci\u00f3n social\u00bb. La periodista Clara Salguero recibi\u00f3 la [...]","jetpack_sharing_enabled":true,"_links":{"self":[{"href":"https:\/\/www.comuna13online.com.ar\/index.php?rest_route=\/wp\/v2\/posts\/5226","targetHints":{"allow":["GET"]}}],"collection":[{"href":"https:\/\/www.comuna13online.com.ar\/index.php?rest_route=\/wp\/v2\/posts"}],"about":[{"href":"https:\/\/www.comuna13online.com.ar\/index.php?rest_route=\/wp\/v2\/types\/post"}],"author":[{"embeddable":true,"href":"https:\/\/www.comuna13online.com.ar\/index.php?rest_route=\/wp\/v2\/users\/1"}],"replies":[{"embeddable":true,"href":"https:\/\/www.comuna13online.com.ar\/index.php?rest_route=%2Fwp%2Fv2%2Fcomments&post=5226"}],"version-history":[{"count":0,"href":"https:\/\/www.comuna13online.com.ar\/index.php?rest_route=\/wp\/v2\/posts\/5226\/revisions"}],"wp:featuredmedia":[{"embeddable":true,"href":"https:\/\/www.comuna13online.com.ar\/index.php?rest_route=\/wp\/v2\/media\/5227"}],"wp:attachment":[{"href":"https:\/\/www.comuna13online.com.ar\/index.php?rest_route=%2Fwp%2Fv2%2Fmedia&parent=5226"}],"wp:term":[{"taxonomy":"category","embeddable":true,"href":"https:\/\/www.comuna13online.com.ar\/index.php?rest_route=%2Fwp%2Fv2%2Fcategories&post=5226"},{"taxonomy":"post_tag","embeddable":true,"href":"https:\/\/www.comuna13online.com.ar\/index.php?rest_route=%2Fwp%2Fv2%2Ftags&post=5226"}],"curies":[{"name":"wp","href":"https:\/\/api.w.org\/{rel}","templated":true}]}}