{"id":5181,"date":"2019-05-08T18:24:07","date_gmt":"2019-05-08T21:24:07","guid":{"rendered":"http:\/\/www.comuna13online.com.ar\/?p=5181"},"modified":"2019-05-08T18:24:07","modified_gmt":"2019-05-08T21:24:07","slug":"cerro-la-sucursal-musimundo-del-barrio-de-belgrano","status":"publish","type":"post","link":"https:\/\/www.comuna13online.com.ar\/?p=5181","title":{"rendered":"Cerr\u00f3 la sucursal Musimundo del Barrio de Belgrano"},"content":{"rendered":"<p><strong>Era una de los locales m\u00e1s emblem\u00e1ticos de la cadena, ubicada en avenida Cabildo y La Pampa. Los empleados fueron despedidos. La ola de cierres incluy\u00f3 sucursales en varias provincias, entre ellas la de Santa Fe, San Juan y la ciudad de Bariloche.<\/strong><\/p>\n<p>Tal como sucedi\u00f3 en la d\u00e9cada de los 90, la cadena de venta de electrodom\u00e9sticos y artefactos para difundir m\u00fasica Musimundo sigue bajando persianas, ahora fue el turno de una de las sucursales m\u00e1s emblem\u00e1ticas en la Ciudad, la de la Av. Cabildo entre Sucre y Pampa, en plaeno barrio de Belgrano, en nuestra Comuna 13. Se trata del local n\u00famero 32 de esta compa\u00f1\u00eda que cierra a lo largo del \u00faltimo a\u00f1o.<\/p>\n<p>Seg\u00fan consign\u00f3 el portal Info Gremiales, siempre en la b\u00fasqueda de estas noticias que afectan el empleo, este viernes aparecieron la persiana baja y los carteles pegados que indican que hay que ir a otras tiendas de la cadena.<\/p>\n<p>La ola de cierres incluy\u00f3 locales en las provincias de Santa Fe, San Juan y en la ciudad de Bariloche. Al respecto, en abril, desde la cadena hab\u00edan dicho que esa era <em>\u201cla conclusi\u00f3n de un proceso de readecuaci\u00f3n que comenz\u00f3 el a\u00f1o pasado y que con estas medidas deber\u00eda estar resuelto\u201d.<\/em><\/p>\n<p><img loading=\"lazy\" decoding=\"async\" data-attachment-id=\"5183\" data-permalink=\"https:\/\/www.comuna13online.com.ar\/?attachment_id=5183\" data-orig-file=\"https:\/\/www.comuna13online.com.ar\/wp-content\/uploads\/2019\/05\/20190508a1.jpg\" data-orig-size=\"678,509\" data-comments-opened=\"0\" data-image-meta=\"{&quot;aperture&quot;:&quot;0&quot;,&quot;credit&quot;:&quot;&quot;,&quot;camera&quot;:&quot;&quot;,&quot;caption&quot;:&quot;&quot;,&quot;created_timestamp&quot;:&quot;0&quot;,&quot;copyright&quot;:&quot;&quot;,&quot;focal_length&quot;:&quot;0&quot;,&quot;iso&quot;:&quot;0&quot;,&quot;shutter_speed&quot;:&quot;0&quot;,&quot;title&quot;:&quot;&quot;,&quot;orientation&quot;:&quot;0&quot;}\" data-image-title=\"20190508a1\" data-image-description=\"\" data-image-caption=\"\" data-large-file=\"https:\/\/www.comuna13online.com.ar\/wp-content\/uploads\/2019\/05\/20190508a1-583x438.jpg\" class=\"alignnone size-full wp-image-5183\" src=\"http:\/\/www.comuna13online.com.ar\/wp-content\/uploads\/2019\/05\/20190508a1.jpg\" alt=\"\" width=\"678\" height=\"509\" srcset=\"https:\/\/www.comuna13online.com.ar\/wp-content\/uploads\/2019\/05\/20190508a1.jpg 678w, https:\/\/www.comuna13online.com.ar\/wp-content\/uploads\/2019\/05\/20190508a1-602x452.jpg 602w, https:\/\/www.comuna13online.com.ar\/wp-content\/uploads\/2019\/05\/20190508a1-583x438.jpg 583w, https:\/\/www.comuna13online.com.ar\/wp-content\/uploads\/2019\/05\/20190508a1-326x245.jpg 326w, https:\/\/www.comuna13online.com.ar\/wp-content\/uploads\/2019\/05\/20190508a1-80x60.jpg 80w\" sizes=\"auto, (max-width: 678px) 100vw, 678px\" \/><\/p>\n<p>De esta forma, ya suman 32 las sucursales de Musimundo que fueron cerradas desde el a\u00f1o pasado a la fecha.<\/p>\n<p>Este \u00faltimo cierre se sum\u00f3 a los 3 de abril pasado y a otros 28 concretados en 2018, como el local emblem\u00e1tico de Callao y Corrientes en la Ciudad de Buenos Aires. Tambi\u00e9n otros en localidades como Mercedes, Saladillo, Pehuaj\u00f3, Bragado, Chivilcoy y Trenque Lauqu\u00e9n, en la provincia de Buenos Aires; Neuqu\u00e9n; Famaill\u00e1 y Banda del R\u00edo Sal\u00ed en Tucum\u00e1n. Adem\u00e1s, el centro de distribuci\u00f3n ubicado en Resistencia, Chaco.<\/p>\n<p>El cierre de este local profundiza la crisis de empleo por la que traviesa el pa\u00eds a causa de las pol\u00edticas neoliberales que lleva adelante el gobierno nacional y afectan directamente a las pymes que son las que mayor empleo generan. Todos los trabajadores de la sucursal fueron despedidos.<\/p>\n","protected":false},"excerpt":{"rendered":"<div class=\"mh-excerpt\">Era una de los locales m\u00e1s emblem\u00e1ticos de la cadena, ubicada en avenida Cabildo y La Pampa. Los empleados fueron despedidos. La ola de cierres incluy\u00f3 sucursales en varias provincias, <a class=\"mh-excerpt-more\" href=\"https:\/\/www.comuna13online.com.ar\/?p=5181\" title=\"Cerr\u00f3 la sucursal Musimundo del Barrio de Belgrano\">[&#8230;]<\/a><\/div>\n","protected":false},"author":1,"featured_media":5182,"comment_status":"closed","ping_status":"closed","sticky":false,"template":"","format":"standard","meta":{"_uag_custom_page_level_css":"","_jetpack_memberships_contains_paid_content":false,"footnotes":"","jetpack_publicize_message":"","jetpack_publicize_feature_enabled":true,"jetpack_social_post_already_shared":true,"jetpack_social_options":{"image_generator_settings":{"template":"highway","default_image_id":0,"font":"","enabled":false},"version":2}},"categories":[120],"tags":[19,50,121],"class_list":{"0":"post-5181","1":"post","2":"type-post","3":"status-publish","4":"format-standard","5":"has-post-thumbnail","7":"category-trabajo","8":"tag-comuna-13","9":"tag-economia","10":"tag-trabajo"},"jetpack_publicize_connections":[],"jetpack_featured_media_url":"https:\/\/www.comuna13online.com.ar\/wp-content\/uploads\/2019\/05\/20190508a.jpg","uagb_featured_image_src":{"full":["https:\/\/www.comuna13online.com.ar\/wp-content\/uploads\/2019\/05\/20190508a.jpg",1030,438,false],"thumbnail":["https:\/\/www.comuna13online.com.ar\/wp-content\/uploads\/2019\/05\/20190508a-150x150.jpg",96,96,true],"medium":["https:\/\/www.comuna13online.com.ar\/wp-content\/uploads\/2019\/05\/20190508a-678x288.jpg",678,288,true],"medium_large":["https:\/\/www.comuna13online.com.ar\/wp-content\/uploads\/2019\/05\/20190508a-768x327.jpg",768,327,true],"large":["https:\/\/www.comuna13online.com.ar\/wp-content\/uploads\/2019\/05\/20190508a.jpg",1030,438,false],"1536x1536":["https:\/\/www.comuna13online.com.ar\/wp-content\/uploads\/2019\/05\/20190508a.jpg",1030,438,false],"2048x2048":["https:\/\/www.comuna13online.com.ar\/wp-content\/uploads\/2019\/05\/20190508a.jpg",1030,438,false],"mh-magazine-slider":["https:\/\/www.comuna13online.com.ar\/wp-content\/uploads\/2019\/05\/20190508a.jpg",1030,438,false],"mh-magazine-content":["https:\/\/www.comuna13online.com.ar\/wp-content\/uploads\/2019\/05\/20190508a-678x381.jpg",678,381,true],"mh-magazine-large":["https:\/\/www.comuna13online.com.ar\/wp-content\/uploads\/2019\/05\/20190508a-678x438.jpg",678,438,true],"mh-magazine-medium":["https:\/\/www.comuna13online.com.ar\/wp-content\/uploads\/2019\/05\/20190508a-326x245.jpg",326,245,true],"mh-magazine-small":["https:\/\/www.comuna13online.com.ar\/wp-content\/uploads\/2019\/05\/20190508a-80x60.jpg",80,60,true],"sow-carousel-default":["https:\/\/www.comuna13online.com.ar\/wp-content\/uploads\/2019\/05\/20190508a-272x182.jpg",272,182,true]},"uagb_author_info":{"display_name":"Comuna13","author_link":"https:\/\/www.comuna13online.com.ar\/?author=1"},"uagb_comment_info":0,"uagb_excerpt":"Era una de los locales m\u00e1s emblem\u00e1ticos de la cadena, ubicada en avenida Cabildo y La Pampa. Los empleados fueron despedidos. La ola de cierres incluy\u00f3 sucursales en varias provincias, [...]","jetpack_sharing_enabled":true,"_links":{"self":[{"href":"https:\/\/www.comuna13online.com.ar\/index.php?rest_route=\/wp\/v2\/posts\/5181","targetHints":{"allow":["GET"]}}],"collection":[{"href":"https:\/\/www.comuna13online.com.ar\/index.php?rest_route=\/wp\/v2\/posts"}],"about":[{"href":"https:\/\/www.comuna13online.com.ar\/index.php?rest_route=\/wp\/v2\/types\/post"}],"author":[{"embeddable":true,"href":"https:\/\/www.comuna13online.com.ar\/index.php?rest_route=\/wp\/v2\/users\/1"}],"replies":[{"embeddable":true,"href":"https:\/\/www.comuna13online.com.ar\/index.php?rest_route=%2Fwp%2Fv2%2Fcomments&post=5181"}],"version-history":[{"count":0,"href":"https:\/\/www.comuna13online.com.ar\/index.php?rest_route=\/wp\/v2\/posts\/5181\/revisions"}],"wp:featuredmedia":[{"embeddable":true,"href":"https:\/\/www.comuna13online.com.ar\/index.php?rest_route=\/wp\/v2\/media\/5182"}],"wp:attachment":[{"href":"https:\/\/www.comuna13online.com.ar\/index.php?rest_route=%2Fwp%2Fv2%2Fmedia&parent=5181"}],"wp:term":[{"taxonomy":"category","embeddable":true,"href":"https:\/\/www.comuna13online.com.ar\/index.php?rest_route=%2Fwp%2Fv2%2Fcategories&post=5181"},{"taxonomy":"post_tag","embeddable":true,"href":"https:\/\/www.comuna13online.com.ar\/index.php?rest_route=%2Fwp%2Fv2%2Ftags&post=5181"}],"curies":[{"name":"wp","href":"https:\/\/api.w.org\/{rel}","templated":true}]}}