{"id":5018,"date":"2019-04-08T03:00:23","date_gmt":"2019-04-08T06:00:23","guid":{"rendered":"http:\/\/www.comuna13online.com.ar\/?p=5018"},"modified":"2019-04-07T12:41:15","modified_gmt":"2019-04-07T15:41:15","slug":"detuvieron-a-tres-ladrones-armados-en-belgrano","status":"publish","type":"post","link":"https:\/\/www.comuna13online.com.ar\/?p=5018","title":{"rendered":"Detuvieron a tres ladrones armados en Belgrano"},"content":{"rendered":"<p><strong>Los delincuentes intentaron evadir a la Polic\u00eda y tras una breve persecuci\u00f3n fueron atrapados. All\u00ed se descubri\u00f3 que la banda hab\u00eda asaltado un local de ropa horas antes en Palermo. Se recuper\u00f3 la mercader\u00eda robada, valuada en un mill\u00f3n de pesos.<\/strong><\/p>\n<p><img loading=\"lazy\" decoding=\"async\" data-attachment-id=\"5019\" data-permalink=\"https:\/\/www.comuna13online.com.ar\/?attachment_id=5019\" data-orig-file=\"https:\/\/www.comuna13online.com.ar\/wp-content\/uploads\/2019\/04\/20190408b1.jpg\" data-orig-size=\"678,360\" data-comments-opened=\"0\" data-image-meta=\"{&quot;aperture&quot;:&quot;0&quot;,&quot;credit&quot;:&quot;&quot;,&quot;camera&quot;:&quot;&quot;,&quot;caption&quot;:&quot;&quot;,&quot;created_timestamp&quot;:&quot;0&quot;,&quot;copyright&quot;:&quot;&quot;,&quot;focal_length&quot;:&quot;0&quot;,&quot;iso&quot;:&quot;0&quot;,&quot;shutter_speed&quot;:&quot;0&quot;,&quot;title&quot;:&quot;&quot;,&quot;orientation&quot;:&quot;0&quot;}\" data-image-title=\"20190408b1\" data-image-description=\"\" data-image-caption=\"\" data-large-file=\"https:\/\/www.comuna13online.com.ar\/wp-content\/uploads\/2019\/04\/20190408b1.jpg\" class=\"alignnone size-full wp-image-5019\" src=\"http:\/\/www.comuna13online.com.ar\/wp-content\/uploads\/2019\/04\/20190408b1.jpg\" alt=\"\" width=\"678\" height=\"360\" \/><\/p>\n<p>Efectivos\u00a0motorizados de la Comisar\u00eda Vecinal 13-B de la\u00a0Polic\u00eda de la Ciudad\u00a0se encontraban circulando por Cabildo y Juramento, cuando observaron a tres sujetos en un Chevrolet Corsa, quienes al advertir la presencia policial aceleraron y cruzaron un sem\u00e1foro en rojo.<\/p>\n<p>Inmediatamente los oficiales emprendieron su persecuci\u00f3n, logrando interceptar a los sospechosos a pocas cuadras, sobre Monroe y Vuelta de Obligado.<\/p>\n<p>Al efectuar la requisa del auto se encontr\u00f3 un revolver calibre .22, una r\u00e9plica de pistola, barretas, precintos, cinco tel\u00e9fonos celulares y gran cantidad de prendas de vestir y nuevas, muchas de ellas con etiquetas que dec\u00edan \u00abGhetto\u00bb.<\/p>\n<p>Por este motivo se realiz\u00f3 all\u00ed mismo una b\u00fasqueda en Internet y surgi\u00f3 que pod\u00eda tratarse del nombre de una tienda de ropa deportiva, ubicada en Santa Fe al 5200, y tras consultar a la Comisar\u00eda Vecinal 14-B de la Polic\u00eda de la Ciudad se confirm\u00f3 que el comercio hab\u00eda sido asaltado horas antes.<\/p>\n<p>Seg\u00fan la denuncia, tres sujetos armados coincidentes con la descripci\u00f3n de los tripulantes del Corsa, hab\u00edan inmovilizado con precintos a la due\u00f1a del local y a una empleada, amenaz\u00e1ndolas con armas de fuego, para luego retirarse con efectivo, celulares y mercader\u00eda valuada en aproximadamente un mill\u00f3n de pesos.<\/p>\n<p>Los detenidos fueron trasladados a la Comisar\u00eda Vecinal 13-A y puestos a disposici\u00f3n de la Fiscal\u00eda Penal, Contravencional y de Faltas N\u00b0 2 a cargo del Dr. Brotto, quien dispuso remitir las actuaciones a la Comisar\u00eda Vecinal 14-B para agregarlas al sumario iniciado previamente por \u00abRobo a mano armada y privaci\u00f3n ileg\u00edtima de la libertad\u00bb. M\u00e1s tarde la damnificada reconoci\u00f3 las prendas y los tel\u00e9fonos celulares secuestrados.<\/p>\n<p><iframe loading=\"lazy\" src=\"https:\/\/www.youtube.com\/embed\/l5a3Y4RqgT4\" width=\"678\" height=\"381\" frameborder=\"0\" allowfullscreen=\"allowfullscreen\"><span data-mce-type=\"bookmark\" style=\"display: inline-block; width: 0px; overflow: hidden; line-height: 0;\" class=\"mce_SELRES_start\">\ufeff<\/span><\/iframe><\/p>\n","protected":false},"excerpt":{"rendered":"<div class=\"mh-excerpt\">Los delincuentes intentaron evadir a la Polic\u00eda y tras una breve persecuci\u00f3n fueron atrapados. All\u00ed se descubri\u00f3 que la banda hab\u00eda asaltado un local de ropa horas antes en Palermo. <a class=\"mh-excerpt-more\" href=\"https:\/\/www.comuna13online.com.ar\/?p=5018\" title=\"Detuvieron a tres ladrones armados en Belgrano\">[&#8230;]<\/a><\/div>\n","protected":false},"author":1,"featured_media":5020,"comment_status":"closed","ping_status":"closed","sticky":false,"template":"","format":"standard","meta":{"_uag_custom_page_level_css":"","_jetpack_memberships_contains_paid_content":false,"footnotes":"","jetpack_publicize_message":"Detuvieron a tres ladrones armados en Belgrano","jetpack_publicize_feature_enabled":true,"jetpack_social_post_already_shared":true,"jetpack_social_options":{"image_generator_settings":{"template":"highway","default_image_id":0,"font":"","enabled":false},"version":2}},"categories":[186],"tags":[188,17],"class_list":{"0":"post-5018","1":"post","2":"type-post","3":"status-publish","4":"format-standard","5":"has-post-thumbnail","7":"category-policiales","8":"tag-policiales","9":"tag-seguridad"},"jetpack_publicize_connections":[],"jetpack_featured_media_url":"https:\/\/www.comuna13online.com.ar\/wp-content\/uploads\/2019\/04\/20190408b.jpg","uagb_featured_image_src":{"full":["https:\/\/www.comuna13online.com.ar\/wp-content\/uploads\/2019\/04\/20190408b.jpg",1030,438,false],"thumbnail":["https:\/\/www.comuna13online.com.ar\/wp-content\/uploads\/2019\/04\/20190408b-150x150.jpg",96,96,true],"medium":["https:\/\/www.comuna13online.com.ar\/wp-content\/uploads\/2019\/04\/20190408b-678x288.jpg",678,288,true],"medium_large":["https:\/\/www.comuna13online.com.ar\/wp-content\/uploads\/2019\/04\/20190408b-768x327.jpg",768,327,true],"large":["https:\/\/www.comuna13online.com.ar\/wp-content\/uploads\/2019\/04\/20190408b.jpg",1030,438,false],"1536x1536":["https:\/\/www.comuna13online.com.ar\/wp-content\/uploads\/2019\/04\/20190408b.jpg",1030,438,false],"2048x2048":["https:\/\/www.comuna13online.com.ar\/wp-content\/uploads\/2019\/04\/20190408b.jpg",1030,438,false],"mh-magazine-slider":["https:\/\/www.comuna13online.com.ar\/wp-content\/uploads\/2019\/04\/20190408b.jpg",1030,438,false],"mh-magazine-content":["https:\/\/www.comuna13online.com.ar\/wp-content\/uploads\/2019\/04\/20190408b-678x381.jpg",678,381,true],"mh-magazine-large":["https:\/\/www.comuna13online.com.ar\/wp-content\/uploads\/2019\/04\/20190408b-678x438.jpg",678,438,true],"mh-magazine-medium":["https:\/\/www.comuna13online.com.ar\/wp-content\/uploads\/2019\/04\/20190408b-326x245.jpg",326,245,true],"mh-magazine-small":["https:\/\/www.comuna13online.com.ar\/wp-content\/uploads\/2019\/04\/20190408b-80x60.jpg",80,60,true],"sow-carousel-default":["https:\/\/www.comuna13online.com.ar\/wp-content\/uploads\/2019\/04\/20190408b-272x182.jpg",272,182,true]},"uagb_author_info":{"display_name":"Comuna13","author_link":"https:\/\/www.comuna13online.com.ar\/?author=1"},"uagb_comment_info":0,"uagb_excerpt":"Los delincuentes intentaron evadir a la Polic\u00eda y tras una breve persecuci\u00f3n fueron atrapados. All\u00ed se descubri\u00f3 que la banda hab\u00eda asaltado un local de ropa horas antes en Palermo. [...]","jetpack_sharing_enabled":true,"_links":{"self":[{"href":"https:\/\/www.comuna13online.com.ar\/index.php?rest_route=\/wp\/v2\/posts\/5018","targetHints":{"allow":["GET"]}}],"collection":[{"href":"https:\/\/www.comuna13online.com.ar\/index.php?rest_route=\/wp\/v2\/posts"}],"about":[{"href":"https:\/\/www.comuna13online.com.ar\/index.php?rest_route=\/wp\/v2\/types\/post"}],"author":[{"embeddable":true,"href":"https:\/\/www.comuna13online.com.ar\/index.php?rest_route=\/wp\/v2\/users\/1"}],"replies":[{"embeddable":true,"href":"https:\/\/www.comuna13online.com.ar\/index.php?rest_route=%2Fwp%2Fv2%2Fcomments&post=5018"}],"version-history":[{"count":0,"href":"https:\/\/www.comuna13online.com.ar\/index.php?rest_route=\/wp\/v2\/posts\/5018\/revisions"}],"wp:featuredmedia":[{"embeddable":true,"href":"https:\/\/www.comuna13online.com.ar\/index.php?rest_route=\/wp\/v2\/media\/5020"}],"wp:attachment":[{"href":"https:\/\/www.comuna13online.com.ar\/index.php?rest_route=%2Fwp%2Fv2%2Fmedia&parent=5018"}],"wp:term":[{"taxonomy":"category","embeddable":true,"href":"https:\/\/www.comuna13online.com.ar\/index.php?rest_route=%2Fwp%2Fv2%2Fcategories&post=5018"},{"taxonomy":"post_tag","embeddable":true,"href":"https:\/\/www.comuna13online.com.ar\/index.php?rest_route=%2Fwp%2Fv2%2Ftags&post=5018"}],"curies":[{"name":"wp","href":"https:\/\/api.w.org\/{rel}","templated":true}]}}