{"id":4886,"date":"2019-04-01T07:00:53","date_gmt":"2019-04-01T10:00:53","guid":{"rendered":"http:\/\/www.comuna13online.com.ar\/?p=4886"},"modified":"2019-03-31T20:17:20","modified_gmt":"2019-03-31T23:17:20","slug":"actividades-el-2-de-abril-en-el-museo-malvinas-argentinas","status":"publish","type":"post","link":"https:\/\/www.comuna13online.com.ar\/?p=4886","title":{"rendered":"Actividades el 2 de abril en el Museo Malvinas Argentinas"},"content":{"rendered":"<p><strong>El Museo Malvinas e Islas del Atl\u00e1ntico Sur realizar\u00e1 una varias actividades con entrada libre y gratuita en conmemoraci\u00f3n del D\u00eda del Veterano y de los Ca\u00eddos en la Guerra.\u00a0<\/strong><\/p>\n<p><img loading=\"lazy\" decoding=\"async\" data-attachment-id=\"4894\" data-permalink=\"https:\/\/www.comuna13online.com.ar\/?attachment_id=4894\" data-orig-file=\"https:\/\/www.comuna13online.com.ar\/wp-content\/uploads\/2019\/03\/20190401a1.jpg\" data-orig-size=\"678,383\" data-comments-opened=\"0\" data-image-meta=\"{&quot;aperture&quot;:&quot;0&quot;,&quot;credit&quot;:&quot;&quot;,&quot;camera&quot;:&quot;&quot;,&quot;caption&quot;:&quot;&quot;,&quot;created_timestamp&quot;:&quot;0&quot;,&quot;copyright&quot;:&quot;&quot;,&quot;focal_length&quot;:&quot;0&quot;,&quot;iso&quot;:&quot;0&quot;,&quot;shutter_speed&quot;:&quot;0&quot;,&quot;title&quot;:&quot;&quot;,&quot;orientation&quot;:&quot;0&quot;}\" data-image-title=\"20190401a1\" data-image-description=\"\" data-image-caption=\"\" data-large-file=\"https:\/\/www.comuna13online.com.ar\/wp-content\/uploads\/2019\/03\/20190401a1.jpg\" class=\"alignnone size-full wp-image-4894\" src=\"http:\/\/www.comuna13online.com.ar\/wp-content\/uploads\/2019\/03\/20190401a1.jpg\" alt=\"\" width=\"678\" height=\"383\" \/><\/p>\n<p>El pr\u00f3ximo martes 2 de abril se conmemora el D\u00eda del Veterano y de los Ca\u00eddos en la Guerra de Malvinas, por tal motivo el Museo Malvinas organiz\u00f3 una serie de actividades con entrada libre y gratuita.\u00a0El Museo Malvinas estar\u00e1 abierto al p\u00fablico de 11:00 a 19:00 horas.<\/p>\n<h4><span style=\"color: #008080;\"><strong>Cronograma de Actividades<\/strong><\/span><\/h4>\n<p><a href=\"http:\/\/www.comuna13online.com.ar\/wp-content\/uploads\/2019\/03\/20190401a2_large.jpg\" target=\"_blank\" rel=\"noopener noreferrer\"><img loading=\"lazy\" decoding=\"async\" data-attachment-id=\"4893\" data-permalink=\"https:\/\/www.comuna13online.com.ar\/?attachment_id=4893\" data-orig-file=\"https:\/\/www.comuna13online.com.ar\/wp-content\/uploads\/2019\/03\/20190401a2_large.jpg\" data-orig-size=\"1200,675\" data-comments-opened=\"0\" data-image-meta=\"{&quot;aperture&quot;:&quot;0&quot;,&quot;credit&quot;:&quot;&quot;,&quot;camera&quot;:&quot;&quot;,&quot;caption&quot;:&quot;&quot;,&quot;created_timestamp&quot;:&quot;0&quot;,&quot;copyright&quot;:&quot;&quot;,&quot;focal_length&quot;:&quot;0&quot;,&quot;iso&quot;:&quot;0&quot;,&quot;shutter_speed&quot;:&quot;0&quot;,&quot;title&quot;:&quot;&quot;,&quot;orientation&quot;:&quot;0&quot;}\" data-image-title=\"20190401a2_large\" data-image-description=\"\" data-image-caption=\"\" data-large-file=\"https:\/\/www.comuna13online.com.ar\/wp-content\/uploads\/2019\/03\/20190401a2_large-779x438.jpg\" class=\"alignnone wp-image-4893 size-mh-magazine-content\" src=\"http:\/\/www.comuna13online.com.ar\/wp-content\/uploads\/2019\/03\/20190401a2_large-678x381.jpg\" alt=\"\" width=\"678\" height=\"381\" srcset=\"https:\/\/www.comuna13online.com.ar\/wp-content\/uploads\/2019\/03\/20190401a2_large-678x381.jpg 678w, https:\/\/www.comuna13online.com.ar\/wp-content\/uploads\/2019\/03\/20190401a2_large-768x432.jpg 768w, https:\/\/www.comuna13online.com.ar\/wp-content\/uploads\/2019\/03\/20190401a2_large-779x438.jpg 779w, https:\/\/www.comuna13online.com.ar\/wp-content\/uploads\/2019\/03\/20190401a2_large.jpg 1200w\" sizes=\"auto, (max-width: 678px) 100vw, 678px\" \/><\/a><\/p>\n<p>11:00 a 19:00 horas.<br \/>\n<span style=\"color: #3366ff;\"><strong>Inauguraci\u00f3n de la muestra temporaria \u00abHistorieta encontrada en un b\u00fanker\u00bb<\/strong><\/span><\/p>\n<p>El visitante podr\u00e1 acceder al material de lectura de la \u00e9poca del conflicto b\u00e9lico, y conocer qu\u00e9 le\u00edan los soldados en el frente, a partir de la exhibici\u00f3n de un fragmento de historieta encontrado en una trinchera en las Islas Malvinas.<\/p>\n<p>La muestra suma adem\u00e1s una selecci\u00f3n de historietas y personajes con el objeto de brindar un panorama de lo que se publicaba y se le\u00eda en la Argentina de 1982.<\/p>\n<p>12:00 horas.<br \/>\n<span style=\"color: #3366ff;\"><strong>M\u00fasica en vivo, se presentan:<\/strong><\/span><\/p>\n<p><strong>Maldito Karma<\/strong>: Banda de Rock Alternativo surgida del Programa Escuela Bandas de Rock de la Casa de la Cultura, integrada por Nacho Orrego en guitarra, Tom\u00e1s Solis en la voz, Gabriel Robledo en bajo y Alan Limachi en bater\u00eda.<\/p>\n<p><img loading=\"lazy\" decoding=\"async\" data-attachment-id=\"4887\" data-permalink=\"https:\/\/www.comuna13online.com.ar\/?attachment_id=4887\" data-orig-file=\"https:\/\/www.comuna13online.com.ar\/wp-content\/uploads\/2019\/03\/malditoKarma.jpg\" data-orig-size=\"678,417\" data-comments-opened=\"0\" data-image-meta=\"{&quot;aperture&quot;:&quot;0&quot;,&quot;credit&quot;:&quot;&quot;,&quot;camera&quot;:&quot;&quot;,&quot;caption&quot;:&quot;&quot;,&quot;created_timestamp&quot;:&quot;0&quot;,&quot;copyright&quot;:&quot;&quot;,&quot;focal_length&quot;:&quot;0&quot;,&quot;iso&quot;:&quot;0&quot;,&quot;shutter_speed&quot;:&quot;0&quot;,&quot;title&quot;:&quot;&quot;,&quot;orientation&quot;:&quot;0&quot;}\" data-image-title=\"_malditoKarma\" data-image-description=\"\" data-image-caption=\"\" data-large-file=\"https:\/\/www.comuna13online.com.ar\/wp-content\/uploads\/2019\/03\/malditoKarma.jpg\" class=\"alignnone size-full wp-image-4887\" src=\"http:\/\/www.comuna13online.com.ar\/wp-content\/uploads\/2019\/03\/malditoKarma.jpg\" alt=\"\" width=\"678\" height=\"417\" \/><\/p>\n<p><strong>Ecos Lejanos<\/strong>: Banda de rock integrada por Jos\u00e9 Velazquez (Guitarra y voz) Andres Santos (Bajo y voz), Dami\u00e1n Alfonso (Bater\u00eda) y Walter Santos (Teclados). Influenciada por bandas locales como Divididos, Soda Stereo y Attaque 77, y de bandas extranjeras Red Hot Chili Peppers, Ramones y Pink Floyd.<\/p>\n<p><img loading=\"lazy\" decoding=\"async\" data-attachment-id=\"4888\" data-permalink=\"https:\/\/www.comuna13online.com.ar\/?attachment_id=4888\" data-orig-file=\"https:\/\/www.comuna13online.com.ar\/wp-content\/uploads\/2019\/03\/ecoslejanos.jpg\" data-orig-size=\"960,635\" data-comments-opened=\"0\" data-image-meta=\"{&quot;aperture&quot;:&quot;0&quot;,&quot;credit&quot;:&quot;&quot;,&quot;camera&quot;:&quot;&quot;,&quot;caption&quot;:&quot;&quot;,&quot;created_timestamp&quot;:&quot;0&quot;,&quot;copyright&quot;:&quot;&quot;,&quot;focal_length&quot;:&quot;0&quot;,&quot;iso&quot;:&quot;0&quot;,&quot;shutter_speed&quot;:&quot;0&quot;,&quot;title&quot;:&quot;&quot;,&quot;orientation&quot;:&quot;0&quot;}\" data-image-title=\"_ecoslejanos\" data-image-description=\"\" data-image-caption=\"\" data-large-file=\"https:\/\/www.comuna13online.com.ar\/wp-content\/uploads\/2019\/03\/ecoslejanos-662x438.jpg\" class=\"alignnone wp-image-4888 size-medium\" src=\"http:\/\/www.comuna13online.com.ar\/wp-content\/uploads\/2019\/03\/ecoslejanos-678x448.jpg\" alt=\"\" width=\"678\" height=\"448\" srcset=\"https:\/\/www.comuna13online.com.ar\/wp-content\/uploads\/2019\/03\/ecoslejanos-678x448.jpg 678w, https:\/\/www.comuna13online.com.ar\/wp-content\/uploads\/2019\/03\/ecoslejanos-768x508.jpg 768w, https:\/\/www.comuna13online.com.ar\/wp-content\/uploads\/2019\/03\/ecoslejanos-662x438.jpg 662w, https:\/\/www.comuna13online.com.ar\/wp-content\/uploads\/2019\/03\/ecoslejanos.jpg 960w\" sizes=\"auto, (max-width: 678px) 100vw, 678px\" \/><\/p>\n<p>14:30 horas.<br \/>\n<span style=\"color: #3366ff;\"><strong>Presentaci\u00f3n del libro \u00abEl ni\u00f1o zorro y el ni\u00f1o cormor\u00e1n\u00bb <\/strong><\/span>de Octavio Pintos<strong>.<\/strong><\/p>\n<p><img loading=\"lazy\" decoding=\"async\" data-attachment-id=\"4889\" data-permalink=\"https:\/\/www.comuna13online.com.ar\/?attachment_id=4889\" data-orig-file=\"https:\/\/www.comuna13online.com.ar\/wp-content\/uploads\/2019\/03\/octavio.pintos.jpg\" data-orig-size=\"250,308\" data-comments-opened=\"0\" data-image-meta=\"{&quot;aperture&quot;:&quot;0&quot;,&quot;credit&quot;:&quot;&quot;,&quot;camera&quot;:&quot;&quot;,&quot;caption&quot;:&quot;&quot;,&quot;created_timestamp&quot;:&quot;0&quot;,&quot;copyright&quot;:&quot;&quot;,&quot;focal_length&quot;:&quot;0&quot;,&quot;iso&quot;:&quot;0&quot;,&quot;shutter_speed&quot;:&quot;0&quot;,&quot;title&quot;:&quot;&quot;,&quot;orientation&quot;:&quot;0&quot;}\" data-image-title=\"_octavio.pintos\" data-image-description=\"\" data-image-caption=\"\" data-large-file=\"https:\/\/www.comuna13online.com.ar\/wp-content\/uploads\/2019\/03\/octavio.pintos.jpg\" class=\"size-full wp-image-4889 alignright\" src=\"http:\/\/www.comuna13online.com.ar\/wp-content\/uploads\/2019\/03\/octavio.pintos.jpg\" alt=\"\" width=\"250\" height=\"308\" \/>Isabel, una nin\u0303a de 8 an\u0303os, descubre los sentimientos que envuelven el corazo\u0301n de su papa\u0301, un excombatiente de la Guerra de Malvinas.<\/p>\n<p>En ese descubrimiento aparece una guerra cercana y presente, la que a\u00fan vive en el imaginario de todos los soldados que alguna vez lucharon.<\/p>\n<p>Es una historia contada desde la meta\u0301fora, con intertextualidades y teniendo en cuenta valores claves para el desarrollo social, como el respeto, la tolerancia, la igualdad, la amistad, el amor de padre a hijo, el saber entender, el perdo\u0301n, entre otros.<\/p>\n<p>Con ilustraci\u00f3n de Ines Fraschina. Editorial Eduvim.<\/p>\n<p>15:30 horas.<br \/>\n<span style=\"color: #3366ff;\"><strong> Visita guiada especial \u00abMalvinas y Derechos Humanos\u00bb<\/strong><\/span><\/p>\n<p>Visita guiada especial en el marco de la trigesimo septima conmemoraci\u00f3n de los Veteranos y de los ca\u00eddos en la guerra.<\/p>\n<p align=\"JUSTIFY\">Para reflexionar y mantener una memoria activa sobre los hechos ocurridos durante la \u00faltima dictadura c\u00edvico-militar, pensando en la Guerra de Malvinas como parte de ese contexto.<\/p>\n<p>17:00 horas.<br \/>\n<span style=\"color: #3366ff;\"><strong> Proyecci\u00f3n del film \u00abTeatro de guerra\u00bb <\/strong><\/span>de Lola Arias<strong>. <\/strong>(2018)<\/p>\n<p>Pel\u00edcula documental innovadora que revela las historias personales de ex soldados brit\u00e1nicos y argentinos cuyas vidas se vieron profundamente afectadas por la guerra de las Malvinas,<\/p>\n<p>Participan: Lou Armour, David Jackson, Rub\u00e9n Otero, Sukrim Rai,Gabriel Sagastume, Marcelo Vallejo.<\/p>\n<p><iframe loading=\"lazy\" src=\"https:\/\/www.youtube.com\/embed\/Zn5eYkjEygQ\" width=\"678\" height=\"381\" frameborder=\"0\" allowfullscreen=\"allowfullscreen\"><\/iframe><\/p>\n<p>En 2018 obtuvo el premio Mejor Director Nacional en BAFICI 2018 y nominada a mejor documental, foto documental y \u00f3pera prima en los Premios F\u00e9nix.<\/p>\n<p><img loading=\"lazy\" decoding=\"async\" data-attachment-id=\"2965\" data-permalink=\"https:\/\/www.comuna13online.com.ar\/?attachment_id=2965\" data-orig-file=\"https:\/\/www.comuna13online.com.ar\/wp-content\/uploads\/2018\/10\/line.gif\" data-orig-size=\"678,2\" data-comments-opened=\"0\" data-image-meta=\"{&quot;aperture&quot;:&quot;0&quot;,&quot;credit&quot;:&quot;&quot;,&quot;camera&quot;:&quot;&quot;,&quot;caption&quot;:&quot;&quot;,&quot;created_timestamp&quot;:&quot;0&quot;,&quot;copyright&quot;:&quot;&quot;,&quot;focal_length&quot;:&quot;0&quot;,&quot;iso&quot;:&quot;0&quot;,&quot;shutter_speed&quot;:&quot;0&quot;,&quot;title&quot;:&quot;&quot;,&quot;orientation&quot;:&quot;0&quot;}\" data-image-title=\"line\" data-image-description=\"\" data-image-caption=\"\" data-large-file=\"https:\/\/www.comuna13online.com.ar\/wp-content\/uploads\/2018\/10\/line.gif\" class=\"alignnone size-full wp-image-2965\" src=\"http:\/\/www.comuna13online.com.ar\/wp-content\/uploads\/2018\/10\/line.gif\" alt=\"\" width=\"678\" height=\"2\" \/><\/p>\n<p><span style=\"color: #008080;\"><strong>Museo Malvinas e Islas del Atl\u00e1ntico Sur<br \/>\n<\/strong><span style=\"color: #000000;\">Av. del Libertador 8151, Nu\u00f1ez<br \/>\nComuna13<\/span><\/span><\/p>\n<p><strong>Horarios:<\/strong><\/p>\n<p>Mi\u00e9rcoles a Viernes de 09:00 a 17:00 hs.<br \/>\nS\u00e1bados y Domingos de 11:00 a 19:00 hs.<\/p>\n<p>Lunes y Martes cerrado, excepto 2 de abril.<\/p>\n<p><strong>Contacto:<\/strong><\/p>\n<p>(011) 5280-0750<br \/>\nprensa@museomalvinas.gob.ar<br \/>\nhttp:\/\/museomalvinas.gob.ar<\/p>\n<p><iframe loading=\"lazy\" style=\"border: 0;\" src=\"https:\/\/www.google.com\/maps\/embed?pb=!1m18!1m12!1m3!1d1355.5003965708388!2d-58.46441153005343!3d-34.53793305596766!2m3!1f0!2f0!3f0!3m2!1i1024!2i768!4f13.1!3m3!1m2!1s0x95bcb6a0035dd5ff%3A0xe8b0ea2962445dc4!2sMuseo+Malvinas+e+Islas+del+Atl%C3%A1ntico+Sur!5e0!3m2!1ses!2sar!4v1554074077973!5m2!1ses!2sar\" width=\"678\" height=\"500\" frameborder=\"0\" allowfullscreen=\"allowfullscreen\"><\/iframe><\/p>\n<p><strong>Transporte:<\/strong><\/p>\n<p>Colectivos: 15, 28, 29, 57, 117, 130, 152<\/p>\n","protected":false},"excerpt":{"rendered":"<div class=\"mh-excerpt\">El Museo Malvinas e Islas del Atl\u00e1ntico Sur realizar\u00e1 una varias actividades con entrada libre y gratuita en conmemoraci\u00f3n del D\u00eda del Veterano y de los Ca\u00eddos en la Guerra.\u00a0 <a class=\"mh-excerpt-more\" href=\"https:\/\/www.comuna13online.com.ar\/?p=4886\" title=\"Actividades el 2 de abril en el Museo Malvinas Argentinas\">[&#8230;]<\/a><\/div>\n","protected":false},"author":1,"featured_media":4891,"comment_status":"closed","ping_status":"closed","sticky":false,"template":"","format":"standard","meta":{"_uag_custom_page_level_css":"","_jetpack_memberships_contains_paid_content":false,"footnotes":"","jetpack_publicize_message":"Actividades el 2 de abril en el Museo Malvinas Argentinas #MalvinasArgentinas #Malvinas37a\u00f1os","jetpack_publicize_feature_enabled":true,"jetpack_social_post_already_shared":true,"jetpack_social_options":{"image_generator_settings":{"template":"highway","default_image_id":0,"font":"","enabled":false},"version":2}},"categories":[76],"tags":[127],"class_list":{"0":"post-4886","1":"post","2":"type-post","3":"status-publish","4":"format-standard","5":"has-post-thumbnail","7":"category-museos","8":"tag-museos"},"jetpack_publicize_connections":[],"jetpack_featured_media_url":"https:\/\/www.comuna13online.com.ar\/wp-content\/uploads\/2019\/03\/20190401a.jpg","uagb_featured_image_src":{"full":["https:\/\/www.comuna13online.com.ar\/wp-content\/uploads\/2019\/03\/20190401a.jpg",1030,438,false],"thumbnail":["https:\/\/www.comuna13online.com.ar\/wp-content\/uploads\/2019\/03\/20190401a-150x150.jpg",96,96,true],"medium":["https:\/\/www.comuna13online.com.ar\/wp-content\/uploads\/2019\/03\/20190401a-678x288.jpg",678,288,true],"medium_large":["https:\/\/www.comuna13online.com.ar\/wp-content\/uploads\/2019\/03\/20190401a-768x327.jpg",768,327,true],"large":["https:\/\/www.comuna13online.com.ar\/wp-content\/uploads\/2019\/03\/20190401a.jpg",1030,438,false],"1536x1536":["https:\/\/www.comuna13online.com.ar\/wp-content\/uploads\/2019\/03\/20190401a.jpg",1030,438,false],"2048x2048":["https:\/\/www.comuna13online.com.ar\/wp-content\/uploads\/2019\/03\/20190401a.jpg",1030,438,false],"mh-magazine-slider":["https:\/\/www.comuna13online.com.ar\/wp-content\/uploads\/2019\/03\/20190401a.jpg",1030,438,false],"mh-magazine-content":["https:\/\/www.comuna13online.com.ar\/wp-content\/uploads\/2019\/03\/20190401a-678x381.jpg",678,381,true],"mh-magazine-large":["https:\/\/www.comuna13online.com.ar\/wp-content\/uploads\/2019\/03\/20190401a-678x438.jpg",678,438,true],"mh-magazine-medium":["https:\/\/www.comuna13online.com.ar\/wp-content\/uploads\/2019\/03\/20190401a-326x245.jpg",326,245,true],"mh-magazine-small":["https:\/\/www.comuna13online.com.ar\/wp-content\/uploads\/2019\/03\/20190401a-80x60.jpg",80,60,true],"sow-carousel-default":["https:\/\/www.comuna13online.com.ar\/wp-content\/uploads\/2019\/03\/20190401a-272x182.jpg",272,182,true]},"uagb_author_info":{"display_name":"Comuna13","author_link":"https:\/\/www.comuna13online.com.ar\/?author=1"},"uagb_comment_info":0,"uagb_excerpt":"El Museo Malvinas e Islas del Atl\u00e1ntico Sur realizar\u00e1 una varias actividades con entrada libre y gratuita en conmemoraci\u00f3n del D\u00eda del Veterano y de los Ca\u00eddos en la Guerra.\u00a0 [...]","jetpack_sharing_enabled":true,"_links":{"self":[{"href":"https:\/\/www.comuna13online.com.ar\/index.php?rest_route=\/wp\/v2\/posts\/4886","targetHints":{"allow":["GET"]}}],"collection":[{"href":"https:\/\/www.comuna13online.com.ar\/index.php?rest_route=\/wp\/v2\/posts"}],"about":[{"href":"https:\/\/www.comuna13online.com.ar\/index.php?rest_route=\/wp\/v2\/types\/post"}],"author":[{"embeddable":true,"href":"https:\/\/www.comuna13online.com.ar\/index.php?rest_route=\/wp\/v2\/users\/1"}],"replies":[{"embeddable":true,"href":"https:\/\/www.comuna13online.com.ar\/index.php?rest_route=%2Fwp%2Fv2%2Fcomments&post=4886"}],"version-history":[{"count":0,"href":"https:\/\/www.comuna13online.com.ar\/index.php?rest_route=\/wp\/v2\/posts\/4886\/revisions"}],"wp:featuredmedia":[{"embeddable":true,"href":"https:\/\/www.comuna13online.com.ar\/index.php?rest_route=\/wp\/v2\/media\/4891"}],"wp:attachment":[{"href":"https:\/\/www.comuna13online.com.ar\/index.php?rest_route=%2Fwp%2Fv2%2Fmedia&parent=4886"}],"wp:term":[{"taxonomy":"category","embeddable":true,"href":"https:\/\/www.comuna13online.com.ar\/index.php?rest_route=%2Fwp%2Fv2%2Fcategories&post=4886"},{"taxonomy":"post_tag","embeddable":true,"href":"https:\/\/www.comuna13online.com.ar\/index.php?rest_route=%2Fwp%2Fv2%2Ftags&post=4886"}],"curies":[{"name":"wp","href":"https:\/\/api.w.org\/{rel}","templated":true}]}}