{"id":4878,"date":"2019-03-31T11:38:24","date_gmt":"2019-03-31T14:38:24","guid":{"rendered":"http:\/\/www.comuna13online.com.ar\/?p=4878"},"modified":"2019-03-31T11:38:24","modified_gmt":"2019-03-31T14:38:24","slug":"tras-el-incremento-de-shell-ypf-aumento-sus-naftas-un-45","status":"publish","type":"post","link":"https:\/\/www.comuna13online.com.ar\/?p=4878","title":{"rendered":"Tras el incremento de Shell, YPF aument\u00f3 sus naftas un 4,5%"},"content":{"rendered":"<p><strong>A pesar de que el ajuste en los precios ser\u00eda ma\u00f1ana, de la petrolera estatal se adelant\u00f3 y lo aplic\u00f3 partir de hoy. La nafta super pas\u00f3 a costar \u00a0$40,43.<\/strong><\/p>\n<p><img loading=\"lazy\" decoding=\"async\" data-attachment-id=\"4880\" data-permalink=\"https:\/\/www.comuna13online.com.ar\/?attachment_id=4880\" data-orig-file=\"https:\/\/www.comuna13online.com.ar\/wp-content\/uploads\/2019\/03\/20190331a1.jpg\" data-orig-size=\"678,381\" data-comments-opened=\"0\" data-image-meta=\"{&quot;aperture&quot;:&quot;0&quot;,&quot;credit&quot;:&quot;&quot;,&quot;camera&quot;:&quot;&quot;,&quot;caption&quot;:&quot;&quot;,&quot;created_timestamp&quot;:&quot;0&quot;,&quot;copyright&quot;:&quot;&quot;,&quot;focal_length&quot;:&quot;0&quot;,&quot;iso&quot;:&quot;0&quot;,&quot;shutter_speed&quot;:&quot;0&quot;,&quot;title&quot;:&quot;&quot;,&quot;orientation&quot;:&quot;0&quot;}\" data-image-title=\"20190331a1\" data-image-description=\"\" data-image-caption=\"\" data-large-file=\"https:\/\/www.comuna13online.com.ar\/wp-content\/uploads\/2019\/03\/20190331a1.jpg\" class=\"alignnone size-full wp-image-4880\" src=\"http:\/\/www.comuna13online.com.ar\/wp-content\/uploads\/2019\/03\/20190331a1.jpg\" alt=\"\" width=\"678\" height=\"381\" \/><\/p>\n<p>Luego de que la petrolera Shell elev\u00f3 el precio de sus combustibles en un 9,5% promedio, YPF decidi\u00f3 adelantar este domingo sus naftas un 4,5% y el gasoil un 4,89%, por lo que en la Ciudad de Buenos Aires, el litro de nafta s\u00faper pas\u00f3 a costar $40,43; la premium o infinia $46,65 y el gasoil, a $37,94 e Infinia Diesel $44,40.<\/p>\n<p>La petrolera estatal emiti\u00f3 un comunicado para justificar el incremento \u00abLos aumentos reflejan el efecto de variables clave para la conformaci\u00f3n de los precios, como son el aumento en el ICL (Impuesto al Combustible) e IDC, el tipo de cambio y las variaciones en el precio del Brent\u00bb, dice.<\/p>\n<p>El comunicado tambi\u00e9n resalta la ca\u00edda del consumo del 6,3% en el \u00faltimo semestre, por lo que argumenta que con este incremento se busca \u00abadecuar din\u00e1micamente sus precios en los \u00faltimos meses, a fin de atenuar el impacto de los aumentos en el consumo de naftas y gasoil\u00bb.<\/p>\n<p>Adem\u00e1s, indicaron que \u00ablos precios de referencia de Capital pueden varias seg\u00fan las zonas, debido a los costos de distribuci\u00f3n para abastecer las diferentes provincias\u00bb.<\/p>\n<div align=\"center\">\n<blockquote class=\"twitter-tweet\" data-lang=\"es\">\n<p dir=\"ltr\" lang=\"es\">la nafta en el 2013.. lloremos juntos <a href=\"https:\/\/t.co\/mpxRtK4KD7\">pic.twitter.com\/mpxRtK4KD7<\/a><\/p>\n<p>\u2014 chano (@chanevitter) <a href=\"https:\/\/twitter.com\/chanevitter\/status\/1110908180698202118?ref_src=twsrc%5Etfw\">27 de marzo de 2019<\/a><\/p><\/blockquote>\n<p><script async src=\"https:\/\/platform.twitter.com\/widgets.js\" charset=\"utf-8\"><\/script><\/p>\n<\/div>\n<p>Este se trata del tercer aumento implementado por YPF en lo que va de 2019, el \u00faltimo hab\u00eda sido a principios de marzo un 2,8% en promedio y el primero fue de 1,6% el 4 de febrero. En el primer mes del a\u00f1o la petrolera aplic\u00f3 una baja en sus naftas de 1,5% pero aumento el precio del gasoil en 3%.<\/p>\n<p>El viernes Shell hab\u00eda anunciado un aumento del 9,5% promedio en sus combustibles en todo el pa\u00eds, con este aumento en nustra ciudad, la nafta V-Power nafta pas\u00f3 a costar $49.98 y la Formula S\u00faper $43.36, en tanto que los combustibles Diesel pasaron a costar,\u00a0 el VPower $47.98 y la F\u00f3rmula Diesel a $ 41.39.<\/p>\n<p>&nbsp;<\/p>\n<div align=\"center\">\n<blockquote class=\"twitter-tweet\" data-lang=\"es\">\n<p dir=\"ltr\" lang=\"es\">Aumenta el gas&#8230;<br \/>\nAumenta la nafta&#8230;<br \/>\nAumentan las prepagas&#8230;<br \/>\nAumenta el subte&#8230;<br \/>\nAument\u00f3 la pobreza&#8230;<br \/>\nAument\u00f3 la indigencia&#8230;<\/p>\n<p>De qu\u00e9 se r\u00eden ???<a href=\"https:\/\/twitter.com\/hashtag\/HayOtroCamino?src=hash&amp;ref_src=twsrc%5Etfw\">#HayOtroCamino<\/a> <a href=\"https:\/\/twitter.com\/hashtag\/CaminoALaVictoria?src=hash&amp;ref_src=twsrc%5Etfw\">#CaminoALaVictoria<\/a> <a href=\"https:\/\/t.co\/EsOPKHrD4y\">pic.twitter.com\/EsOPKHrD4y<\/a><\/p>\n<p>\u2014 Victoria Tolosa Paz (@vtolosapaz) <a href=\"https:\/\/twitter.com\/vtolosapaz\/status\/1112124478140624896?ref_src=twsrc%5Etfw\">30 de marzo de 2019<\/a><\/p><\/blockquote>\n<p><script async src=\"https:\/\/platform.twitter.com\/widgets.js\" charset=\"utf-8\"><\/script><\/p>\n<\/div>\n","protected":false},"excerpt":{"rendered":"<div class=\"mh-excerpt\">A pesar de que el ajuste en los precios ser\u00eda ma\u00f1ana, de la petrolera estatal se adelant\u00f3 y lo aplic\u00f3 partir de hoy. La nafta super pas\u00f3 a costar \u00a0$40,43. <a class=\"mh-excerpt-more\" href=\"https:\/\/www.comuna13online.com.ar\/?p=4878\" title=\"Tras el incremento de Shell, YPF aument\u00f3 sus naftas un 4,5%\">[&#8230;]<\/a><\/div>\n","protected":false},"author":1,"featured_media":4879,"comment_status":"closed","ping_status":"closed","sticky":false,"template":"","format":"standard","meta":{"_uag_custom_page_level_css":"","_jetpack_memberships_contains_paid_content":false,"footnotes":"","jetpack_publicize_message":"","jetpack_publicize_feature_enabled":true,"jetpack_social_post_already_shared":true,"jetpack_social_options":{"image_generator_settings":{"template":"highway","default_image_id":0,"font":"","enabled":false},"version":2}},"categories":[61],"tags":[25,56],"class_list":{"0":"post-4878","1":"post","2":"type-post","3":"status-publish","4":"format-standard","5":"has-post-thumbnail","7":"category-tarifas","8":"tag-inflacion","9":"tag-tarifas"},"jetpack_publicize_connections":[],"jetpack_featured_media_url":"https:\/\/www.comuna13online.com.ar\/wp-content\/uploads\/2019\/03\/20190331a.jpg","uagb_featured_image_src":{"full":["https:\/\/www.comuna13online.com.ar\/wp-content\/uploads\/2019\/03\/20190331a.jpg",1030,438,false],"thumbnail":["https:\/\/www.comuna13online.com.ar\/wp-content\/uploads\/2019\/03\/20190331a-150x150.jpg",96,96,true],"medium":["https:\/\/www.comuna13online.com.ar\/wp-content\/uploads\/2019\/03\/20190331a-678x288.jpg",678,288,true],"medium_large":["https:\/\/www.comuna13online.com.ar\/wp-content\/uploads\/2019\/03\/20190331a-768x327.jpg",768,327,true],"large":["https:\/\/www.comuna13online.com.ar\/wp-content\/uploads\/2019\/03\/20190331a.jpg",1030,438,false],"1536x1536":["https:\/\/www.comuna13online.com.ar\/wp-content\/uploads\/2019\/03\/20190331a.jpg",1030,438,false],"2048x2048":["https:\/\/www.comuna13online.com.ar\/wp-content\/uploads\/2019\/03\/20190331a.jpg",1030,438,false],"mh-magazine-slider":["https:\/\/www.comuna13online.com.ar\/wp-content\/uploads\/2019\/03\/20190331a.jpg",1030,438,false],"mh-magazine-content":["https:\/\/www.comuna13online.com.ar\/wp-content\/uploads\/2019\/03\/20190331a-678x381.jpg",678,381,true],"mh-magazine-large":["https:\/\/www.comuna13online.com.ar\/wp-content\/uploads\/2019\/03\/20190331a-678x438.jpg",678,438,true],"mh-magazine-medium":["https:\/\/www.comuna13online.com.ar\/wp-content\/uploads\/2019\/03\/20190331a-326x245.jpg",326,245,true],"mh-magazine-small":["https:\/\/www.comuna13online.com.ar\/wp-content\/uploads\/2019\/03\/20190331a-80x60.jpg",80,60,true],"sow-carousel-default":["https:\/\/www.comuna13online.com.ar\/wp-content\/uploads\/2019\/03\/20190331a-272x182.jpg",272,182,true]},"uagb_author_info":{"display_name":"Comuna13","author_link":"https:\/\/www.comuna13online.com.ar\/?author=1"},"uagb_comment_info":0,"uagb_excerpt":"A pesar de que el ajuste en los precios ser\u00eda ma\u00f1ana, de la petrolera estatal se adelant\u00f3 y lo aplic\u00f3 partir de hoy. La nafta super pas\u00f3 a costar \u00a0$40,43. [...]","jetpack_sharing_enabled":true,"_links":{"self":[{"href":"https:\/\/www.comuna13online.com.ar\/index.php?rest_route=\/wp\/v2\/posts\/4878","targetHints":{"allow":["GET"]}}],"collection":[{"href":"https:\/\/www.comuna13online.com.ar\/index.php?rest_route=\/wp\/v2\/posts"}],"about":[{"href":"https:\/\/www.comuna13online.com.ar\/index.php?rest_route=\/wp\/v2\/types\/post"}],"author":[{"embeddable":true,"href":"https:\/\/www.comuna13online.com.ar\/index.php?rest_route=\/wp\/v2\/users\/1"}],"replies":[{"embeddable":true,"href":"https:\/\/www.comuna13online.com.ar\/index.php?rest_route=%2Fwp%2Fv2%2Fcomments&post=4878"}],"version-history":[{"count":0,"href":"https:\/\/www.comuna13online.com.ar\/index.php?rest_route=\/wp\/v2\/posts\/4878\/revisions"}],"wp:featuredmedia":[{"embeddable":true,"href":"https:\/\/www.comuna13online.com.ar\/index.php?rest_route=\/wp\/v2\/media\/4879"}],"wp:attachment":[{"href":"https:\/\/www.comuna13online.com.ar\/index.php?rest_route=%2Fwp%2Fv2%2Fmedia&parent=4878"}],"wp:term":[{"taxonomy":"category","embeddable":true,"href":"https:\/\/www.comuna13online.com.ar\/index.php?rest_route=%2Fwp%2Fv2%2Fcategories&post=4878"},{"taxonomy":"post_tag","embeddable":true,"href":"https:\/\/www.comuna13online.com.ar\/index.php?rest_route=%2Fwp%2Fv2%2Ftags&post=4878"}],"curies":[{"name":"wp","href":"https:\/\/api.w.org\/{rel}","templated":true}]}}