{"id":4876,"date":"2019-04-09T07:00:02","date_gmt":"2019-04-09T10:00:02","guid":{"rendered":"http:\/\/www.comuna13online.com.ar\/?p=4876"},"modified":"2019-09-14T10:21:56","modified_gmt":"2019-09-14T13:21:56","slug":"desde-hoy-el-pasaje-de-subte-cuesta-19-pesos","status":"publish","type":"post","link":"https:\/\/www.comuna13online.com.ar\/?p=4876","title":{"rendered":"Desde hoy el pasaje de subte cuesta 19 pesos"},"content":{"rendered":"<p><strong>Tras la aprobaci\u00f3n del Gobierno de la Ciudad al pedido de Metrov\u00edas y SBASE sobre la tarifa del subte, el viaje pas\u00f3 a costar hoy $19, y en mayo $21.<\/strong><\/p>\n<p><img loading=\"lazy\" decoding=\"async\" data-attachment-id=\"4881\" data-permalink=\"https:\/\/www.comuna13online.com.ar\/?attachment_id=4881\" data-orig-file=\"https:\/\/www.comuna13online.com.ar\/wp-content\/uploads\/2019\/03\/subte1.jpg\" data-orig-size=\"678,451\" data-comments-opened=\"0\" data-image-meta=\"{&quot;aperture&quot;:&quot;0&quot;,&quot;credit&quot;:&quot;&quot;,&quot;camera&quot;:&quot;&quot;,&quot;caption&quot;:&quot;&quot;,&quot;created_timestamp&quot;:&quot;0&quot;,&quot;copyright&quot;:&quot;&quot;,&quot;focal_length&quot;:&quot;0&quot;,&quot;iso&quot;:&quot;0&quot;,&quot;shutter_speed&quot;:&quot;0&quot;,&quot;title&quot;:&quot;&quot;,&quot;orientation&quot;:&quot;0&quot;}\" data-image-title=\"subte1\" data-image-description=\"\" data-image-caption=\"\" data-large-file=\"https:\/\/www.comuna13online.com.ar\/wp-content\/uploads\/2019\/03\/subte1-658x438.jpg\" class=\"alignnone size-full wp-image-4881\" src=\"http:\/\/www.comuna13online.com.ar\/wp-content\/uploads\/2019\/03\/subte1.jpg\" alt=\"\" width=\"678\" height=\"451\" srcset=\"https:\/\/www.comuna13online.com.ar\/wp-content\/uploads\/2019\/03\/subte1.jpg 678w, https:\/\/www.comuna13online.com.ar\/wp-content\/uploads\/2019\/03\/subte1-658x438.jpg 658w, https:\/\/www.comuna13online.com.ar\/wp-content\/uploads\/2019\/03\/subte1-272x182.jpg 272w\" sizes=\"auto, (max-width: 678px) 100vw, 678px\" \/><\/p>\n<p>A partir de hoy el servicio de subterr\u00e1neo sufrir\u00e1 el tercer aumento en lo que va del a\u00f1o, y el pasaje pas\u00f3 a costar $ de 16,50 a 19 pesos, recordemos que el 15 de febrero pas\u00f3 de 13,50 a 16,50.<\/p>\n<p>No ser\u00e1 el \u00faltimo aumento, ya que en mayo el viaje volver\u00e1 a incrementarse y pasar\u00e1 a costar 21 pesos, el Gobierno de Horacio Rodr\u00edguez Larreta accedi\u00f3 sin objeciones al pedido de la empresa concesionaria del subte Metrov\u00edas y Subterr\u00e1neos de Buenos Aires al porcentaje de aumento de la tarifa.<\/p>\n<p>En la audiencia p\u00fablica realizada el 14 de marzo pasado bajo un fuerte operativo policial, Eduardo de Montmollin, presidente de Subterr\u00e1neos de Buenos Aires justific\u00f3 el tarifazo por el incremento de los costos operativos y la necesidad de reducir los subsidios, un relato ya conocido y no justificado en n\u00fameros ya que los datos sobre el costo de la tarifa t\u00e9cnica no son del todo claros, aunque el valor de dicha tarifa t\u00e9cnica seg\u00fan Subterr\u00e1neos de Buenos Aires es de $ 23.<\/p>\n<p>Con el pr\u00f3ximo incremento a 21 pesos en mayo, el incremento acumulado en 12 meses ser\u00e1 de un 180% y a\u00fan no existe confirmaci\u00f3n de que sea el \u00faltimo ajuste en 2019, reci\u00e9n lo sabremos una vez que conozcamos qui\u00e9n presidir\u00e1 el pa\u00eds y qui\u00e9n la Ciudad a partir del pr\u00f3ximo 10 de diciembre, ya que ser\u00eda muy ingenuo anunciar m\u00e1s aumentos antes de las elecciones.<\/p>\n<p>El nuevo tarifazo\u00a0 tuvo un fuerte rechazo de parte de la mayor\u00eda de los expositores, entre ellos el Defensor Adjunto Arturo Pozzali y Federico Conditi, Director de Transporte y Telecomunicaciones de la Defensor\u00eda del Pueblo ; Roberto Pianelli, Secretario General de la Asociaci\u00f3n Gremial de Trabajadores de Subte y Premetro (AGTSyP), y el delegado Claudio Dellecarbonara, Cecilia Segura Rattagan, Auditora de la Ciudad de Buenos Aires, y tambi\u00e9n participaron varios legisladores porte\u00f1os de la oposici\u00f3n, como Mariano Recalde de Unidad Ciudadana, Patricio del Corro (PTS\/Frente de Izquierda), Gabriel Solano (PO\/Frente de Izquierda), entre otros.<\/p>\n<p>Se mantienen los viajes gratis a los beneficiarios del boleto estudiantil y de los pases para jubilados y pensionados, personas con discapacidad y personas trasplantadas o en lista de espera.<\/p>\n<p>Los usuarios del subte se volcaron nuevamente a las redes para expresar su enojo, algunos por el p\u00e9simo servicio que se brinda y otros porque ya les resulta imposible costear el costo del transporte a causa de la inflaci\u00f3n y la perdida del poder adquisitivo del salario.<\/p>\n<p>&nbsp;<\/p>\n<div align=\"center\">\n<blockquote class=\"twitter-tweet\" data-lang=\"es\">\n<p dir=\"ltr\" lang=\"es\">El <a href=\"https:\/\/twitter.com\/hashtag\/subte?src=hash&amp;ref_src=twsrc%5Etfw\">#subte<\/a> sube a $ 19 y habr\u00e1 que pagar aunque funcione cada vez peor. <a href=\"https:\/\/twitter.com\/hashtag\/HartosDelTarifazo?src=hash&amp;ref_src=twsrc%5Etfw\">#HartosDelTarifazo<\/a> ? <a href=\"https:\/\/t.co\/bMVi8uUzv0\">https:\/\/t.co\/bMVi8uUzv0<\/a><\/p>\n<p>\u2014 Cafardo Miguel \u00c1ngel (@CafardoMiguel) <a href=\"https:\/\/twitter.com\/CafardoMiguel\/status\/1115285340145815552?ref_src=twsrc%5Etfw\">8 de abril de 2019<\/a><\/p><\/blockquote>\n<p><script async src=\"https:\/\/platform.twitter.com\/widgets.js\" charset=\"utf-8\"><\/script><\/p>\n<\/div>\n<p>&nbsp;<\/p>\n<div align=\"center\">\n<blockquote class=\"twitter-tweet\" data-lang=\"es\">\n<p dir=\"ltr\" lang=\"es\">Asi funciona el servicio de <a href=\"https:\/\/twitter.com\/hashtag\/Subte?src=hash&amp;ref_src=twsrc%5Etfw\">#Subte<\/a> de <a href=\"https:\/\/twitter.com\/Metrovias?ref_src=twsrc%5Etfw\">@Metrovias<\/a> un s\u00e1bado a esta hora, boleto a 20 con servicio de 0,80. Una verguenza el <a href=\"https:\/\/twitter.com\/gcba?ref_src=twsrc%5Etfw\">@gcba<\/a> <a href=\"https:\/\/t.co\/SgZBEhY7sz\">pic.twitter.com\/SgZBEhY7sz<\/a><\/p>\n<p>\u2014 \u0274\u026a\u0308\u1d04\u1d0f\u26a1? (@villadonde) <a href=\"https:\/\/twitter.com\/villadonde\/status\/1114653677376110592?ref_src=twsrc%5Etfw\">6 de abril de 2019<\/a><\/p><\/blockquote>\n<p><script async src=\"https:\/\/platform.twitter.com\/widgets.js\" charset=\"utf-8\"><\/script><\/p>\n<\/div>\n<p>&nbsp;<\/p>\n<div align=\"center\">\n<blockquote class=\"twitter-tweet\" data-lang=\"es\">\n<p dir=\"ltr\" lang=\"es\">As\u00ed todos los dias. Totalmente inseguro y pat\u00e9tico <a href=\"https:\/\/twitter.com\/hashtag\/subte?src=hash&amp;ref_src=twsrc%5Etfw\">#subte<\/a> <a href=\"https:\/\/t.co\/1ec3FB7aHw\">pic.twitter.com\/1ec3FB7aHw<\/a><\/p>\n<p>\u2014 Gaby Reich (@GabyReich) <a href=\"https:\/\/twitter.com\/GabyReich\/status\/1113423646293360642?ref_src=twsrc%5Etfw\">3 de abril de 2019<\/a><\/p><\/blockquote>\n<p><script async src=\"https:\/\/platform.twitter.com\/widgets.js\" charset=\"utf-8\"><\/script><\/p>\n<\/div>\n<p>&nbsp;<\/p>\n","protected":false},"excerpt":{"rendered":"<div class=\"mh-excerpt\">Tras la aprobaci\u00f3n del Gobierno de la Ciudad al pedido de Metrov\u00edas y SBASE sobre la tarifa del subte, el viaje pas\u00f3 a costar hoy $19, y en mayo $21. <a class=\"mh-excerpt-more\" href=\"https:\/\/www.comuna13online.com.ar\/?p=4876\" title=\"Desde hoy el pasaje de subte cuesta 19 pesos\">[&#8230;]<\/a><\/div>\n","protected":false},"author":1,"featured_media":4882,"comment_status":"closed","ping_status":"closed","sticky":false,"template":"","format":"standard","meta":{"_uag_custom_page_level_css":"","_jetpack_memberships_contains_paid_content":false,"footnotes":"","jetpack_publicize_message":"Desde hoy el pasaje de subte cuesta 19 pesos #Subte #Tarifazo #Inflacion #HartosDelTarifazo","jetpack_publicize_feature_enabled":true,"jetpack_social_post_already_shared":true,"jetpack_social_options":{"image_generator_settings":{"template":"highway","default_image_id":0,"font":"","enabled":false},"version":2}},"categories":[61],"tags":[25,16,56,15],"class_list":{"0":"post-4876","1":"post","2":"type-post","3":"status-publish","4":"format-standard","5":"has-post-thumbnail","7":"category-tarifas","8":"tag-inflacion","9":"tag-subte","10":"tag-tarifas","11":"tag-transporte"},"jetpack_publicize_connections":[],"jetpack_featured_media_url":"https:\/\/www.comuna13online.com.ar\/wp-content\/uploads\/2019\/03\/subte2.jpg","uagb_featured_image_src":{"full":["https:\/\/www.comuna13online.com.ar\/wp-content\/uploads\/2019\/03\/subte2.jpg",1030,438,false],"thumbnail":["https:\/\/www.comuna13online.com.ar\/wp-content\/uploads\/2019\/03\/subte2-150x150.jpg",96,96,true],"medium":["https:\/\/www.comuna13online.com.ar\/wp-content\/uploads\/2019\/03\/subte2-678x288.jpg",678,288,true],"medium_large":["https:\/\/www.comuna13online.com.ar\/wp-content\/uploads\/2019\/03\/subte2-768x327.jpg",768,327,true],"large":["https:\/\/www.comuna13online.com.ar\/wp-content\/uploads\/2019\/03\/subte2.jpg",1030,438,false],"1536x1536":["https:\/\/www.comuna13online.com.ar\/wp-content\/uploads\/2019\/03\/subte2.jpg",1030,438,false],"2048x2048":["https:\/\/www.comuna13online.com.ar\/wp-content\/uploads\/2019\/03\/subte2.jpg",1030,438,false],"mh-magazine-slider":["https:\/\/www.comuna13online.com.ar\/wp-content\/uploads\/2019\/03\/subte2.jpg",1030,438,false],"mh-magazine-content":["https:\/\/www.comuna13online.com.ar\/wp-content\/uploads\/2019\/03\/subte2-678x381.jpg",678,381,true],"mh-magazine-large":["https:\/\/www.comuna13online.com.ar\/wp-content\/uploads\/2019\/03\/subte2-678x438.jpg",678,438,true],"mh-magazine-medium":["https:\/\/www.comuna13online.com.ar\/wp-content\/uploads\/2019\/03\/subte2-326x245.jpg",326,245,true],"mh-magazine-small":["https:\/\/www.comuna13online.com.ar\/wp-content\/uploads\/2019\/03\/subte2-80x60.jpg",80,60,true],"sow-carousel-default":["https:\/\/www.comuna13online.com.ar\/wp-content\/uploads\/2019\/03\/subte2-272x182.jpg",272,182,true]},"uagb_author_info":{"display_name":"Comuna13","author_link":"https:\/\/www.comuna13online.com.ar\/?author=1"},"uagb_comment_info":0,"uagb_excerpt":"Tras la aprobaci\u00f3n del Gobierno de la Ciudad al pedido de Metrov\u00edas y SBASE sobre la tarifa del subte, el viaje pas\u00f3 a costar hoy $19, y en mayo $21. [...]","jetpack_sharing_enabled":true,"_links":{"self":[{"href":"https:\/\/www.comuna13online.com.ar\/index.php?rest_route=\/wp\/v2\/posts\/4876","targetHints":{"allow":["GET"]}}],"collection":[{"href":"https:\/\/www.comuna13online.com.ar\/index.php?rest_route=\/wp\/v2\/posts"}],"about":[{"href":"https:\/\/www.comuna13online.com.ar\/index.php?rest_route=\/wp\/v2\/types\/post"}],"author":[{"embeddable":true,"href":"https:\/\/www.comuna13online.com.ar\/index.php?rest_route=\/wp\/v2\/users\/1"}],"replies":[{"embeddable":true,"href":"https:\/\/www.comuna13online.com.ar\/index.php?rest_route=%2Fwp%2Fv2%2Fcomments&post=4876"}],"version-history":[{"count":0,"href":"https:\/\/www.comuna13online.com.ar\/index.php?rest_route=\/wp\/v2\/posts\/4876\/revisions"}],"wp:featuredmedia":[{"embeddable":true,"href":"https:\/\/www.comuna13online.com.ar\/index.php?rest_route=\/wp\/v2\/media\/4882"}],"wp:attachment":[{"href":"https:\/\/www.comuna13online.com.ar\/index.php?rest_route=%2Fwp%2Fv2%2Fmedia&parent=4876"}],"wp:term":[{"taxonomy":"category","embeddable":true,"href":"https:\/\/www.comuna13online.com.ar\/index.php?rest_route=%2Fwp%2Fv2%2Fcategories&post=4876"},{"taxonomy":"post_tag","embeddable":true,"href":"https:\/\/www.comuna13online.com.ar\/index.php?rest_route=%2Fwp%2Fv2%2Ftags&post=4876"}],"curies":[{"name":"wp","href":"https:\/\/api.w.org\/{rel}","templated":true}]}}