{"id":4799,"date":"2020-03-21T11:00:29","date_gmt":"2020-03-21T14:00:29","guid":{"rendered":"http:\/\/www.comuna13online.com.ar\/?p=4799"},"modified":"2020-03-24T13:52:19","modified_gmt":"2020-03-24T16:52:19","slug":"hoy-se-conmemora-el-dia-mundial-del-sindrome-de-down-2","status":"publish","type":"post","link":"https:\/\/www.comuna13online.com.ar\/?p=4799","title":{"rendered":"Hoy se conmemora el D\u00eda Mundial del S\u00edndrome de Down"},"content":{"rendered":"<p><strong>Lo estableci\u00f3 Naciones Unidas en 2011 donde remarca el derecho a disfrutar de una vida plena y digna,\u00a0fomentar su\u00a0<\/strong><strong>autonom\u00eda y facilitar su participaci\u00f3n activa en la comunidad.<\/strong><\/p>\n<p><img loading=\"lazy\" decoding=\"async\" data-attachment-id=\"945\" data-permalink=\"https:\/\/www.comuna13online.com.ar\/?attachment_id=945\" data-orig-file=\"https:\/\/www.comuna13online.com.ar\/wp-content\/uploads\/2018\/03\/20180321b1.jpg\" data-orig-size=\"677,435\" data-comments-opened=\"0\" data-image-meta=\"{&quot;aperture&quot;:&quot;0&quot;,&quot;credit&quot;:&quot;&quot;,&quot;camera&quot;:&quot;&quot;,&quot;caption&quot;:&quot;&quot;,&quot;created_timestamp&quot;:&quot;0&quot;,&quot;copyright&quot;:&quot;&quot;,&quot;focal_length&quot;:&quot;0&quot;,&quot;iso&quot;:&quot;0&quot;,&quot;shutter_speed&quot;:&quot;0&quot;,&quot;title&quot;:&quot;&quot;,&quot;orientation&quot;:&quot;0&quot;}\" data-image-title=\"20180321b1\" data-image-description=\"\" data-image-caption=\"\" data-large-file=\"https:\/\/www.comuna13online.com.ar\/wp-content\/uploads\/2018\/03\/20180321b1.jpg\" class=\"alignnone size-full wp-image-945\" src=\"http:\/\/www.comuna13online.com.ar\/wp-content\/uploads\/2018\/03\/20180321b1.jpg\" alt=\"\" width=\"677\" height=\"435\" \/><\/p>\n<p>El\u00a0s\u00edndrome de Down\u00a0es una combinaci\u00f3n cromos\u00f3mica natural que siempre ha formado parte de la condici\u00f3n humana, existe en todas las regiones del mundo y habitualmente tiene efectos variables en los estilos de aprendizaje, las caracter\u00edsticas f\u00edsicas o la salud.<\/p>\n<p>El acceso adecuado a la atenci\u00f3n de la salud, a los programas de intervenci\u00f3n temprana y a la ense\u00f1anza inclusiva, as\u00ed como la investigaci\u00f3n adecuada, son vitales para el crecimiento y el desarrollo de la persona.<\/p>\n<p>El 19 de diciembre de 2011, la Asamblea General de las Naciones Unidas design\u00f3 a trav\u00e9s de la Resoluci\u00f3n 66\/149 el 21 de marzo\u00a0D\u00eda Mundial del S\u00edndrome de Down.<\/p>\n<p>Con esta celebraci\u00f3n, la Asamblea General quiere aumentar la conciencia p\u00fablica sobre la cuesti\u00f3n y recordar la dignidad inherente, la val\u00eda y las valiosas contribuciones de las personas con discapacidad intelectual como promotores del bienestar y de la diversidad de sus comunidades. Tambi\u00e9n quiere resaltar la importancia de su autonom\u00eda e independencia individual, en particular la libertad de tomar sus propias decisiones.<\/p>\n<div align=\"center\">\n<blockquote class=\"twitter-tweet\" data-lang=\"es\">\n<p dir=\"ltr\" lang=\"es\">? 21 de marzo: D\u00eda Mundial de las Personas con S\u00edndrome de Down<a href=\"https:\/\/twitter.com\/hashtag\/DiaMundialdelSindromedeDown?src=hash&amp;ref_src=twsrc%5Etfw\">#DiaMundialdelSindromedeDown<\/a> <a href=\"https:\/\/twitter.com\/hashtag\/Perfilesdeinclusion?src=hash&amp;ref_src=twsrc%5Etfw\">#Perfilesdeinclusion<\/a> <a href=\"https:\/\/twitter.com\/hashtag\/linkedin?src=hash&amp;ref_src=twsrc%5Etfw\">#linkedin<\/a> <a href=\"https:\/\/t.co\/gO6VXPINqU\">pic.twitter.com\/gO6VXPINqU<\/a><\/p>\n<p>\u2014 ?ASDRA S\u00edndromeDown (@sindromedown) <a href=\"https:\/\/twitter.com\/sindromedown\/status\/1108712314059059200?ref_src=twsrc%5Etfw\">21 de marzo de 2019<\/a><\/p><\/blockquote>\n<p><script async src=\"https:\/\/platform.twitter.com\/widgets.js\" charset=\"utf-8\"><\/script><\/p>\n<\/div>\n<p>La Resoluci\u00f3n del 2011 establece el 21 de marzo como el D\u00eda Internacional del S\u00edndrome de Down y en su resoluci\u00f3n argumenta:<\/p>\n<p>La Asamblea General,<br \/>\nRecordando el Documento Final de la Cumbre Mundial 2005\u00a0y la Declaraci\u00f3n del Milenio, as\u00ed como los resultados de las grandes conferencias y cumbres de las Naciones Unidas en las esferas econ\u00f3mica y social y otras esferas conexas.<\/p>\n<p>Recordando tambi\u00e9n la Convenci\u00f3n sobre los derechos de las personas con discapacidad, en virtud de la cual las personas con discapacidad deber\u00e1n disfrutar de una vida plena y digna, en condiciones que aseguren su dignidad, fomenten su autonom\u00eda y faciliten su participaci\u00f3n activa en la comunidad y su goce pleno de todos los derechos humanos y libertades fundamentales en igualdad de condiciones con las dem\u00e1s personas, y por la cual los Estados partes se comprometen a adoptar medidas inmediatas, efectivas y pertinentes para que toda la sociedad tome mayor<br \/>\nconciencia respecto de las personas con discapacidad.<\/p>\n<p>Afirmando que garantizar y promover la plena realizaci\u00f3n de todos los derechos humanos y libertades fundamentales de todas las personas con discapacidad es esencial para alcanzar los objetivos de desarrollo convenidos internacionalmente.<\/p>\n<p>Consciente de que el s\u00edndrome de Down es una combinaci\u00f3n cromos\u00f3mica natural que siempre ha formado parte de la condici\u00f3n humana, existe en todas las regiones del mundo y habitualmente tiene efectos variables en los estilos de<br \/>\naprendizaje, las caracter\u00edsticas f\u00edsicas o la salud.<\/p>\n<p>Recordando que el acceso adecuado a la atenci\u00f3n de la salud, a los programas de intervenci\u00f3n temprana y a la ense\u00f1anza inclusiva, as\u00ed como la investigaci\u00f3n adecuada, son vitales para el crecimiento y el desarrollo de la persona,<\/p>\n<p>Reconociendo la dignidad inherente, la val\u00eda y las valiosas contribuciones de las personas con discapacidad intelectual como promotores del bienestar y de la diversidad de sus comunidades, y la importancia de su autonom\u00eda e independencia individual, en particular la libertad de tomar sus propias decisiones.<\/p>\n<p>Resoluci\u00f3n aprobada por la Asamblea General el 19 de diciembre de 2011 en su 89\u00aa sesi\u00f3n plenaria.<\/p>\n<p>&nbsp;<\/p>\n<div align=\"center\">\n<blockquote class=\"twitter-tweet\" data-lang=\"es\">\n<p dir=\"ltr\" lang=\"es\"><a href=\"https:\/\/twitter.com\/hashtag\/BuenJueves?src=hash&amp;ref_src=twsrc%5Etfw\">#BuenJueves<\/a> Hoy es <a href=\"https:\/\/twitter.com\/hashtag\/DiaMundialdelSindromedeDown?src=hash&amp;ref_src=twsrc%5Etfw\">#DiaMundialdelSindromedeDown<\/a><br \/>\nLimita m\u00e1s un prejuicio que un cromosoma<br \/>\nBuenos dias Lucia buenos dia <a href=\"https:\/\/twitter.com\/FranBedini?ref_src=twsrc%5Etfw\">@FranBedini<\/a> . Gracias a ambos y a muchos otros por concientizar. Los quiero<a href=\"https:\/\/twitter.com\/hashtag\/DiferentesPeroIguales?src=hash&amp;ref_src=twsrc%5Etfw\">#DiferentesPeroIguales<\/a> <a href=\"https:\/\/twitter.com\/hashtag\/CalcetinesDesparejadosDM?src=hash&amp;ref_src=twsrc%5Etfw\">#CalcetinesDesparejadosDM<\/a> <a href=\"https:\/\/twitter.com\/hashtag\/Hablemosdesindromededown?src=hash&amp;ref_src=twsrc%5Etfw\">#Hablemosdesindromededown<\/a> <a href=\"https:\/\/t.co\/FKVw8FKva5\">pic.twitter.com\/FKVw8FKva5<\/a><\/p>\n<p>\u2014 Jorge Bombau (@yanquee) <a href=\"https:\/\/twitter.com\/yanquee\/status\/1108702900363104266?ref_src=twsrc%5Etfw\">21 de marzo de 2019<\/a><\/p><\/blockquote>\n<p><script async src=\"https:\/\/platform.twitter.com\/widgets.js\" charset=\"utf-8\"><\/script><\/p>\n<\/div>\n","protected":false},"excerpt":{"rendered":"<div class=\"mh-excerpt\">Lo estableci\u00f3 Naciones Unidas en 2011 donde remarca el derecho a disfrutar de una vida plena y digna,\u00a0fomentar su\u00a0autonom\u00eda y facilitar su participaci\u00f3n activa en la comunidad. El\u00a0s\u00edndrome de Down\u00a0es <a class=\"mh-excerpt-more\" href=\"https:\/\/www.comuna13online.com.ar\/?p=4799\" title=\"Hoy se conmemora el D\u00eda Mundial del S\u00edndrome de Down\">[&#8230;]<\/a><\/div>\n","protected":false},"author":1,"featured_media":946,"comment_status":"closed","ping_status":"closed","sticky":false,"template":"","format":"standard","meta":{"_uag_custom_page_level_css":"","_jetpack_memberships_contains_paid_content":false,"footnotes":"","jetpack_publicize_message":"Hoy se conmemora el D\u00eda Mundial del S\u00edndrome de Down #SindromeDeDown #TodosSomosDiferentes #DiferentesPeroIguales","jetpack_publicize_feature_enabled":true,"jetpack_social_post_already_shared":true,"jetpack_social_options":{"image_generator_settings":{"template":"highway","default_image_id":0,"font":"","enabled":false},"version":2}},"categories":[29],"tags":[131,246,250,34],"class_list":{"0":"post-4799","1":"post","2":"type-post","3":"status-publish","4":"format-standard","5":"has-post-thumbnail","7":"category-seguridad","8":"tag-derechos","9":"tag-h1","10":"tag-h2","11":"tag-sociedad"},"jetpack_publicize_connections":[],"jetpack_featured_media_url":"https:\/\/www.comuna13online.com.ar\/wp-content\/uploads\/2018\/03\/20180321b.jpg","uagb_featured_image_src":{"full":["https:\/\/www.comuna13online.com.ar\/wp-content\/uploads\/2018\/03\/20180321b.jpg",1030,438,false],"thumbnail":["https:\/\/www.comuna13online.com.ar\/wp-content\/uploads\/2018\/03\/20180321b-150x150.jpg",96,96,true],"medium":["https:\/\/www.comuna13online.com.ar\/wp-content\/uploads\/2018\/03\/20180321b-678x288.jpg",678,288,true],"medium_large":["https:\/\/www.comuna13online.com.ar\/wp-content\/uploads\/2018\/03\/20180321b-768x327.jpg",768,327,true],"large":["https:\/\/www.comuna13online.com.ar\/wp-content\/uploads\/2018\/03\/20180321b.jpg",1030,438,false],"1536x1536":["https:\/\/www.comuna13online.com.ar\/wp-content\/uploads\/2018\/03\/20180321b.jpg",1030,438,false],"2048x2048":["https:\/\/www.comuna13online.com.ar\/wp-content\/uploads\/2018\/03\/20180321b.jpg",1030,438,false],"mh-magazine-slider":["https:\/\/www.comuna13online.com.ar\/wp-content\/uploads\/2018\/03\/20180321b.jpg",1030,438,false],"mh-magazine-content":["https:\/\/www.comuna13online.com.ar\/wp-content\/uploads\/2018\/03\/20180321b-678x381.jpg",678,381,true],"mh-magazine-large":["https:\/\/www.comuna13online.com.ar\/wp-content\/uploads\/2018\/03\/20180321b-678x438.jpg",678,438,true],"mh-magazine-medium":["https:\/\/www.comuna13online.com.ar\/wp-content\/uploads\/2018\/03\/20180321b-326x245.jpg",326,245,true],"mh-magazine-small":["https:\/\/www.comuna13online.com.ar\/wp-content\/uploads\/2018\/03\/20180321b-80x60.jpg",80,60,true],"sow-carousel-default":["https:\/\/www.comuna13online.com.ar\/wp-content\/uploads\/2018\/03\/20180321b-272x182.jpg",272,182,true]},"uagb_author_info":{"display_name":"Comuna13","author_link":"https:\/\/www.comuna13online.com.ar\/?author=1"},"uagb_comment_info":0,"uagb_excerpt":"Lo estableci\u00f3 Naciones Unidas en 2011 donde remarca el derecho a disfrutar de una vida plena y digna,\u00a0fomentar su\u00a0autonom\u00eda y facilitar su participaci\u00f3n activa en la comunidad. El\u00a0s\u00edndrome de Down\u00a0es [...]","jetpack_sharing_enabled":true,"_links":{"self":[{"href":"https:\/\/www.comuna13online.com.ar\/index.php?rest_route=\/wp\/v2\/posts\/4799","targetHints":{"allow":["GET"]}}],"collection":[{"href":"https:\/\/www.comuna13online.com.ar\/index.php?rest_route=\/wp\/v2\/posts"}],"about":[{"href":"https:\/\/www.comuna13online.com.ar\/index.php?rest_route=\/wp\/v2\/types\/post"}],"author":[{"embeddable":true,"href":"https:\/\/www.comuna13online.com.ar\/index.php?rest_route=\/wp\/v2\/users\/1"}],"replies":[{"embeddable":true,"href":"https:\/\/www.comuna13online.com.ar\/index.php?rest_route=%2Fwp%2Fv2%2Fcomments&post=4799"}],"version-history":[{"count":0,"href":"https:\/\/www.comuna13online.com.ar\/index.php?rest_route=\/wp\/v2\/posts\/4799\/revisions"}],"wp:featuredmedia":[{"embeddable":true,"href":"https:\/\/www.comuna13online.com.ar\/index.php?rest_route=\/wp\/v2\/media\/946"}],"wp:attachment":[{"href":"https:\/\/www.comuna13online.com.ar\/index.php?rest_route=%2Fwp%2Fv2%2Fmedia&parent=4799"}],"wp:term":[{"taxonomy":"category","embeddable":true,"href":"https:\/\/www.comuna13online.com.ar\/index.php?rest_route=%2Fwp%2Fv2%2Fcategories&post=4799"},{"taxonomy":"post_tag","embeddable":true,"href":"https:\/\/www.comuna13online.com.ar\/index.php?rest_route=%2Fwp%2Fv2%2Ftags&post=4799"}],"curies":[{"name":"wp","href":"https:\/\/api.w.org\/{rel}","templated":true}]}}